{"id":743,"date":"2012-05-11T17:09:49","date_gmt":"2012-05-11T17:09:49","guid":{"rendered":"http:\/\/alqueriasegundociclo.wordpress.com\/?p=743"},"modified":"2012-05-11T17:09:49","modified_gmt":"2012-05-11T17:09:49","slug":"los-dragones","status":"publish","type":"post","link":"https:\/\/www.alqueria.es\/blogs\/alqueriasegundociclo\/2012\/05\/11\/los-dragones\/","title":{"rendered":"LOS DRAGONES"},"content":{"rendered":"<p>Paula ha realizado durante esta semana su conferencia anual sobre \u00abLos dragones\u00bb. Ha atra\u00eddo \u00a0el inter\u00e9s del alumnado durante su exposici\u00f3n oral, as\u00ed como la motivaci\u00f3n en el momento de las dudas y preguntas. Sobre el tema, se ha realizado el trabajo escrito, haciendo incidencia en todos aquellos contenidos abordados, en especial la reflexi\u00f3n sobre el acento pros\u00f3dico.<\/p>\n<p>Esta es su conferencia, le pod\u00e9is echar una ojeada<\/p>\n<div class=\"a25-CTUOC-hidding-box\" data-original-content=\"&lt;iframe title=&quot;Los dragones &quot; src=&quot;https:\/\/www.slideshare.net\/slideshow\/embed_code\/key\/a4H1prcv254MqW&quot; width=&quot;427&quot; height=&quot;356&quot; frameborder=&quot;0&quot; marginwidth=&quot;0&quot; marginheight=&quot;0&quot; scrolling=&quot;no&quot; style=&quot;border:1px solid #CCC; border-width:1px; margin-bottom:5px; max-width: 100%;&quot; allowfullscreen&gt; &lt;\/iframe&gt;\">Esta p\u00e1gina incluye contenido multimedia que requiere aceptar todas las cookies. Pulse aqu\u00ed para abrir la configuraci\u00f3n de cookies.<\/div>\n<div style=\"margin-bottom:5px\"> <strong> <a href=\"https:\/\/es.slideshare.net\/juanjofuro\/los-dragones-12892423\" title=\"Los dragones \" target=\"_blank\">Los dragones <\/a> <\/strong> from <strong><a href=\"https:\/\/www.slideshare.net\/juanjofuro\" target=\"_blank\">juanjofuro<\/a><\/strong> <\/div>\n","protected":false},"excerpt":{"rendered":"<p>Paula ha realizado durante esta semana su conferencia anual sobre \u00abLos dragones\u00bb. Ha atra\u00eddo \u00a0el inter\u00e9s del alumnado durante su exposici\u00f3n oral, as\u00ed como la motivaci\u00f3n en el momento de las dudas y preguntas. Sobre el tema, se ha realizado el trabajo escrito, haciendo incidencia en todos aquellos contenidos abordados, en especial la reflexi\u00f3n sobre &hellip; <a href=\"https:\/\/www.alqueria.es\/blogs\/alqueriasegundociclo\/2012\/05\/11\/los-dragones\/\" class=\"more-link\">Seguir leyendo <span class=\"screen-reader-text\">LOS DRAGONES<\/span> <span class=\"meta-nav\">&rarr;<\/span><\/a><\/p>\n","protected":false},"author":15,"featured_media":0,"comment_status":"open","ping_status":"open","sticky":false,"template":"","format":"standard","meta":{"jetpack_post_was_ever_published":false,"_jetpack_newsletter_access":"","_jetpack_dont_email_post_to_subs":false,"_jetpack_newsletter_tier_id":0,"_jetpack_memberships_contains_paywalled_content":false,"_jetpack_memberships_contains_paid_content":false,"footnotes":"","jetpack_publicize_message":"","jetpack_publicize_feature_enabled":true,"jetpack_social_post_already_shared":true,"jetpack_social_options":{"image_generator_settings":{"template":"highway","default_image_id":0,"font":"","enabled":false},"version":2}},"categories":[5,84,28],"tags":[],"class_list":["post-743","post","type-post","status-publish","format-standard","hentry","category-3o-epo","category-conferencias-de-fantasia","category-lengua-castellana-y-literatura-3o"],"jetpack_publicize_connections":[],"jetpack_featured_media_url":"","jetpack_sharing_enabled":true,"jetpack_shortlink":"https:\/\/wp.me\/p4lw4c-bZ","_links":{"self":[{"href":"https:\/\/www.alqueria.es\/blogs\/alqueriasegundociclo\/wp-json\/wp\/v2\/posts\/743","targetHints":{"allow":["GET"]}}],"collection":[{"href":"https:\/\/www.alqueria.es\/blogs\/alqueriasegundociclo\/wp-json\/wp\/v2\/posts"}],"about":[{"href":"https:\/\/www.alqueria.es\/blogs\/alqueriasegundociclo\/wp-json\/wp\/v2\/types\/post"}],"author":[{"embeddable":true,"href":"https:\/\/www.alqueria.es\/blogs\/alqueriasegundociclo\/wp-json\/wp\/v2\/users\/15"}],"replies":[{"embeddable":true,"href":"https:\/\/www.alqueria.es\/blogs\/alqueriasegundociclo\/wp-json\/wp\/v2\/comments?post=743"}],"version-history":[{"count":0,"href":"https:\/\/www.alqueria.es\/blogs\/alqueriasegundociclo\/wp-json\/wp\/v2\/posts\/743\/revisions"}],"wp:attachment":[{"href":"https:\/\/www.alqueria.es\/blogs\/alqueriasegundociclo\/wp-json\/wp\/v2\/media?parent=743"}],"wp:term":[{"taxonomy":"category","embeddable":true,"href":"https:\/\/www.alqueria.es\/blogs\/alqueriasegundociclo\/wp-json\/wp\/v2\/categories?post=743"},{"taxonomy":"post_tag","embeddable":true,"href":"https:\/\/www.alqueria.es\/blogs\/alqueriasegundociclo\/wp-json\/wp\/v2\/tags?post=743"}],"curies":[{"name":"wp","href":"https:\/\/api.w.org\/{rel}","templated":true}]}}