{"id":804,"date":"2012-05-16T10:49:51","date_gmt":"2012-05-16T10:49:51","guid":{"rendered":"http:\/\/alqueriasegundociclo.wordpress.com\/?p=804"},"modified":"2012-05-16T10:49:51","modified_gmt":"2012-05-16T10:49:51","slug":"el-paisaje-y-el-relieve-en-3o","status":"publish","type":"post","link":"https:\/\/www.alqueria.es\/blogs\/alqueriasegundociclo\/2012\/05\/16\/el-paisaje-y-el-relieve-en-3o\/","title":{"rendered":"EL PAISAJE Y EL RELIEVE EN 3\u00ba"},"content":{"rendered":"<p>Esta es\u00a0la conferencia que ha realizado Hugo sobre el relieve y el paisaje, en ella se puede repasar sobre los contenidos del paisaje y en especial el paisaje de interior. \u00c9l ha profundizado sobre aspectos como el paisaje\u00a0en el arte captando muy bien el inter\u00e9s del grupo.<\/p>\n<p>Juanjo<\/p>\n<div class=\"a25-CTUOC-hidding-box\" data-original-content=\"&lt;iframe title=&quot;El   paisaje&quot; src=&quot;https:\/\/www.slideshare.net\/slideshow\/embed_code\/key\/rJmRRqa6iDu0nw&quot; width=&quot;427&quot; height=&quot;356&quot; frameborder=&quot;0&quot; marginwidth=&quot;0&quot; marginheight=&quot;0&quot; scrolling=&quot;no&quot; style=&quot;border:1px solid #CCC; border-width:1px; margin-bottom:5px; max-width: 100%;&quot; allowfullscreen&gt; &lt;\/iframe&gt;\">Esta p\u00e1gina incluye contenido multimedia que requiere aceptar todas las cookies. Pulse aqu\u00ed para abrir la configuraci\u00f3n de cookies.<\/div>\n<div style=\"margin-bottom:5px\"> <strong> <a href=\"https:\/\/es.slideshare.net\/juanjofuro\/el-paisaje-12953796\" title=\"El paisaje\" target=\"_blank\">El paisaje<\/a> <\/strong> from <strong><a href=\"https:\/\/www.slideshare.net\/juanjofuro\" target=\"_blank\">juanjofuro<\/a><\/strong> <\/div>\n","protected":false},"excerpt":{"rendered":"<p>Esta es\u00a0la conferencia que ha realizado Hugo sobre el relieve y el paisaje, en ella se puede repasar sobre los contenidos del paisaje y en especial el paisaje de interior. \u00c9l ha profundizado sobre aspectos como el paisaje\u00a0en el arte captando muy bien el inter\u00e9s del grupo. Juanjo Esta p\u00e1gina incluye contenido multimedia que requiere &hellip; <a href=\"https:\/\/www.alqueria.es\/blogs\/alqueriasegundociclo\/2012\/05\/16\/el-paisaje-y-el-relieve-en-3o\/\" class=\"more-link\">Seguir leyendo <span class=\"screen-reader-text\">EL PAISAJE Y EL RELIEVE EN 3\u00ba<\/span> <span class=\"meta-nav\">&rarr;<\/span><\/a><\/p>\n","protected":false},"author":15,"featured_media":0,"comment_status":"open","ping_status":"open","sticky":false,"template":"","format":"standard","meta":{"jetpack_post_was_ever_published":false,"_jetpack_newsletter_access":"","_jetpack_dont_email_post_to_subs":false,"_jetpack_newsletter_tier_id":0,"_jetpack_memberships_contains_paywalled_content":false,"_jetpack_memberships_contains_paid_content":false,"footnotes":"","jetpack_publicize_message":"","jetpack_publicize_feature_enabled":true,"jetpack_social_post_already_shared":true,"jetpack_social_options":{"image_generator_settings":{"template":"highway","default_image_id":0,"font":"","enabled":false},"version":2}},"categories":[5,6,8,9,10,16,154,141,66],"tags":[],"class_list":["post-804","post","type-post","status-publish","format-standard","hentry","category-3o-epo","category-4o-epo","category-conferencias","category-conocimiento-del-medio-y-social-4o-epo","category-conocimiento-del-medio-y-social-3o","category-el-relieve","category-paisaje","category-relieve","category-territorio-de-andalucia-y-espana"],"jetpack_publicize_connections":[],"jetpack_featured_media_url":"","jetpack_sharing_enabled":true,"jetpack_shortlink":"https:\/\/wp.me\/p4lw4c-cY","_links":{"self":[{"href":"https:\/\/www.alqueria.es\/blogs\/alqueriasegundociclo\/wp-json\/wp\/v2\/posts\/804","targetHints":{"allow":["GET"]}}],"collection":[{"href":"https:\/\/www.alqueria.es\/blogs\/alqueriasegundociclo\/wp-json\/wp\/v2\/posts"}],"about":[{"href":"https:\/\/www.alqueria.es\/blogs\/alqueriasegundociclo\/wp-json\/wp\/v2\/types\/post"}],"author":[{"embeddable":true,"href":"https:\/\/www.alqueria.es\/blogs\/alqueriasegundociclo\/wp-json\/wp\/v2\/users\/15"}],"replies":[{"embeddable":true,"href":"https:\/\/www.alqueria.es\/blogs\/alqueriasegundociclo\/wp-json\/wp\/v2\/comments?post=804"}],"version-history":[{"count":0,"href":"https:\/\/www.alqueria.es\/blogs\/alqueriasegundociclo\/wp-json\/wp\/v2\/posts\/804\/revisions"}],"wp:attachment":[{"href":"https:\/\/www.alqueria.es\/blogs\/alqueriasegundociclo\/wp-json\/wp\/v2\/media?parent=804"}],"wp:term":[{"taxonomy":"category","embeddable":true,"href":"https:\/\/www.alqueria.es\/blogs\/alqueriasegundociclo\/wp-json\/wp\/v2\/categories?post=804"},{"taxonomy":"post_tag","embeddable":true,"href":"https:\/\/www.alqueria.es\/blogs\/alqueriasegundociclo\/wp-json\/wp\/v2\/tags?post=804"}],"curies":[{"name":"wp","href":"https:\/\/api.w.org\/{rel}","templated":true}]}}