{"id":9449,"date":"2014-03-07T20:29:37","date_gmt":"2014-03-07T20:29:37","guid":{"rendered":"https:\/\/www.alqueria.es\/blogs\/alqueriasegundociclo\/?p=9449"},"modified":"2014-03-07T20:34:22","modified_gmt":"2014-03-07T20:34:22","slug":"semanario-semana-del-4-al-7-de-marzo-3o","status":"publish","type":"post","link":"https:\/\/www.alqueria.es\/blogs\/alqueriasegundociclo\/2014\/03\/07\/semanario-semana-del-4-al-7-de-marzo-3o\/","title":{"rendered":"Semanario. Semana del 4 al 7 de marzo. 3\u00ba"},"content":{"rendered":"<p>Estimadas familias, en el grupo se ha retomado la rutina despu\u00e9s de una incre\u00edble semana cultural en la que se ha aprendido de numerosas experiencias.<\/p>\n<p>En <span style=\"color: #0000ff\">conocimiento del medio y social<\/span>, se cierra el tema de <span style=\"color: #ff6600\">los minerales<\/span> con el trabajo individual sobre lo que se ha aprendido. Se inicia el <span style=\"color: #ff6600\">sistema solar<\/span> con las ideas previas, la creaci\u00f3n del \u00edndice de los contenidos que se trabajar\u00e1n, la b\u00fasqueda de informaci\u00f3n y la expresi\u00f3n oral y escrita. Para este nuevo tema, se ha contado con la colaboraci\u00f3n de Jaime y Gonzalo con sus trabajos de investigaci\u00f3n.<\/p>\n<p>Han sido numerosos los v\u00eddeos, juegos y algunas demostraciones para comprender mejor algunos conceptos, como los movimientos de la Tierra, las \u00f3rbitas de los planetas alrededor del Sol, el porqu\u00e9 se genera el d\u00eda y la noche, las estaciones, la orientaci\u00f3n con ayuda del Sol y la br\u00fajula (aportadas por Alba Y. y Alberto), etc.<\/p>\n<p><img decoding=\"async\" data-attachment-id=\"9450\" data-permalink=\"https:\/\/www.alqueria.es\/blogs\/alqueriasegundociclo\/2014\/03\/07\/semanario-semana-del-4-al-7-de-marzo-3o\/sstanhope_psique\/\" data-orig-file=\"https:\/\/www.alqueria.es\/blogs\/alqueriasegundociclo\/wp-content\/uploads\/sites\/7\/2014\/03\/sstanhope_psique.jpg\" data-orig-size=\"600,438\" data-comments-opened=\"1\" data-image-meta=\"{&quot;aperture&quot;:&quot;0&quot;,&quot;credit&quot;:&quot;&quot;,&quot;camera&quot;:&quot;&quot;,&quot;caption&quot;:&quot;&quot;,&quot;created_timestamp&quot;:&quot;0&quot;,&quot;copyright&quot;:&quot;&quot;,&quot;focal_length&quot;:&quot;0&quot;,&quot;iso&quot;:&quot;0&quot;,&quot;shutter_speed&quot;:&quot;0&quot;,&quot;title&quot;:&quot;&quot;}\" data-image-title=\"sstanhope_psique\" data-image-description=\"\" data-image-caption=\"\" data-large-file=\"https:\/\/www.alqueria.es\/blogs\/alqueriasegundociclo\/wp-content\/uploads\/sites\/7\/2014\/03\/sstanhope_psique.jpg\" class=\"size-medium wp-image-9450 alignleft\" alt=\"sstanhope_psique\" src=\"https:\/\/cloud.alqueria.es\/wp-content\/uploads\/sites\/7\/2014\/03\/sstanhope_psique-300x219.jpg\" width=\"300\" height=\"219\" srcset=\"https:\/\/www.alqueria.es\/blogs\/alqueriasegundociclo\/wp-content\/uploads\/sites\/7\/2014\/03\/sstanhope_psique-300x219.jpg 300w, https:\/\/www.alqueria.es\/blogs\/alqueriasegundociclo\/wp-content\/uploads\/sites\/7\/2014\/03\/sstanhope_psique.jpg 600w\" sizes=\"(max-width: 300px) 100vw, 300px\" \/>Han estado muy interesados en la relaci\u00f3n de los nombres de algunos planetas y sat\u00e9lites con la mitolog\u00eda griega y romana, por ello, se ha contado \u00a0algunas <span style=\"color: #008000\">leyendas,<\/span> como por ejemplo la de <span style=\"color: #00ccff\">Caronte,<\/span> el barquero de Hades. Caronte, es el sat\u00e9lite m\u00e1s grande del planeta Plut\u00f3n.<img decoding=\"async\" data-attachment-id=\"9451\" data-permalink=\"https:\/\/www.alqueria.es\/blogs\/alqueriasegundociclo\/2014\/03\/07\/semanario-semana-del-4-al-7-de-marzo-3o\/320334_caronte\/\" data-orig-file=\"https:\/\/www.alqueria.es\/blogs\/alqueriasegundociclo\/wp-content\/uploads\/sites\/7\/2014\/03\/320334_caronte.jpg\" data-orig-size=\"600,400\" data-comments-opened=\"1\" data-image-meta=\"{&quot;aperture&quot;:&quot;0&quot;,&quot;credit&quot;:&quot;&quot;,&quot;camera&quot;:&quot;&quot;,&quot;caption&quot;:&quot;&quot;,&quot;created_timestamp&quot;:&quot;0&quot;,&quot;copyright&quot;:&quot;&quot;,&quot;focal_length&quot;:&quot;0&quot;,&quot;iso&quot;:&quot;0&quot;,&quot;shutter_speed&quot;:&quot;0&quot;,&quot;title&quot;:&quot;&quot;}\" data-image-title=\"320334_caronte\" data-image-description=\"\" data-image-caption=\"\" data-large-file=\"https:\/\/www.alqueria.es\/blogs\/alqueriasegundociclo\/wp-content\/uploads\/sites\/7\/2014\/03\/320334_caronte.jpg\" class=\"size-medium wp-image-9451 alignright\" alt=\"320334_caronte\" src=\"https:\/\/cloud.alqueria.es\/wp-content\/uploads\/sites\/7\/2014\/03\/320334_caronte-300x200.jpg\" width=\"300\" height=\"200\" srcset=\"https:\/\/www.alqueria.es\/blogs\/alqueriasegundociclo\/wp-content\/uploads\/sites\/7\/2014\/03\/320334_caronte-300x200.jpg 300w, https:\/\/www.alqueria.es\/blogs\/alqueriasegundociclo\/wp-content\/uploads\/sites\/7\/2014\/03\/320334_caronte.jpg 600w\" sizes=\"(max-width: 300px) 100vw, 300px\" \/><\/p>\n<p>El tema est\u00e1 reflejado por escrito en su cuaderno. Hay que felicitarles por la buena presentaci\u00f3n, estructura y cuidado en la ortograf\u00eda y signos de puntuaci\u00f3n, aspectos en los que se hace hincapi\u00e9 y se mejoran diariamente.<\/p>\n<p>Terminado el anterior trabajo pasamos a realizar una serie de actividades escritas en un cuadernillo. Son muchos conceptos los que dominan pero a\u00fan cuesta expresar su totalidad por escrito, relacionar ideas, reflexionar, etc. Con la experiencia y un poco de esfuerzo se consigue.<\/p>\n<p><span style=\"color: #0000ff\">\u00c1rea de matem\u00e1ticas<\/span>. Se lleva tiempo con el tema de la <span style=\"color: #ff6600\">multiplicaci\u00f3n<\/span>, en especial el dominio de las tablas. La gran mayor\u00eda del grupo las domina con fluidez, pero no hay que olvidar que se tienen que repasar, se olvidan con facilidad. El dominio de las mismas es muy necesario para el siguiente tema, <span style=\"color: #ff6600\">la divisi\u00f3n<\/span>. Debe existir gran fluidez para ser \u00e1giles en las operaciones. Recomiendo continuar insistiendo en casa para evitar futuras dificultades en los siguientes contenidos.<\/p>\n<p>La semana que viene se retomar\u00e1n los enigmas (reflexi\u00f3n y l\u00f3gica), el c\u00e1lculo r\u00e1pido (sumas, restas y multiplicaciones), la resoluci\u00f3n de problemas (lectura comprensiva, planteamientos y resoluci\u00f3n). En estas actividades, continuamente se analizan numerosas estrategias que ellos mismos utilizan y se les facilitan otras para agilizar el aprendizaje del pensamiento l\u00f3gico matem\u00e1tico.<\/p>\n<p><span style=\"color: #0000ff\">\u00c1rea de lengua y literatura castellana.\u00a0<\/span><\/p>\n<p><span style=\"color: #ff6600\">Lectura expresiva.<\/span> Esta semana han estado muy motivados con la <span style=\"color: #339966\">lectura teatral.<\/span> Se ha dedicado tiempo a una minuciosa lectura, procurando respetar la entonaci\u00f3n, la fluidez, las pausas y en especial el respeto a la dicci\u00f3n del \u00a0texto teatral. Ha estado muy interesante el trabajo, por lo que continuamos con la misma lectura, ahora cada uno y una ha elegido un personaje y deben ensayar la lectura (siguiendo las pautas mostradas). La semana que viene leer\u00e1n, con el grupo escogido, intentando poner \u00e9nfasis en la dicci\u00f3n teatral.<\/p>\n<p>No hay que olvidar que todos los d\u00edas hay que leer.<\/p>\n<p><span style=\"color: #ff6600\">Expresi\u00f3n escrita.<\/span> Durante estos d\u00edas se ha trabajado el <span style=\"color: #339966\">texto informativo\u00a0<span style=\"color: #000000\">con las conferencias ofrecidas por el alumnado. Los textos deben tener informaci\u00f3n expuesta por los conferenciantes, para ello se debe atender con gran concentraci\u00f3n y retener informaci\u00f3n. Estos textos se encuentran expuestos en el tabl\u00f3n expositor interior. Adem\u00e1s se ha trabajado el texto del tema del sistema solar, localizado en su cuaderno del \u00e1rea.<\/span><\/span><\/p>\n<p>&nbsp;<\/p>\n<p><i style=\"font-style: italic\"><img decoding=\"async\" data-attachment-id=\"9452\" data-permalink=\"https:\/\/www.alqueria.es\/blogs\/alqueriasegundociclo\/2014\/03\/07\/semanario-semana-del-4-al-7-de-marzo-3o\/gargola1\/\" data-orig-file=\"https:\/\/www.alqueria.es\/blogs\/alqueriasegundociclo\/wp-content\/uploads\/sites\/7\/2014\/03\/gargola1.jpg\" data-orig-size=\"555,342\" data-comments-opened=\"1\" data-image-meta=\"{&quot;aperture&quot;:&quot;0&quot;,&quot;credit&quot;:&quot;&quot;,&quot;camera&quot;:&quot;&quot;,&quot;caption&quot;:&quot;&quot;,&quot;created_timestamp&quot;:&quot;0&quot;,&quot;copyright&quot;:&quot;&quot;,&quot;focal_length&quot;:&quot;0&quot;,&quot;iso&quot;:&quot;0&quot;,&quot;shutter_speed&quot;:&quot;0&quot;,&quot;title&quot;:&quot;&quot;}\" data-image-title=\"gargola1\" data-image-description=\"\" data-image-caption=\"\" data-large-file=\"https:\/\/www.alqueria.es\/blogs\/alqueriasegundociclo\/wp-content\/uploads\/sites\/7\/2014\/03\/gargola1.jpg\" class=\"size-medium wp-image-9452 alignright\" style=\"border-style: initial;border-color: initial;cursor: default;height: auto;vertical-align: middle;float: right;margin-top: 7px;margin-right: 0px;margin-bottom: 7px;margin-left: 24px;border-width: 0px\" alt=\"gargola1\" src=\"https:\/\/cloud.alqueria.es\/wp-content\/uploads\/sites\/7\/2014\/03\/gargola1-300x184.jpg\" width=\"300\" height=\"184\" srcset=\"https:\/\/www.alqueria.es\/blogs\/alqueriasegundociclo\/wp-content\/uploads\/sites\/7\/2014\/03\/gargola1-300x184.jpg 300w, https:\/\/www.alqueria.es\/blogs\/alqueriasegundociclo\/wp-content\/uploads\/sites\/7\/2014\/03\/gargola1.jpg 555w\" sizes=\"(max-width: 300px) 100vw, 300px\" \/><\/i><\/p>\n<p><span style=\"color: #ff6600\">Expresi\u00f3n oral. \u00a0<span style=\"color: #000000\">Siguen teniendo\u00a0<\/span><\/span><span style=\"color: #ff6600\"><span style=\"color: #000000\">relevancia las ll<\/span><\/span><span style=\"color: #ff6600\"><span style=\"color: #000000\">amadas\u00a0<\/span><\/span><i><span class=\"Apple-style-span\" style=\"font-style: normal\"><i><span class=\"Apple-style-span\" style=\"font-style: normal\"><i><span class=\"Apple-style-span\" style=\"font-style: normal\"><i><span class=\"Apple-style-span\" style=\"font-style: normal\"><i><span class=\"Apple-style-span\" style=\"font-style: normal\"><i><span class=\"Apple-style-span\" style=\"font-style: normal\"><i><span class=\"Apple-style-span\" style=\"font-style: normal\"><i><span class=\"Apple-style-span\" style=\"font-style: normal\"><span class=\"Apple-style-span\" style=\"font-style: normal\"><span style=\"color: #ff6600\"><span style=\"color: #000000\">miniconferencias (son voluntarias). Esta semana ha expuesto Iv\u00e1n <span style=\"color: #00ccff\">\u00abLas g\u00e1rgolas\u00bb<\/span>, un tema que ha despertado mucho inter\u00e9s. Sigo animando a la investigaci\u00f3n y exposici\u00f3n de las mismas. Son numerosos aspectos los que se trabajan con esta experiencia.<\/span><\/span><\/span><\/span><\/i><\/span><\/i><\/span><\/i><\/span><\/i><\/span><\/i><\/span><\/i><\/span><\/i><\/span><\/i><\/p>\n<p><span style=\"color: #ff6600\">El diario.<\/span>\u00a0La semana que viene, el martes, realizamos la salida al\u00a0barrio de Sacromonte, les he pedido una peque\u00f1a investigaci\u00f3n sobre un tema relacionado con ese barrio y que la plasmen en el diario. Estas investigaciones iniciar\u00e1n el nuevo tema del \u00e1rea.<\/p>\n<p><span style=\"color: #0000ff\">Vida social.<\/span>\u00a0Las habilidades sociales son muy necesarias y la colaboraci\u00f3n en equipo diariamente se trabaja. Esta semana, en art\u00edstica han tenido que colaborar, ponerse de acuerdo en una actividad creativa especial. Os dejo aqu\u00ed una muestra de cooperaci\u00f3n.<\/p>\n<p class=\"jetpack-slideshow-noscript robots-nocontent\">El pase de diapositivas requiere JavaScript.<\/p><div id=\"gallery-9449-1-slideshow\" class=\"jetpack-slideshow-window jetpack-slideshow jetpack-slideshow-black\" data-trans=\"fade\" data-autostart=\"1\" data-gallery=\"[{&quot;src&quot;:&quot;https:\\\/\\\/www.alqueria.es\\\/blogs\\\/alqueriasegundociclo\\\/wp-content\\\/uploads\\\/sites\\\/7\\\/2014\\\/03\\\/P3070001.jpg&quot;,&quot;id&quot;:&quot;9455&quot;,&quot;title&quot;:&quot;P3070001&quot;,&quot;alt&quot;:&quot;&quot;,&quot;caption&quot;:&quot;&quot;,&quot;itemprop&quot;:&quot;image&quot;},{&quot;src&quot;:&quot;https:\\\/\\\/www.alqueria.es\\\/blogs\\\/alqueriasegundociclo\\\/wp-content\\\/uploads\\\/sites\\\/7\\\/2014\\\/03\\\/P3070002.jpg&quot;,&quot;id&quot;:&quot;9456&quot;,&quot;title&quot;:&quot;P3070002&quot;,&quot;alt&quot;:&quot;&quot;,&quot;caption&quot;:&quot;&quot;,&quot;itemprop&quot;:&quot;image&quot;},{&quot;src&quot;:&quot;https:\\\/\\\/www.alqueria.es\\\/blogs\\\/alqueriasegundociclo\\\/wp-content\\\/uploads\\\/sites\\\/7\\\/2014\\\/03\\\/P3070003.jpg&quot;,&quot;id&quot;:&quot;9457&quot;,&quot;title&quot;:&quot;P3070003&quot;,&quot;alt&quot;:&quot;&quot;,&quot;caption&quot;:&quot;&quot;,&quot;itemprop&quot;:&quot;image&quot;},{&quot;src&quot;:&quot;https:\\\/\\\/www.alqueria.es\\\/blogs\\\/alqueriasegundociclo\\\/wp-content\\\/uploads\\\/sites\\\/7\\\/2014\\\/03\\\/P3070004.jpg&quot;,&quot;id&quot;:&quot;9458&quot;,&quot;title&quot;:&quot;P3070004&quot;,&quot;alt&quot;:&quot;&quot;,&quot;caption&quot;:&quot;&quot;,&quot;itemprop&quot;:&quot;image&quot;},{&quot;src&quot;:&quot;https:\\\/\\\/www.alqueria.es\\\/blogs\\\/alqueriasegundociclo\\\/wp-content\\\/uploads\\\/sites\\\/7\\\/2014\\\/03\\\/P3070005.jpg&quot;,&quot;id&quot;:&quot;9459&quot;,&quot;title&quot;:&quot;P3070005&quot;,&quot;alt&quot;:&quot;&quot;,&quot;caption&quot;:&quot;&quot;,&quot;itemprop&quot;:&quot;image&quot;},{&quot;src&quot;:&quot;https:\\\/\\\/www.alqueria.es\\\/blogs\\\/alqueriasegundociclo\\\/wp-content\\\/uploads\\\/sites\\\/7\\\/2014\\\/03\\\/P3070006.jpg&quot;,&quot;id&quot;:&quot;9460&quot;,&quot;title&quot;:&quot;P3070006&quot;,&quot;alt&quot;:&quot;&quot;,&quot;caption&quot;:&quot;&quot;,&quot;itemprop&quot;:&quot;image&quot;},{&quot;src&quot;:&quot;https:\\\/\\\/www.alqueria.es\\\/blogs\\\/alqueriasegundociclo\\\/wp-content\\\/uploads\\\/sites\\\/7\\\/2014\\\/03\\\/P3070007.jpg&quot;,&quot;id&quot;:&quot;9461&quot;,&quot;title&quot;:&quot;P3070007&quot;,&quot;alt&quot;:&quot;&quot;,&quot;caption&quot;:&quot;&quot;,&quot;itemprop&quot;:&quot;image&quot;},{&quot;src&quot;:&quot;https:\\\/\\\/www.alqueria.es\\\/blogs\\\/alqueriasegundociclo\\\/wp-content\\\/uploads\\\/sites\\\/7\\\/2014\\\/03\\\/P3070008.jpg&quot;,&quot;id&quot;:&quot;9462&quot;,&quot;title&quot;:&quot;P3070008&quot;,&quot;alt&quot;:&quot;&quot;,&quot;caption&quot;:&quot;&quot;,&quot;itemprop&quot;:&quot;image&quot;},{&quot;src&quot;:&quot;https:\\\/\\\/www.alqueria.es\\\/blogs\\\/alqueriasegundociclo\\\/wp-content\\\/uploads\\\/sites\\\/7\\\/2014\\\/03\\\/P3070009.jpg&quot;,&quot;id&quot;:&quot;9463&quot;,&quot;title&quot;:&quot;P3070009&quot;,&quot;alt&quot;:&quot;&quot;,&quot;caption&quot;:&quot;&quot;,&quot;itemprop&quot;:&quot;image&quot;}]\" itemscope itemtype=\"https:\/\/schema.org\/ImageGallery\"><\/div>\n<p>Os deseo que pas\u00e9is un buen fin de semana. Un saludo.<\/p>\n<p>Juanjo<\/p>\n<p>&nbsp;<\/p>\n<p>&nbsp;<\/p>\n<p>&nbsp;<\/p>\n<p><span style=\"color: #ff6600\">\u00a0<\/span><\/p>\n","protected":false},"excerpt":{"rendered":"<p>Estimadas familias, en el grupo se ha retomado la rutina despu\u00e9s de una incre\u00edble semana cultural en la que se ha aprendido de numerosas experiencias. En conocimiento del medio y social, se cierra el tema de los minerales con el trabajo individual sobre lo que se ha aprendido. Se inicia el sistema solar con las &hellip; <a href=\"https:\/\/www.alqueria.es\/blogs\/alqueriasegundociclo\/2014\/03\/07\/semanario-semana-del-4-al-7-de-marzo-3o\/\" class=\"more-link\">Seguir leyendo <span class=\"screen-reader-text\">Semanario. Semana del 4 al 7 de marzo. 3\u00ba<\/span> <span class=\"meta-nav\">&rarr;<\/span><\/a><\/p>\n","protected":false},"author":16,"featured_media":0,"comment_status":"open","ping_status":"open","sticky":false,"template":"","format":"standard","meta":{"jetpack_post_was_ever_published":false,"_jetpack_newsletter_access":"","_jetpack_dont_email_post_to_subs":false,"_jetpack_newsletter_tier_id":0,"_jetpack_memberships_contains_paywalled_content":false,"_jetpack_memberships_contains_paid_content":false,"footnotes":"","jetpack_publicize_message":"","jetpack_publicize_feature_enabled":true,"jetpack_social_post_already_shared":true,"jetpack_social_options":{"image_generator_settings":{"template":"highway","default_image_id":0,"font":"","enabled":false},"version":2}},"categories":[5,59],"tags":[],"class_list":["post-9449","post","type-post","status-publish","format-standard","hentry","category-3o-epo","category-semanario-3o"],"jetpack_publicize_connections":[],"jetpack_featured_media_url":"","jetpack_sharing_enabled":true,"jetpack_shortlink":"https:\/\/wp.me\/p4lw4c-2sp","_links":{"self":[{"href":"https:\/\/www.alqueria.es\/blogs\/alqueriasegundociclo\/wp-json\/wp\/v2\/posts\/9449","targetHints":{"allow":["GET"]}}],"collection":[{"href":"https:\/\/www.alqueria.es\/blogs\/alqueriasegundociclo\/wp-json\/wp\/v2\/posts"}],"about":[{"href":"https:\/\/www.alqueria.es\/blogs\/alqueriasegundociclo\/wp-json\/wp\/v2\/types\/post"}],"author":[{"embeddable":true,"href":"https:\/\/www.alqueria.es\/blogs\/alqueriasegundociclo\/wp-json\/wp\/v2\/users\/16"}],"replies":[{"embeddable":true,"href":"https:\/\/www.alqueria.es\/blogs\/alqueriasegundociclo\/wp-json\/wp\/v2\/comments?post=9449"}],"version-history":[{"count":0,"href":"https:\/\/www.alqueria.es\/blogs\/alqueriasegundociclo\/wp-json\/wp\/v2\/posts\/9449\/revisions"}],"wp:attachment":[{"href":"https:\/\/www.alqueria.es\/blogs\/alqueriasegundociclo\/wp-json\/wp\/v2\/media?parent=9449"}],"wp:term":[{"taxonomy":"category","embeddable":true,"href":"https:\/\/www.alqueria.es\/blogs\/alqueriasegundociclo\/wp-json\/wp\/v2\/categories?post=9449"},{"taxonomy":"post_tag","embeddable":true,"href":"https:\/\/www.alqueria.es\/blogs\/alqueriasegundociclo\/wp-json\/wp\/v2\/tags?post=9449"}],"curies":[{"name":"wp","href":"https:\/\/api.w.org\/{rel}","templated":true}]}}