{"id":9779,"date":"2014-04-22T09:06:42","date_gmt":"2014-04-22T07:06:42","guid":{"rendered":"https:\/\/www.alqueria.es\/blogs\/alqueriasegundociclo\/?p=9779"},"modified":"2014-04-21T21:18:59","modified_gmt":"2014-04-21T19:18:59","slug":"los-verbos-3o","status":"publish","type":"post","link":"https:\/\/www.alqueria.es\/blogs\/alqueriasegundociclo\/2014\/04\/22\/los-verbos-3o\/","title":{"rendered":"LOS VERBOS. 3\u00ba"},"content":{"rendered":"<p>Sobre la aplicaci\u00f3n pod\u00e9is jugar a identificar los verbos en las frases. Si os equivoc\u00e1is os ayuda a identificar la palabra se\u00f1alada para recordar la gram\u00e1tica.<\/p>\n<p><a href=\"http:\/\/www.juntadeandalucia.es\/averroes\/colegiovirgendetiscar\/profes\/trabajos\/palabras\/verbos1.html\"><img decoding=\"async\" data-attachment-id=\"9780\" data-permalink=\"https:\/\/www.alqueria.es\/blogs\/alqueriasegundociclo\/2014\/04\/22\/los-verbos-3o\/captura-de-pantalla-2014-04-21-a-las-21-07-46\/\" data-orig-file=\"https:\/\/www.alqueria.es\/blogs\/alqueriasegundociclo\/wp-content\/uploads\/sites\/7\/2014\/04\/Captura-de-pantalla-2014-04-21-a-las-21.07.46.png\" data-orig-size=\"1024,572\" data-comments-opened=\"1\" data-image-meta=\"{&quot;aperture&quot;:&quot;0&quot;,&quot;credit&quot;:&quot;&quot;,&quot;camera&quot;:&quot;&quot;,&quot;caption&quot;:&quot;&quot;,&quot;created_timestamp&quot;:&quot;0&quot;,&quot;copyright&quot;:&quot;&quot;,&quot;focal_length&quot;:&quot;0&quot;,&quot;iso&quot;:&quot;0&quot;,&quot;shutter_speed&quot;:&quot;0&quot;,&quot;title&quot;:&quot;&quot;}\" data-image-title=\"Captura de pantalla 2014-04-21 a la(s) 21.07.46\" data-image-description=\"\" data-image-caption=\"\" data-large-file=\"https:\/\/www.alqueria.es\/blogs\/alqueriasegundociclo\/wp-content\/uploads\/sites\/7\/2014\/04\/Captura-de-pantalla-2014-04-21-a-las-21.07.46.png\" class=\"aligncenter wp-image-9780 size-full\" src=\"https:\/\/cloud.alqueria.es\/wp-content\/uploads\/sites\/7\/2014\/04\/Captura-de-pantalla-2014-04-21-a-las-21.07.46.png\" alt=\"Captura de pantalla 2014-04-21 a la(s) 21.07.46\" width=\"1024\" height=\"572\" srcset=\"https:\/\/www.alqueria.es\/blogs\/alqueriasegundociclo\/wp-content\/uploads\/sites\/7\/2014\/04\/Captura-de-pantalla-2014-04-21-a-las-21.07.46.png 1024w, https:\/\/www.alqueria.es\/blogs\/alqueriasegundociclo\/wp-content\/uploads\/sites\/7\/2014\/04\/Captura-de-pantalla-2014-04-21-a-las-21.07.46-300x167.png 300w\" sizes=\"(max-width: 1024px) 100vw, 1024px\" \/><\/a><\/p>\n<p>&nbsp;<\/p>\n<p>M\u00e1s sobre los verbos. Las conjugaciones, la persona y n\u00famero, los tiempos verbales, las fojas impersonales, etc.<\/p>\n<p><a href=\"http:\/\/www.juntadeandalucia.es\/averroes\/carambolo\/WEB%20JCLIC2\/Agrega\/Lengua\/Clases%20de%20palabras\/contenido\/index.html\"><img decoding=\"async\" data-attachment-id=\"9782\" data-permalink=\"https:\/\/www.alqueria.es\/blogs\/alqueriasegundociclo\/2014\/04\/22\/los-verbos-3o\/captura-de-pantalla-2014-04-21-a-las-21-11-27\/\" data-orig-file=\"https:\/\/www.alqueria.es\/blogs\/alqueriasegundociclo\/wp-content\/uploads\/sites\/7\/2014\/04\/Captura-de-pantalla-2014-04-21-a-las-21.11.27.png\" data-orig-size=\"1024,637\" data-comments-opened=\"1\" data-image-meta=\"{&quot;aperture&quot;:&quot;0&quot;,&quot;credit&quot;:&quot;&quot;,&quot;camera&quot;:&quot;&quot;,&quot;caption&quot;:&quot;&quot;,&quot;created_timestamp&quot;:&quot;0&quot;,&quot;copyright&quot;:&quot;&quot;,&quot;focal_length&quot;:&quot;0&quot;,&quot;iso&quot;:&quot;0&quot;,&quot;shutter_speed&quot;:&quot;0&quot;,&quot;title&quot;:&quot;&quot;}\" data-image-title=\"Captura de pantalla 2014-04-21 a la(s) 21.11.27\" data-image-description=\"\" data-image-caption=\"\" data-large-file=\"https:\/\/www.alqueria.es\/blogs\/alqueriasegundociclo\/wp-content\/uploads\/sites\/7\/2014\/04\/Captura-de-pantalla-2014-04-21-a-las-21.11.27.png\" class=\"aligncenter wp-image-9782 size-full\" src=\"https:\/\/cloud.alqueria.es\/wp-content\/uploads\/sites\/7\/2014\/04\/Captura-de-pantalla-2014-04-21-a-las-21.11.27.png\" alt=\"Captura de pantalla 2014-04-21 a la(s) 21.11.27\" width=\"1024\" height=\"637\" srcset=\"https:\/\/www.alqueria.es\/blogs\/alqueriasegundociclo\/wp-content\/uploads\/sites\/7\/2014\/04\/Captura-de-pantalla-2014-04-21-a-las-21.11.27.png 1024w, https:\/\/www.alqueria.es\/blogs\/alqueriasegundociclo\/wp-content\/uploads\/sites\/7\/2014\/04\/Captura-de-pantalla-2014-04-21-a-las-21.11.27-300x186.png 300w\" sizes=\"(max-width: 1024px) 100vw, 1024px\" \/><\/a><\/p>\n","protected":false},"excerpt":{"rendered":"<p>Sobre la aplicaci\u00f3n pod\u00e9is jugar a identificar los verbos en las frases. Si os equivoc\u00e1is os ayuda a identificar la palabra se\u00f1alada para recordar la gram\u00e1tica. &nbsp; M\u00e1s sobre los verbos. Las conjugaciones, la persona y n\u00famero, los tiempos verbales, las fojas impersonales, etc.<\/p>\n","protected":false},"author":16,"featured_media":0,"comment_status":"open","ping_status":"open","sticky":false,"template":"","format":"standard","meta":{"jetpack_post_was_ever_published":false,"_jetpack_newsletter_access":"","_jetpack_dont_email_post_to_subs":false,"_jetpack_newsletter_tier_id":0,"_jetpack_memberships_contains_paywalled_content":false,"_jetpack_memberships_contains_paid_content":false,"footnotes":"","jetpack_publicize_message":"","jetpack_publicize_feature_enabled":true,"jetpack_social_post_already_shared":true,"jetpack_social_options":{"image_generator_settings":{"template":"highway","default_image_id":0,"font":"","enabled":false},"version":2}},"categories":[5,227,112,28],"tags":[],"class_list":["post-9779","post","type-post","status-publish","format-standard","hentry","category-3o-epo","category-el-verbo-3o","category-gramatica-3o","category-lengua-castellana-y-literatura-3o"],"jetpack_publicize_connections":[],"jetpack_featured_media_url":"","jetpack_sharing_enabled":true,"jetpack_shortlink":"https:\/\/wp.me\/p4lw4c-2xJ","_links":{"self":[{"href":"https:\/\/www.alqueria.es\/blogs\/alqueriasegundociclo\/wp-json\/wp\/v2\/posts\/9779","targetHints":{"allow":["GET"]}}],"collection":[{"href":"https:\/\/www.alqueria.es\/blogs\/alqueriasegundociclo\/wp-json\/wp\/v2\/posts"}],"about":[{"href":"https:\/\/www.alqueria.es\/blogs\/alqueriasegundociclo\/wp-json\/wp\/v2\/types\/post"}],"author":[{"embeddable":true,"href":"https:\/\/www.alqueria.es\/blogs\/alqueriasegundociclo\/wp-json\/wp\/v2\/users\/16"}],"replies":[{"embeddable":true,"href":"https:\/\/www.alqueria.es\/blogs\/alqueriasegundociclo\/wp-json\/wp\/v2\/comments?post=9779"}],"version-history":[{"count":0,"href":"https:\/\/www.alqueria.es\/blogs\/alqueriasegundociclo\/wp-json\/wp\/v2\/posts\/9779\/revisions"}],"wp:attachment":[{"href":"https:\/\/www.alqueria.es\/blogs\/alqueriasegundociclo\/wp-json\/wp\/v2\/media?parent=9779"}],"wp:term":[{"taxonomy":"category","embeddable":true,"href":"https:\/\/www.alqueria.es\/blogs\/alqueriasegundociclo\/wp-json\/wp\/v2\/categories?post=9779"},{"taxonomy":"post_tag","embeddable":true,"href":"https:\/\/www.alqueria.es\/blogs\/alqueriasegundociclo\/wp-json\/wp\/v2\/tags?post=9779"}],"curies":[{"name":"wp","href":"https:\/\/api.w.org\/{rel}","templated":true}]}}