{"id":10113,"date":"2014-12-30T09:21:18","date_gmt":"2014-12-30T08:21:18","guid":{"rendered":"https:\/\/www.alqueria.es\/blogs\/alqueriatercerciclo\/?p=10113"},"modified":"2014-12-30T09:21:18","modified_gmt":"2014-12-30T08:21:18","slug":"raps-navidenos-volumen-ii","status":"publish","type":"post","link":"https:\/\/www.alqueria.es\/blogs\/alqueriatercerciclo\/2014\/12\/30\/raps-navidenos-volumen-ii\/","title":{"rendered":"Raps navide\u00f1os. Volumen II"},"content":{"rendered":"<p><img decoding=\"async\" data-attachment-id=\"10115\" data-permalink=\"https:\/\/www.alqueria.es\/blogs\/alqueriatercerciclo\/2014\/12\/30\/raps-navidenos-volumen-ii\/pizap-com14198946151251\/#main\" data-orig-file=\"https:\/\/www.alqueria.es\/blogs\/alqueriatercerciclo\/wp-content\/uploads\/sites\/13\/2014\/12\/pizap.com14198946151251.jpg\" data-orig-size=\"1024,381\" data-comments-opened=\"1\" data-image-meta=\"{&quot;aperture&quot;:&quot;0&quot;,&quot;credit&quot;:&quot;&quot;,&quot;camera&quot;:&quot;&quot;,&quot;caption&quot;:&quot;&quot;,&quot;created_timestamp&quot;:&quot;0&quot;,&quot;copyright&quot;:&quot;&quot;,&quot;focal_length&quot;:&quot;0&quot;,&quot;iso&quot;:&quot;0&quot;,&quot;shutter_speed&quot;:&quot;0&quot;,&quot;title&quot;:&quot;&quot;,&quot;orientation&quot;:&quot;0&quot;}\" data-image-title=\"pizap.com14198946151251\" data-image-description=\"\" data-image-caption=\"\" data-large-file=\"https:\/\/www.alqueria.es\/blogs\/alqueriatercerciclo\/wp-content\/uploads\/sites\/13\/2014\/12\/pizap.com14198946151251-1024x381.jpg\" class=\"aligncenter size-medium wp-image-10115\" src=\"https:\/\/cloud.alqueria.es\/wp-content\/uploads\/sites\/13\/2014\/12\/pizap.com14198946151251-300x112.jpg\" alt=\"pizap.com14198946151251\" width=\"300\" height=\"112\" srcset=\"https:\/\/www.alqueria.es\/blogs\/alqueriatercerciclo\/wp-content\/uploads\/sites\/13\/2014\/12\/pizap.com14198946151251-300x112.jpg 300w, https:\/\/www.alqueria.es\/blogs\/alqueriatercerciclo\/wp-content\/uploads\/sites\/13\/2014\/12\/pizap.com14198946151251.jpg 1024w\" sizes=\"(max-width: 300px) 100vw, 300px\" \/><\/p>\n<h5 style=\"text-align: center\">Ya lleg\u00f3 la navidad, amigos y champ\u00e1n.<\/h5>\n<h5 style=\"text-align: center\">Polvorones y turr\u00f3n, Noel ya lleg\u00f3.<\/h5>\n<h5 style=\"text-align: center\">En la Navidad, lo reyes llegar\u00e1n<\/h5>\n<h5 style=\"text-align: center\">dejando regalos de m\u00e1s.<\/h5>\n<h5 style=\"text-align: center\">Ha llegado la Navidad<\/h5>\n<h5 style=\"text-align: center\">con la familia hay que pasar.<\/h5>\n<h5 style=\"text-align: center\">En la Navidad comida a rebosar,<\/h5>\n<h5 style=\"text-align: center\">como Pap\u00e1 Noel la panza te pondr\u00e1s.<\/h5>\n<h5 style=\"text-align: center\">Los pastorcillos al portal llegar\u00e1n<\/h5>\n<h5 style=\"text-align: center\">mientras mis padres en el atasco estar\u00e1n.<\/h5>\n<h5 style=\"text-align: center\">En Navidad me hincho de turr\u00f3n,<\/h5>\n<h5 style=\"text-align: center\">a lo dem\u00e1s le gusta el polvor\u00f3n.<\/h5>\n<h5 style=\"text-align: center\">Navidad, yeah.<\/h5>\n<h5 style=\"text-align: center\"><img decoding=\"async\" data-attachment-id=\"10117\" data-permalink=\"https:\/\/www.alqueria.es\/blogs\/alqueriatercerciclo\/2014\/12\/30\/raps-navidenos-volumen-ii\/pizap-com14198959956031\/#main\" data-orig-file=\"https:\/\/www.alqueria.es\/blogs\/alqueriatercerciclo\/wp-content\/uploads\/sites\/13\/2014\/12\/pizap.com14198959956031.jpg\" data-orig-size=\"1024,619\" data-comments-opened=\"1\" data-image-meta=\"{&quot;aperture&quot;:&quot;0&quot;,&quot;credit&quot;:&quot;&quot;,&quot;camera&quot;:&quot;&quot;,&quot;caption&quot;:&quot;&quot;,&quot;created_timestamp&quot;:&quot;0&quot;,&quot;copyright&quot;:&quot;&quot;,&quot;focal_length&quot;:&quot;0&quot;,&quot;iso&quot;:&quot;0&quot;,&quot;shutter_speed&quot;:&quot;0&quot;,&quot;title&quot;:&quot;&quot;,&quot;orientation&quot;:&quot;0&quot;}\" data-image-title=\"pizap.com14198959956031\" data-image-description=\"\" data-image-caption=\"\" data-large-file=\"https:\/\/www.alqueria.es\/blogs\/alqueriatercerciclo\/wp-content\/uploads\/sites\/13\/2014\/12\/pizap.com14198959956031-1024x619.jpg\" class=\"aligncenter size-medium wp-image-10117\" src=\"https:\/\/cloud.alqueria.es\/wp-content\/uploads\/sites\/13\/2014\/12\/pizap.com14198959956031-300x181.jpg\" alt=\"pizap.com14198959956031\" width=\"300\" height=\"181\" srcset=\"https:\/\/www.alqueria.es\/blogs\/alqueriatercerciclo\/wp-content\/uploads\/sites\/13\/2014\/12\/pizap.com14198959956031-300x181.jpg 300w, https:\/\/www.alqueria.es\/blogs\/alqueriatercerciclo\/wp-content\/uploads\/sites\/13\/2014\/12\/pizap.com14198959956031.jpg 1024w\" sizes=\"(max-width: 300px) 100vw, 300px\" \/><\/h5>\n<h5 style=\"text-align: center\">Las vacaiones llegaron ya<\/h5>\n<h5 style=\"text-align: center\">y todos vamos a disfrutar.<\/h5>\n<h5 style=\"text-align: center\">El \u00e1rbol de Navidad hay que poner<\/h5>\n<h5 style=\"text-align: center\">y una gran Bel\u00e9n tambi\u00e9n.<\/h5>\n<h5 style=\"text-align: center\">Las vacaciones llegaron ya<\/h5>\n<h5 style=\"text-align: center\">y todos vamos a disfrutar,<\/h5>\n<h5 style=\"text-align: center\">Nochebuena y Nochevieja hay que celebrar.<\/h5>\n<h5 style=\"text-align: center\">Vamos de viaje, nos quedamos aqu\u00ed,<\/h5>\n<h5 style=\"text-align: center\">da igual todos vamos a disfrutar.<\/h5>\n<h5 style=\"text-align: center\">Bienvenidas vacaciones<\/h5>\n<h5 style=\"text-align: center\">y adi\u00f3s al cole.<\/h5>\n<h5 style=\"text-align: center\">\u00a1Navidad!<\/h5>\n<p><img decoding=\"async\" data-attachment-id=\"10118\" data-permalink=\"https:\/\/www.alqueria.es\/blogs\/alqueriatercerciclo\/2014\/12\/30\/raps-navidenos-volumen-ii\/pizap-com14198964025101\/#main\" data-orig-file=\"https:\/\/www.alqueria.es\/blogs\/alqueriatercerciclo\/wp-content\/uploads\/sites\/13\/2014\/12\/pizap.com14198964025101.jpg\" data-orig-size=\"1024,627\" data-comments-opened=\"1\" data-image-meta=\"{&quot;aperture&quot;:&quot;0&quot;,&quot;credit&quot;:&quot;&quot;,&quot;camera&quot;:&quot;&quot;,&quot;caption&quot;:&quot;&quot;,&quot;created_timestamp&quot;:&quot;0&quot;,&quot;copyright&quot;:&quot;&quot;,&quot;focal_length&quot;:&quot;0&quot;,&quot;iso&quot;:&quot;0&quot;,&quot;shutter_speed&quot;:&quot;0&quot;,&quot;title&quot;:&quot;&quot;,&quot;orientation&quot;:&quot;0&quot;}\" data-image-title=\"pizap.com14198964025101\" data-image-description=\"\" data-image-caption=\"\" data-large-file=\"https:\/\/www.alqueria.es\/blogs\/alqueriatercerciclo\/wp-content\/uploads\/sites\/13\/2014\/12\/pizap.com14198964025101-1024x627.jpg\" class=\"aligncenter size-medium wp-image-10118\" src=\"https:\/\/cloud.alqueria.es\/wp-content\/uploads\/sites\/13\/2014\/12\/pizap.com14198964025101-300x184.jpg\" alt=\"pizap.com14198964025101\" width=\"300\" height=\"184\" srcset=\"https:\/\/www.alqueria.es\/blogs\/alqueriatercerciclo\/wp-content\/uploads\/sites\/13\/2014\/12\/pizap.com14198964025101-300x184.jpg 300w, https:\/\/www.alqueria.es\/blogs\/alqueriatercerciclo\/wp-content\/uploads\/sites\/13\/2014\/12\/pizap.com14198964025101.jpg 1024w\" sizes=\"(max-width: 300px) 100vw, 300px\" \/><\/p>\n<h5 style=\"text-align: center\">Navidad, Navidad,<\/h5>\n<h5 style=\"text-align: center\">la \u00e9poca del a\u00f1o que me gusta.<\/h5>\n<h5 style=\"text-align: center\">Lo que m\u00e1s me gusta de la Navidad<\/h5>\n<h5 style=\"text-align: center\">es cuando cantamos, bailamos y celebramos<\/h5>\n<h5 style=\"text-align: center\">que hoy es Navidad.<\/h5>\n<h5 style=\"text-align: center\">Mantecados, polvorones, el \u00e1rbol, el Bel\u00e9n,<\/h5>\n<h5 style=\"text-align: center\">quiz\u00e1 un poco de nieve y regalos por doquier.<\/h5>\n<h5 style=\"text-align: center\">Tambi\u00e9n lo Reyes Magos y pap\u00e1 Noel<\/h5>\n<h5 style=\"text-align: center\">me gustan los regalos que me trae \u00e9l.<\/h5>\n<p><img decoding=\"async\" data-attachment-id=\"10119\" data-permalink=\"https:\/\/www.alqueria.es\/blogs\/alqueriatercerciclo\/2014\/12\/30\/raps-navidenos-volumen-ii\/captura-144\/#main\" data-orig-file=\"https:\/\/www.alqueria.es\/blogs\/alqueriatercerciclo\/wp-content\/uploads\/sites\/13\/2014\/12\/Captura.png\" data-orig-size=\"558,162\" data-comments-opened=\"1\" data-image-meta=\"{&quot;aperture&quot;:&quot;0&quot;,&quot;credit&quot;:&quot;&quot;,&quot;camera&quot;:&quot;&quot;,&quot;caption&quot;:&quot;&quot;,&quot;created_timestamp&quot;:&quot;0&quot;,&quot;copyright&quot;:&quot;&quot;,&quot;focal_length&quot;:&quot;0&quot;,&quot;iso&quot;:&quot;0&quot;,&quot;shutter_speed&quot;:&quot;0&quot;,&quot;title&quot;:&quot;&quot;,&quot;orientation&quot;:&quot;0&quot;}\" data-image-title=\"Captura\" data-image-description=\"\" data-image-caption=\"\" data-large-file=\"https:\/\/www.alqueria.es\/blogs\/alqueriatercerciclo\/wp-content\/uploads\/sites\/13\/2014\/12\/Captura.png\" class=\"aligncenter size-medium wp-image-10119\" src=\"https:\/\/cloud.alqueria.es\/wp-content\/uploads\/sites\/13\/2014\/12\/Captura-300x87.png\" alt=\"Captura\" width=\"300\" height=\"87\" srcset=\"https:\/\/www.alqueria.es\/blogs\/alqueriatercerciclo\/wp-content\/uploads\/sites\/13\/2014\/12\/Captura-300x87.png 300w, https:\/\/www.alqueria.es\/blogs\/alqueriatercerciclo\/wp-content\/uploads\/sites\/13\/2014\/12\/Captura.png 558w\" sizes=\"(max-width: 300px) 100vw, 300px\" \/><\/p>\n<h5 style=\"text-align: center\">Este es mi rap de Navidad,<\/h5>\n<h5 style=\"text-align: center\">yo te deseo felicidad,<\/h5>\n<h5 style=\"text-align: center\">el d\u00eda 24, muchos regalos.<\/h5>\n<h5 style=\"text-align: center\">La pandereta y ese tambor,<\/h5>\n<h5 style=\"text-align: center\">pum, pum, pum, pum, pum, pum.<\/h5>\n<h5 style=\"text-align: center\">Polvor\u00f3n y turr\u00f3n,<\/h5>\n<h5 style=\"text-align: center\">todo me lo echo en el zurr\u00f3n.<\/h5>\n<h5 style=\"text-align: center\">Villancicos canto yo<\/h5>\n<h5 style=\"text-align: center\">y me divierto mogoll\u00f3n.<\/h5>\n<h5 style=\"text-align: center\">Vacaciones de Navidad,<\/h5>\n<h5 style=\"text-align: center\">c\u00f3mo me gusta la creatividad.<\/h5>\n<h5 style=\"text-align: center\">Este es mi rap de Navidad<\/h5>\n<h5 style=\"text-align: center\">\u00a1Yo te deseo felicidad!<\/h5>\n<p><img decoding=\"async\" data-attachment-id=\"10120\" data-permalink=\"https:\/\/www.alqueria.es\/blogs\/alqueriatercerciclo\/2014\/12\/30\/raps-navidenos-volumen-ii\/pizap-com14198972749231\/#main\" data-orig-file=\"https:\/\/www.alqueria.es\/blogs\/alqueriatercerciclo\/wp-content\/uploads\/sites\/13\/2014\/12\/pizap.com14198972749231.jpg\" data-orig-size=\"1024,267\" data-comments-opened=\"1\" data-image-meta=\"{&quot;aperture&quot;:&quot;0&quot;,&quot;credit&quot;:&quot;&quot;,&quot;camera&quot;:&quot;&quot;,&quot;caption&quot;:&quot;&quot;,&quot;created_timestamp&quot;:&quot;0&quot;,&quot;copyright&quot;:&quot;&quot;,&quot;focal_length&quot;:&quot;0&quot;,&quot;iso&quot;:&quot;0&quot;,&quot;shutter_speed&quot;:&quot;0&quot;,&quot;title&quot;:&quot;&quot;,&quot;orientation&quot;:&quot;0&quot;}\" data-image-title=\"pizap.com14198972749231\" data-image-description=\"\" data-image-caption=\"\" data-large-file=\"https:\/\/www.alqueria.es\/blogs\/alqueriatercerciclo\/wp-content\/uploads\/sites\/13\/2014\/12\/pizap.com14198972749231-1024x267.jpg\" class=\"aligncenter size-medium wp-image-10120\" src=\"https:\/\/cloud.alqueria.es\/wp-content\/uploads\/sites\/13\/2014\/12\/pizap.com14198972749231-300x78.jpg\" alt=\"pizap.com14198972749231\" width=\"300\" height=\"78\" srcset=\"https:\/\/www.alqueria.es\/blogs\/alqueriatercerciclo\/wp-content\/uploads\/sites\/13\/2014\/12\/pizap.com14198972749231-300x78.jpg 300w, https:\/\/www.alqueria.es\/blogs\/alqueriatercerciclo\/wp-content\/uploads\/sites\/13\/2014\/12\/pizap.com14198972749231.jpg 1024w\" sizes=\"(max-width: 300px) 100vw, 300px\" \/><\/p>\n<h5 style=\"text-align: center\">Ya lleg\u00f3 el invierno con la Navidad.<\/h5>\n<h5 style=\"text-align: center\">Las luces se encienden por la Navidad.<\/h5>\n<h5 style=\"text-align: center\">Los amigos te esperan en Nochebuena<\/h5>\n<h5 style=\"text-align: center\">para cantar villancicos la noche entera.<\/h5>\n<h5 style=\"text-align: center\">Las doce uvas habr\u00e1 que tomar<\/h5>\n<h5 style=\"text-align: center\">si no, la mala suerte te acompa\u00f1ar\u00e1.<\/h5>\n<h5 style=\"text-align: center\">Los Reyes Magos est\u00e1n por llegar,<\/h5>\n<h5 style=\"text-align: center\">prepara los zapatos que te los van a llenar.<\/h5>\n<p><img decoding=\"async\" data-attachment-id=\"10116\" data-permalink=\"https:\/\/www.alqueria.es\/blogs\/alqueriatercerciclo\/2014\/12\/30\/raps-navidenos-volumen-ii\/pizap-com14198950533371\/#main\" data-orig-file=\"https:\/\/www.alqueria.es\/blogs\/alqueriatercerciclo\/wp-content\/uploads\/sites\/13\/2014\/12\/pizap.com14198950533371.jpg\" data-orig-size=\"1024,304\" data-comments-opened=\"1\" data-image-meta=\"{&quot;aperture&quot;:&quot;0&quot;,&quot;credit&quot;:&quot;&quot;,&quot;camera&quot;:&quot;&quot;,&quot;caption&quot;:&quot;&quot;,&quot;created_timestamp&quot;:&quot;0&quot;,&quot;copyright&quot;:&quot;&quot;,&quot;focal_length&quot;:&quot;0&quot;,&quot;iso&quot;:&quot;0&quot;,&quot;shutter_speed&quot;:&quot;0&quot;,&quot;title&quot;:&quot;&quot;,&quot;orientation&quot;:&quot;0&quot;}\" data-image-title=\"pizap.com14198950533371\" data-image-description=\"\" data-image-caption=\"\" data-large-file=\"https:\/\/www.alqueria.es\/blogs\/alqueriatercerciclo\/wp-content\/uploads\/sites\/13\/2014\/12\/pizap.com14198950533371-1024x304.jpg\" class=\"aligncenter size-medium wp-image-10116\" src=\"https:\/\/cloud.alqueria.es\/wp-content\/uploads\/sites\/13\/2014\/12\/pizap.com14198950533371-300x89.jpg\" alt=\"pizap.com14198950533371\" width=\"300\" height=\"89\" srcset=\"https:\/\/www.alqueria.es\/blogs\/alqueriatercerciclo\/wp-content\/uploads\/sites\/13\/2014\/12\/pizap.com14198950533371-300x89.jpg 300w, https:\/\/www.alqueria.es\/blogs\/alqueriatercerciclo\/wp-content\/uploads\/sites\/13\/2014\/12\/pizap.com14198950533371.jpg 1024w\" sizes=\"(max-width: 300px) 100vw, 300px\" \/><\/p>\n<h5 style=\"text-align: center\">Oh yeah,<\/h5>\n<h5 style=\"text-align: center\">chicos este es el rap de la Navidad<\/h5>\n<h5 style=\"text-align: center\">vamos feliz Navidad, si<\/h5>\n<h5 style=\"text-align: center\">dale ritmo chico.<\/h5>\n<h5 style=\"text-align: center\">Me gusta la Navidad, es mi fiesta favorita<\/h5>\n<h5 style=\"text-align: center\">porque te alegran la vida y traen muchos regalos, yeah.<\/h5>\n<h5 style=\"text-align: center\">Los chicos de Alquer\u00eda<\/h5>\n<h5 style=\"text-align: center\">te desean feliz Navidad.<\/h5>\n<h5 style=\"text-align: center\">Vamos chicos que la Navidad est\u00e1 chul\u00edsima.<\/h5>\n<h5 style=\"text-align: center\">Adem\u00e1s, no vas al cole,<\/h5>\n<h5 style=\"text-align: center\">as\u00ed que es \u00e9poca de salir con tus amigos.<\/h5>\n<h5 style=\"text-align: center\">Yeah.<\/h5>\n","protected":false},"excerpt":{"rendered":"<p>Ya lleg\u00f3 la navidad, amigos y champ\u00e1n. Polvorones y turr\u00f3n, Noel ya lleg\u00f3. En la Navidad, lo reyes llegar\u00e1n dejando regalos de m\u00e1s. Ha llegado la Navidad con la familia hay que pasar. En la Navidad comida a rebosar, como Pap\u00e1 Noel la panza te pondr\u00e1s. Los pastorcillos al portal llegar\u00e1n mientras mis padres en [&hellip;]<\/p>\n","protected":false},"author":3,"featured_media":0,"comment_status":"open","ping_status":"open","sticky":false,"template":"","format":"standard","meta":{"jetpack_post_was_ever_published":false,"_jetpack_newsletter_access":"","_jetpack_dont_email_post_to_subs":false,"_jetpack_newsletter_tier_id":0,"_jetpack_memberships_contains_paywalled_content":false,"_jetpack_memberships_contains_paid_content":false,"footnotes":"","jetpack_publicize_message":"","jetpack_publicize_feature_enabled":true,"jetpack_social_post_already_shared":true,"jetpack_social_options":{"image_generator_settings":{"template":"highway","default_image_id":0,"font":"","enabled":false},"version":2}},"categories":[2,5,13,41],"tags":[97,377,149,322],"class_list":["post-10113","post","type-post","status-publish","format-standard","hentry","category-5o-epo","category-alumnos-6o-epo","category-bitacora-5o","category-lengua-5o","tag-bitacora","tag-lengua","tag-navidad","tag-rap"],"jetpack_publicize_connections":[],"jetpack_featured_media_url":"","jetpack_sharing_enabled":true,"jetpack_shortlink":"https:\/\/wp.me\/p4mLU4-2D7","_links":{"self":[{"href":"https:\/\/www.alqueria.es\/blogs\/alqueriatercerciclo\/wp-json\/wp\/v2\/posts\/10113","targetHints":{"allow":["GET"]}}],"collection":[{"href":"https:\/\/www.alqueria.es\/blogs\/alqueriatercerciclo\/wp-json\/wp\/v2\/posts"}],"about":[{"href":"https:\/\/www.alqueria.es\/blogs\/alqueriatercerciclo\/wp-json\/wp\/v2\/types\/post"}],"author":[{"embeddable":true,"href":"https:\/\/www.alqueria.es\/blogs\/alqueriatercerciclo\/wp-json\/wp\/v2\/users\/3"}],"replies":[{"embeddable":true,"href":"https:\/\/www.alqueria.es\/blogs\/alqueriatercerciclo\/wp-json\/wp\/v2\/comments?post=10113"}],"version-history":[{"count":0,"href":"https:\/\/www.alqueria.es\/blogs\/alqueriatercerciclo\/wp-json\/wp\/v2\/posts\/10113\/revisions"}],"wp:attachment":[{"href":"https:\/\/www.alqueria.es\/blogs\/alqueriatercerciclo\/wp-json\/wp\/v2\/media?parent=10113"}],"wp:term":[{"taxonomy":"category","embeddable":true,"href":"https:\/\/www.alqueria.es\/blogs\/alqueriatercerciclo\/wp-json\/wp\/v2\/categories?post=10113"},{"taxonomy":"post_tag","embeddable":true,"href":"https:\/\/www.alqueria.es\/blogs\/alqueriatercerciclo\/wp-json\/wp\/v2\/tags?post=10113"}],"curies":[{"name":"wp","href":"https:\/\/api.w.org\/{rel}","templated":true}]}}