{"id":10545,"date":"2015-11-24T19:41:37","date_gmt":"2015-11-24T18:41:37","guid":{"rendered":"https:\/\/www.alqueria.es\/blogs\/alqueriatercerciclo\/?p=10545"},"modified":"2016-02-27T22:12:45","modified_gmt":"2016-02-27T21:12:45","slug":"muy-chulo-luego-estuvimos-en-una-sala-con-ellos-a-solas-nos-dieron-ideas-para-nuestra-propia-radio-tambien-nos-ensenaron-como-habia-que-preparar-el-guion-nos-dijeron-que-si-queriamos-nos-podia","status":"publish","type":"post","link":"https:\/\/www.alqueria.es\/blogs\/alqueriatercerciclo\/2015\/11\/24\/muy-chulo-luego-estuvimos-en-una-sala-con-ellos-a-solas-nos-dieron-ideas-para-nuestra-propia-radio-tambien-nos-ensenaron-como-habia-que-preparar-el-guion-nos-dijeron-que-si-queriamos-nos-podia\/","title":{"rendered":"D\u00cdA DE LA INFANCIA EN LA RADIO"},"content":{"rendered":"<h5><img decoding=\"async\" data-attachment-id=\"10553\" data-permalink=\"https:\/\/www.alqueria.es\/blogs\/alqueriatercerciclo\/2015\/11\/24\/muy-chulo-luego-estuvimos-en-una-sala-con-ellos-a-solas-nos-dieron-ideas-para-nuestra-propia-radio-tambien-nos-ensenaron-como-habia-que-preparar-el-guion-nos-dijeron-que-si-queriamos-nos-podia\/20151120_095624\/#main\" data-orig-file=\"https:\/\/www.alqueria.es\/blogs\/alqueriatercerciclo\/wp-content\/uploads\/sites\/13\/2015\/11\/20151120_095624.jpg\" data-orig-size=\"1024,576\" data-comments-opened=\"1\" data-image-meta=\"{&quot;aperture&quot;:&quot;0&quot;,&quot;credit&quot;:&quot;&quot;,&quot;camera&quot;:&quot;&quot;,&quot;caption&quot;:&quot;&quot;,&quot;created_timestamp&quot;:&quot;0&quot;,&quot;copyright&quot;:&quot;&quot;,&quot;focal_length&quot;:&quot;0&quot;,&quot;iso&quot;:&quot;0&quot;,&quot;shutter_speed&quot;:&quot;0&quot;,&quot;title&quot;:&quot;&quot;,&quot;orientation&quot;:&quot;0&quot;}\" data-image-title=\"20151120_095624\" data-image-description=\"\" data-image-caption=\"\" data-large-file=\"https:\/\/www.alqueria.es\/blogs\/alqueriatercerciclo\/wp-content\/uploads\/sites\/13\/2015\/11\/20151120_095624-1024x576.jpg\" class=\"aligncenter wp-image-10553 size-large\" src=\"https:\/\/cloud.alqueria.es\/wp-content\/uploads\/sites\/13\/2015\/11\/20151120_095624-1024x576.jpg\" alt=\"20151120_095624\" width=\"960\" height=\"540\" srcset=\"https:\/\/www.alqueria.es\/blogs\/alqueriatercerciclo\/wp-content\/uploads\/sites\/13\/2015\/11\/20151120_095624.jpg 1024w, https:\/\/www.alqueria.es\/blogs\/alqueriatercerciclo\/wp-content\/uploads\/sites\/13\/2015\/11\/20151120_095624-300x169.jpg 300w\" sizes=\"(max-width: 960px) 100vw, 960px\" \/><\/h5>\n<h5>La ma\u00f1ana del 20 de noviembre llegamos a la radio a las 8:45h. Nosotros no \u00e9ramos los \u00fanicos que est\u00e1bamos en la Escuela de Salud para ver y escuchar la radio en directo, hab\u00eda dos colegios m\u00e1s, el instituto de ense\u00f1anza secundaria Albaic\u00edn y el colegio Cristo de la Yedra. en la entrada, Helga nos dio unos libritos sobre el XI Foro Andaluz de la Infancia con nuestros derechos en pictogramas para leerlo y entender que los ni\u00f1os que tienen dificultades para aprender puedan saberlo.<\/h5>\n<h5>Entramos y todo el mundo estaba en silencio, todav\u00eda no hab\u00eda acabado el programa de antes.<\/h5>\n<h5>Cuando empez\u00f3 \u00abLa Hora de Andaluc\u00eda\u00bb sobre el d\u00eda de la Infancia, todos escuch\u00e1bamos con atenci\u00f3n. Primero le preguntaron\u00a0a Alfredo que si sab\u00eda por qu\u00e9 estaba all\u00ed. \u00c9l dijo que era el d\u00eda de la infancia, que estaba muy bien pero los ni\u00f1os refugiados de Siria estaban\u00a0muy mal porque los adultos pod\u00edan pasar la frontera y a veces lo ni\u00f1os no. En su entorno le preocupa el mal estado de los parques y lo mal conservados que est\u00e1n.<\/h5>\n<p class=\"jetpack-slideshow-noscript robots-nocontent\">El pase de diapositivas requiere JavaScript.<\/p><div id=\"gallery-10545-1-slideshow\" class=\"jetpack-slideshow-window jetpack-slideshow jetpack-slideshow-black\" data-trans=\"fade\" data-autostart=\"1\" data-gallery=\"[{&quot;src&quot;:&quot;https:\\\/\\\/www.alqueria.es\\\/blogs\\\/alqueriatercerciclo\\\/wp-content\\\/uploads\\\/sites\\\/13\\\/2015\\\/11\\\/SAM_1869.jpg&quot;,&quot;id&quot;:&quot;10558&quot;,&quot;title&quot;:&quot;SAM_1869&quot;,&quot;alt&quot;:&quot;&quot;,&quot;caption&quot;:&quot;&quot;,&quot;itemprop&quot;:&quot;image&quot;},{&quot;src&quot;:&quot;https:\\\/\\\/www.alqueria.es\\\/blogs\\\/alqueriatercerciclo\\\/wp-content\\\/uploads\\\/sites\\\/13\\\/2015\\\/11\\\/20151120_100201.jpg&quot;,&quot;id&quot;:&quot;10559&quot;,&quot;title&quot;:&quot;20151120_100201&quot;,&quot;alt&quot;:&quot;&quot;,&quot;caption&quot;:&quot;&quot;,&quot;itemprop&quot;:&quot;image&quot;},{&quot;src&quot;:&quot;https:\\\/\\\/www.alqueria.es\\\/blogs\\\/alqueriatercerciclo\\\/wp-content\\\/uploads\\\/sites\\\/13\\\/2015\\\/11\\\/SAM_1849.jpg&quot;,&quot;id&quot;:&quot;10557&quot;,&quot;title&quot;:&quot;SAM_1849&quot;,&quot;alt&quot;:&quot;&quot;,&quot;caption&quot;:&quot;&quot;,&quot;itemprop&quot;:&quot;image&quot;},{&quot;src&quot;:&quot;https:\\\/\\\/www.alqueria.es\\\/blogs\\\/alqueriatercerciclo\\\/wp-content\\\/uploads\\\/sites\\\/13\\\/2015\\\/11\\\/SAM_1844.jpg&quot;,&quot;id&quot;:&quot;10556&quot;,&quot;title&quot;:&quot;SAM_1844&quot;,&quot;alt&quot;:&quot;&quot;,&quot;caption&quot;:&quot;&quot;,&quot;itemprop&quot;:&quot;image&quot;},{&quot;src&quot;:&quot;https:\\\/\\\/www.alqueria.es\\\/blogs\\\/alqueriatercerciclo\\\/wp-content\\\/uploads\\\/sites\\\/13\\\/2015\\\/11\\\/20151120_092415.jpg&quot;,&quot;id&quot;:&quot;10554&quot;,&quot;title&quot;:&quot;20151120_092415&quot;,&quot;alt&quot;:&quot;&quot;,&quot;caption&quot;:&quot;&quot;,&quot;itemprop&quot;:&quot;image&quot;}]\" itemscope itemtype=\"https:\/\/schema.org\/ImageGallery\"><\/div>\n<h5><a href=\"http:\/\/livestream.com\/easptv\/XIForoAndaluzInfancia\/videos\/105020314\" target=\"_blank\">Programa al completo<\/a>\u00a0(el \u00faltimo de los cuatro v\u00eddeos).<\/h5>\n<h5>Tambi\u00e9n le preguntaron a Celia V. y a Valentina, cosas como estas:<\/h5>\n<h5>&#8211; Qu\u00e9 quer\u00edan ser de mayores y de qu\u00e9 les gustaba el bocadillo del recreo.<\/h5>\n<h5>Cuando les preguntaron de qu\u00e9 le gustaba el bocadillo, contestaron que a ellas en su colegio les daban fruta y picos de pan. Se quedaron muy sorprendidos porque dijeron que entonces los profesores se preocupaban por ellas.<\/h5>\n<h5>A nosotros lo que m\u00e1s nos gust\u00f3 fue salir en la radio y hablar de estos problemas de ni\u00f1os y ni\u00f1as de todo el mundo. Ellos vieron much\u00edsimo inter\u00e9s por nuestra parte, y eso, les gust\u00f3 mucho.\u00a0Nos pareci\u00f3 muy chulo.<\/h5>\n<h5>Luego, estuvimos en una sala con los locutores a solas (Tom Mart\u00edn Ben\u00edtez y Maite Chac\u00f3n), nos dieron ideas para nuestra propia radio. Tambi\u00e9n nos ense\u00f1aron c\u00f3mo hab\u00eda que preparar el gui\u00f3n, las secciones, publicidad, c\u00f3mo hacer una entradilla de programa y muchas m\u00e1s cosas. Podr\u00edamos hablar de cosas que suceden en el colegio, hacer entrevistas a compa\u00f1eros o familias. Todo organizado con tiempo y teniendo en cuenta los que van a hablar y los que van a llevar la parte t\u00e9cnica mezclando audios y sonidos.<\/h5>\n<p class=\"jetpack-slideshow-noscript robots-nocontent\">El pase de diapositivas requiere JavaScript.<\/p><div id=\"gallery-10545-2-slideshow\" class=\"jetpack-slideshow-window jetpack-slideshow jetpack-slideshow-black\" data-trans=\"fade\" data-autostart=\"1\" data-gallery=\"[{&quot;src&quot;:&quot;https:\\\/\\\/www.alqueria.es\\\/blogs\\\/alqueriatercerciclo\\\/wp-content\\\/uploads\\\/sites\\\/13\\\/2015\\\/11\\\/20151120_102044.jpg&quot;,&quot;id&quot;:&quot;10560&quot;,&quot;title&quot;:&quot;20151120_102044&quot;,&quot;alt&quot;:&quot;&quot;,&quot;caption&quot;:&quot;&quot;,&quot;itemprop&quot;:&quot;image&quot;},{&quot;src&quot;:&quot;https:\\\/\\\/www.alqueria.es\\\/blogs\\\/alqueriatercerciclo\\\/wp-content\\\/uploads\\\/sites\\\/13\\\/2015\\\/11\\\/20151120_104008.jpg&quot;,&quot;id&quot;:&quot;10561&quot;,&quot;title&quot;:&quot;20151120_104008&quot;,&quot;alt&quot;:&quot;&quot;,&quot;caption&quot;:&quot;&quot;,&quot;itemprop&quot;:&quot;image&quot;},{&quot;src&quot;:&quot;https:\\\/\\\/www.alqueria.es\\\/blogs\\\/alqueriatercerciclo\\\/wp-content\\\/uploads\\\/sites\\\/13\\\/2015\\\/11\\\/20151120_104257.jpg&quot;,&quot;id&quot;:&quot;10562&quot;,&quot;title&quot;:&quot;20151120_104257&quot;,&quot;alt&quot;:&quot;&quot;,&quot;caption&quot;:&quot;&quot;,&quot;itemprop&quot;:&quot;image&quot;},{&quot;src&quot;:&quot;https:\\\/\\\/www.alqueria.es\\\/blogs\\\/alqueriatercerciclo\\\/wp-content\\\/uploads\\\/sites\\\/13\\\/2015\\\/11\\\/20151120_110446.jpg&quot;,&quot;id&quot;:&quot;10563&quot;,&quot;title&quot;:&quot;20151120_110446&quot;,&quot;alt&quot;:&quot;&quot;,&quot;caption&quot;:&quot;&quot;,&quot;itemprop&quot;:&quot;image&quot;},{&quot;src&quot;:&quot;https:\\\/\\\/www.alqueria.es\\\/blogs\\\/alqueriatercerciclo\\\/wp-content\\\/uploads\\\/sites\\\/13\\\/2015\\\/11\\\/20151120_134233.jpg&quot;,&quot;id&quot;:&quot;10564&quot;,&quot;title&quot;:&quot;20151120_134233&quot;,&quot;alt&quot;:&quot;&quot;,&quot;caption&quot;:&quot;&quot;,&quot;itemprop&quot;:&quot;image&quot;}]\" itemscope itemtype=\"https:\/\/schema.org\/ImageGallery\"><\/div>\n<h5>Nos llam\u00f3 la atenci\u00f3n lo importante que es la m\u00fasica en un programa, hay que seleccionarla y mantenerla de fondo para que no tape las voces de los locutores.<\/h5>\n<h5>Nos dijeron que si quer\u00edamos, nos pod\u00edan grabar la entrada de la radio y un eslogan. Despu\u00e9s se tuvieron que ir pero nos quedamos con muchas ideas. Fueron muy amables y nos explicaron con mucha claridad, les tenemos que dar las gracias por su tiempo.<\/h5>\n<h5>\u00a1\u00a1Ese es nuestro pr\u00f3ximo proyecto!!<\/h5>\n<p><img decoding=\"async\" data-attachment-id=\"10551\" data-permalink=\"https:\/\/www.alqueria.es\/blogs\/alqueriatercerciclo\/2015\/11\/24\/muy-chulo-luego-estuvimos-en-una-sala-con-ellos-a-solas-nos-dieron-ideas-para-nuestra-propia-radio-tambien-nos-ensenaron-como-habia-que-preparar-el-guion-nos-dijeron-que-si-queriamos-nos-podia\/img_3778-2\/#main\" data-orig-file=\"https:\/\/www.alqueria.es\/blogs\/alqueriatercerciclo\/wp-content\/uploads\/sites\/13\/2015\/11\/IMG_37781.jpg\" data-orig-size=\"1024,599\" data-comments-opened=\"1\" data-image-meta=\"{&quot;aperture&quot;:&quot;0&quot;,&quot;credit&quot;:&quot;&quot;,&quot;camera&quot;:&quot;&quot;,&quot;caption&quot;:&quot;&quot;,&quot;created_timestamp&quot;:&quot;0&quot;,&quot;copyright&quot;:&quot;&quot;,&quot;focal_length&quot;:&quot;0&quot;,&quot;iso&quot;:&quot;0&quot;,&quot;shutter_speed&quot;:&quot;0&quot;,&quot;title&quot;:&quot;&quot;,&quot;orientation&quot;:&quot;0&quot;}\" data-image-title=\"IMG_3778\" data-image-description=\"\" data-image-caption=\"\" data-large-file=\"https:\/\/www.alqueria.es\/blogs\/alqueriatercerciclo\/wp-content\/uploads\/sites\/13\/2015\/11\/IMG_37781-1024x599.jpg\" class=\"aligncenter size-large wp-image-10551\" src=\"https:\/\/cloud.alqueria.es\/wp-content\/uploads\/sites\/13\/2015\/11\/IMG_37781-1024x599.jpg\" alt=\"IMG_3778\" width=\"960\" height=\"562\" srcset=\"https:\/\/www.alqueria.es\/blogs\/alqueriatercerciclo\/wp-content\/uploads\/sites\/13\/2015\/11\/IMG_37781.jpg 1024w, https:\/\/www.alqueria.es\/blogs\/alqueriatercerciclo\/wp-content\/uploads\/sites\/13\/2015\/11\/IMG_37781-300x175.jpg 300w\" sizes=\"(max-width: 960px) 100vw, 960px\" \/><\/p>\n","protected":false},"excerpt":{"rendered":"<p>La ma\u00f1ana del 20 de noviembre llegamos a la radio a las 8:45h. Nosotros no \u00e9ramos los \u00fanicos que est\u00e1bamos en la Escuela de Salud para ver y escuchar la radio en directo, hab\u00eda dos colegios m\u00e1s, el instituto de ense\u00f1anza secundaria Albaic\u00edn y el colegio Cristo de la Yedra. en la entrada, Helga nos [&hellip;]<\/p>\n","protected":false},"author":35,"featured_media":0,"comment_status":"open","ping_status":"open","sticky":false,"template":"","format":"standard","meta":{"jetpack_post_was_ever_published":false,"_jetpack_newsletter_access":"","_jetpack_dont_email_post_to_subs":false,"_jetpack_newsletter_tier_id":0,"_jetpack_memberships_contains_paywalled_content":false,"_jetpack_memberships_contains_paid_content":false,"footnotes":"","jetpack_publicize_message":"","jetpack_publicize_feature_enabled":true,"jetpack_social_post_already_shared":true,"jetpack_social_options":{"image_generator_settings":{"template":"highway","default_image_id":0,"font":"","enabled":false},"version":2}},"categories":[5],"tags":[416,417,325,162,415],"class_list":["post-10545","post","type-post","status-publish","format-standard","hentry","category-alumnos-6o-epo","tag-dia-de-la-infancia","tag-escuela-de-salud-publica-de-granada","tag-proyecto","tag-proyecto-de-trabajo","tag-radio"],"jetpack_publicize_connections":[],"jetpack_featured_media_url":"","jetpack_sharing_enabled":true,"jetpack_shortlink":"https:\/\/wp.me\/p4mLU4-2K5","_links":{"self":[{"href":"https:\/\/www.alqueria.es\/blogs\/alqueriatercerciclo\/wp-json\/wp\/v2\/posts\/10545","targetHints":{"allow":["GET"]}}],"collection":[{"href":"https:\/\/www.alqueria.es\/blogs\/alqueriatercerciclo\/wp-json\/wp\/v2\/posts"}],"about":[{"href":"https:\/\/www.alqueria.es\/blogs\/alqueriatercerciclo\/wp-json\/wp\/v2\/types\/post"}],"author":[{"embeddable":true,"href":"https:\/\/www.alqueria.es\/blogs\/alqueriatercerciclo\/wp-json\/wp\/v2\/users\/35"}],"replies":[{"embeddable":true,"href":"https:\/\/www.alqueria.es\/blogs\/alqueriatercerciclo\/wp-json\/wp\/v2\/comments?post=10545"}],"version-history":[{"count":0,"href":"https:\/\/www.alqueria.es\/blogs\/alqueriatercerciclo\/wp-json\/wp\/v2\/posts\/10545\/revisions"}],"wp:attachment":[{"href":"https:\/\/www.alqueria.es\/blogs\/alqueriatercerciclo\/wp-json\/wp\/v2\/media?parent=10545"}],"wp:term":[{"taxonomy":"category","embeddable":true,"href":"https:\/\/www.alqueria.es\/blogs\/alqueriatercerciclo\/wp-json\/wp\/v2\/categories?post=10545"},{"taxonomy":"post_tag","embeddable":true,"href":"https:\/\/www.alqueria.es\/blogs\/alqueriatercerciclo\/wp-json\/wp\/v2\/tags?post=10545"}],"curies":[{"name":"wp","href":"https:\/\/api.w.org\/{rel}","templated":true}]}}