{"id":11295,"date":"2016-11-30T16:19:41","date_gmt":"2016-11-30T15:19:41","guid":{"rendered":"https:\/\/www.alqueria.es\/blogs\/alqueriatercerciclo\/?p=11295"},"modified":"2017-04-01T10:31:56","modified_gmt":"2017-04-01T08:31:56","slug":"cancion-favorita-de-carla-a-quiero-de-malu","status":"publish","type":"post","link":"https:\/\/www.alqueria.es\/blogs\/alqueriatercerciclo\/2016\/11\/30\/cancion-favorita-de-carla-a-quiero-de-malu\/","title":{"rendered":"Canci\u00f3n favorita de Carla A: \u00abQuiero\u00bb de Mal\u00fa"},"content":{"rendered":"<h5>Mar\u00eda Luc\u00eda S\u00e1nchez Ben\u00edtez realmente conocida como Mal\u00fa.<\/h5>\n<h5>Es una cantante espa\u00f1ola.<\/h5>\n<h5>Fecha de nacimiento: 15 de marzo de 1982 por loque tiene 34 \u00a0a\u00f1os. Ella es de Madrid y sus padres son Pepi Ben\u00edtez y Pepe de Luc\u00eda. Su hermano Jose de Luc\u00eda.<\/h5>\n<h5>Con m\u00e1s de 2 500 000 de discos vendidos cuenta con numerosos\u00a0reconocimientos como la medalla de Andaluc\u00eda por toda una carrera en el 2015. Fue premio ondas a la mejor cantante del a\u00f1o en 2014 con dos reconocimiento en los Grammy latinos.<\/h5>\n<h5>A mi me gusta esta canci\u00f3n desde hace un a\u00f1o m\u00e1s o menos. Es una canci\u00f3n que expresa felicidad,energ\u00eda, coraje, positividad y fuerza.<\/h5>\n<h5>El \u00e1lbum que acaba de sacar se llama: CAOS.<\/h5>\n<h5>Otras canciones que me gustan son: Blanco y negro, Caos y Cenizas.<\/h5>\n<p><span class=\"embed-youtube\" style=\"text-align:center; display: block;\"><div class=\"a25-CTUOC-hidding-box\" data-original-content=\"&lt;iframe loading=&quot;lazy&quot; class=&quot;youtube-player&quot; width=&quot;960&quot; height=&quot;540&quot; src=&quot;https:\/\/www.youtube.com\/embed\/rh6hJx6YraM?version=3&amp;#038;rel=1&amp;#038;showsearch=0&amp;#038;showinfo=1&amp;#038;iv_load_policy=1&amp;#038;fs=1&amp;#038;hl=es-ES&amp;#038;autohide=2&amp;#038;wmode=transparent&quot; allowfullscreen=&quot;true&quot; style=&quot;border:0;&quot; sandbox=&quot;allow-scripts allow-same-origin allow-popups allow-presentation allow-popups-to-escape-sandbox&quot;&gt;&lt;\/iframe&gt;\">Esta p\u00e1gina incluye contenido multimedia que requiere aceptar todas las cookies. Pulse aqu\u00ed para abrir la configuraci\u00f3n de cookies.<\/div><\/span><\/p>\n<p>&nbsp;<\/p>\n<p>&nbsp;<\/p>\n<p>&nbsp;<\/p>\n<p>&nbsp;<\/p>\n<p>&nbsp;<\/p>\n","protected":false},"excerpt":{"rendered":"<p>Mar\u00eda Luc\u00eda S\u00e1nchez Ben\u00edtez realmente conocida como Mal\u00fa. Es una cantante espa\u00f1ola. Fecha de nacimiento: 15 de marzo de 1982 por loque tiene 34 \u00a0a\u00f1os. Ella es de Madrid y sus padres son Pepi Ben\u00edtez y Pepe de Luc\u00eda. Su hermano Jose de Luc\u00eda. Con m\u00e1s de 2 500 000 de discos vendidos cuenta con [&hellip;]<\/p>\n","protected":false},"author":35,"featured_media":0,"comment_status":"open","ping_status":"open","sticky":false,"template":"","format":"standard","meta":{"jetpack_post_was_ever_published":false,"_jetpack_newsletter_access":"","_jetpack_dont_email_post_to_subs":true,"_jetpack_newsletter_tier_id":0,"_jetpack_memberships_contains_paywalled_content":false,"_jetpack_memberships_contains_paid_content":false,"footnotes":"","jetpack_publicize_message":"","jetpack_publicize_feature_enabled":true,"jetpack_social_post_already_shared":true,"jetpack_social_options":{"image_generator_settings":{"template":"highway","default_image_id":0,"font":"","enabled":false},"version":2}},"categories":[2,499,41],"tags":[97,498,515,377,534,206],"class_list":["post-11295","post","type-post","status-publish","format-standard","hentry","category-5o-epo","category-cancion-favorita","category-lengua-5o","tag-bitacora","tag-cancion-favorita","tag-carla-a","tag-lengua","tag-malu","tag-youtube"],"jetpack_publicize_connections":[],"jetpack_featured_media_url":"","jetpack_sharing_enabled":true,"jetpack_shortlink":"https:\/\/wp.me\/p4mLU4-2Wb","_links":{"self":[{"href":"https:\/\/www.alqueria.es\/blogs\/alqueriatercerciclo\/wp-json\/wp\/v2\/posts\/11295","targetHints":{"allow":["GET"]}}],"collection":[{"href":"https:\/\/www.alqueria.es\/blogs\/alqueriatercerciclo\/wp-json\/wp\/v2\/posts"}],"about":[{"href":"https:\/\/www.alqueria.es\/blogs\/alqueriatercerciclo\/wp-json\/wp\/v2\/types\/post"}],"author":[{"embeddable":true,"href":"https:\/\/www.alqueria.es\/blogs\/alqueriatercerciclo\/wp-json\/wp\/v2\/users\/35"}],"replies":[{"embeddable":true,"href":"https:\/\/www.alqueria.es\/blogs\/alqueriatercerciclo\/wp-json\/wp\/v2\/comments?post=11295"}],"version-history":[{"count":0,"href":"https:\/\/www.alqueria.es\/blogs\/alqueriatercerciclo\/wp-json\/wp\/v2\/posts\/11295\/revisions"}],"wp:attachment":[{"href":"https:\/\/www.alqueria.es\/blogs\/alqueriatercerciclo\/wp-json\/wp\/v2\/media?parent=11295"}],"wp:term":[{"taxonomy":"category","embeddable":true,"href":"https:\/\/www.alqueria.es\/blogs\/alqueriatercerciclo\/wp-json\/wp\/v2\/categories?post=11295"},{"taxonomy":"post_tag","embeddable":true,"href":"https:\/\/www.alqueria.es\/blogs\/alqueriatercerciclo\/wp-json\/wp\/v2\/tags?post=11295"}],"curies":[{"name":"wp","href":"https:\/\/api.w.org\/{rel}","templated":true}]}}