{"id":12311,"date":"2017-09-12T10:28:39","date_gmt":"2017-09-12T08:28:39","guid":{"rendered":"https:\/\/www.alqueria.es\/blogs\/alqueriatercerciclo\/?p=12311"},"modified":"2017-10-06T10:35:49","modified_gmt":"2017-10-06T08:35:49","slug":"dia-europeo-de-las-lenguas-2","status":"publish","type":"post","link":"https:\/\/www.alqueria.es\/blogs\/alqueriatercerciclo\/2017\/09\/12\/dia-europeo-de-las-lenguas-2\/","title":{"rendered":"D\u00eda Europeo de las Lenguas"},"content":{"rendered":"<h5>El\u00a0D\u00eda Europeo de las Lenguas, que se celebra el d\u00eda\u00a026 de septiembre, es una iniciativa nacida en\u00a02001\u00a0de la mano de la Comisi\u00f3n Europea y del Consejo de Europa, que representa a 800 millones de ciudadanos de 47 pa\u00edses. (Fuente www.cervantes.es).<\/h5>\n<h5><img decoding=\"async\" data-attachment-id=\"12312\" data-permalink=\"https:\/\/www.alqueria.es\/blogs\/alqueriatercerciclo\/2017\/09\/12\/dia-europeo-de-las-lenguas-2\/dia_eu-lenguas_ic\/#main\" data-orig-file=\"https:\/\/cloud.alqueria.es\/wp-content\/uploads\/sites\/13\/2017\/09\/dia_eu-lenguas_ic.gif\" data-orig-size=\"150,150\" data-comments-opened=\"1\" data-image-meta=\"{&quot;aperture&quot;:&quot;0&quot;,&quot;credit&quot;:&quot;&quot;,&quot;camera&quot;:&quot;&quot;,&quot;caption&quot;:&quot;&quot;,&quot;created_timestamp&quot;:&quot;0&quot;,&quot;copyright&quot;:&quot;&quot;,&quot;focal_length&quot;:&quot;0&quot;,&quot;iso&quot;:&quot;0&quot;,&quot;shutter_speed&quot;:&quot;0&quot;,&quot;title&quot;:&quot;&quot;,&quot;orientation&quot;:&quot;0&quot;}\" data-image-title=\"dia_eu-lenguas_ic\" data-image-description=\"\" data-image-caption=\"\" data-large-file=\"https:\/\/cloud.alqueria.es\/wp-content\/uploads\/sites\/13\/2017\/09\/dia_eu-lenguas_ic.gif\" class=\"aligncenter size-full wp-image-12312\" src=\"https:\/\/cloud.alqueria.es\/wp-content\/uploads\/sites\/13\/2017\/09\/dia_eu-lenguas_ic.gif\" alt=\"\" width=\"150\" height=\"150\" \/><\/h5>\n<h5><\/h5>\n<h5>Os contamos un resumen de lo quem\u00b4s nos llam\u00f3 la atenci\u00f3n de cada clase:<\/h5>\n<h5>ENGLISH (UK)- YEAR 1<\/h5>\n<h5>Nos cont\u00f3 una historia de la autora de\u00a0 Harry Potter: J.K. Rowling. Su familia no ten\u00eda dinero, de peque\u00f1a le gustaba escribir libros y de mayor estaba en una parada de tren para pensar. All\u00ed es donde se le ocurri\u00f3 la historia de fantas\u00eda de Harry. Ese libro fue entregado a la hija de un gran empresario que ten\u00eda una editorial. A esa ni\u00f1a le gust\u00f3 el libro y el empresario public\u00f3 sus libros.<\/h5>\n<p><img decoding=\"async\" data-attachment-id=\"12317\" data-permalink=\"https:\/\/www.alqueria.es\/blogs\/alqueriatercerciclo\/2017\/09\/12\/dia-europeo-de-las-lenguas-2\/james-1024x768\/#main\" data-orig-file=\"https:\/\/cloud.alqueria.es\/wp-content\/uploads\/sites\/13\/2017\/09\/james-1024x768.jpg\" data-orig-size=\"1024,768\" data-comments-opened=\"1\" data-image-meta=\"{&quot;aperture&quot;:&quot;0&quot;,&quot;credit&quot;:&quot;&quot;,&quot;camera&quot;:&quot;&quot;,&quot;caption&quot;:&quot;&quot;,&quot;created_timestamp&quot;:&quot;0&quot;,&quot;copyright&quot;:&quot;&quot;,&quot;focal_length&quot;:&quot;0&quot;,&quot;iso&quot;:&quot;0&quot;,&quot;shutter_speed&quot;:&quot;0&quot;,&quot;title&quot;:&quot;&quot;,&quot;orientation&quot;:&quot;0&quot;}\" data-image-title=\"james-1024&amp;#215;768\" data-image-description=\"\" data-image-caption=\"\" data-large-file=\"https:\/\/cloud.alqueria.es\/wp-content\/uploads\/sites\/13\/2017\/09\/james-1024x768-1024x768.jpg\" class=\"aligncenter size-large wp-image-12317\" src=\"https:\/\/cloud.alqueria.es\/wp-content\/uploads\/sites\/13\/2017\/09\/james-1024x768-1024x768.jpg\" alt=\"\" width=\"960\" height=\"720\" srcset=\"https:\/\/cloud.alqueria.es\/wp-content\/uploads\/sites\/13\/2017\/09\/james-1024x768.jpg 1024w, https:\/\/cloud.alqueria.es\/wp-content\/uploads\/sites\/13\/2017\/09\/james-1024x768-300x225.jpg 300w, https:\/\/cloud.alqueria.es\/wp-content\/uploads\/sites\/13\/2017\/09\/james-1024x768-768x576.jpg 768w\" sizes=\"(max-width: 960px) 100vw, 960px\" \/><\/p>\n<h5>BASQUE \u2013 YEAR 2<\/h5>\n<h5>En la clase de segundo, Mikel (padre de Aitor de cuarto y Julen de segundo) nos ha dado una charla sobre el vasco que fue el primero en dar la vuelta al mundo. Primero nos habl\u00f3 en vasco durante la primera parte y muy r\u00e1pido. Nos ense\u00f1\u00f3 algunas palabras vascas.<\/h5>\n<h5>La charla fue muy interesante y aprendimos un mont\u00f3n de cosas nuevas como que antes la gente cre\u00eda que el mundo era plano y te pod\u00edas caer.<\/h5>\n<p><img decoding=\"async\" data-attachment-id=\"12319\" data-permalink=\"https:\/\/www.alqueria.es\/blogs\/alqueriatercerciclo\/2017\/09\/12\/dia-europeo-de-las-lenguas-2\/mikel-1024x768\/#main\" data-orig-file=\"https:\/\/cloud.alqueria.es\/wp-content\/uploads\/sites\/13\/2017\/09\/mikel-1024x768.jpg\" data-orig-size=\"1024,768\" data-comments-opened=\"1\" data-image-meta=\"{&quot;aperture&quot;:&quot;0&quot;,&quot;credit&quot;:&quot;&quot;,&quot;camera&quot;:&quot;&quot;,&quot;caption&quot;:&quot;&quot;,&quot;created_timestamp&quot;:&quot;0&quot;,&quot;copyright&quot;:&quot;&quot;,&quot;focal_length&quot;:&quot;0&quot;,&quot;iso&quot;:&quot;0&quot;,&quot;shutter_speed&quot;:&quot;0&quot;,&quot;title&quot;:&quot;&quot;,&quot;orientation&quot;:&quot;0&quot;}\" data-image-title=\"mikel-1024&amp;#215;768\" data-image-description=\"\" data-image-caption=\"\" data-large-file=\"https:\/\/cloud.alqueria.es\/wp-content\/uploads\/sites\/13\/2017\/09\/mikel-1024x768-1024x768.jpg\" class=\"aligncenter size-large wp-image-12319\" src=\"https:\/\/cloud.alqueria.es\/wp-content\/uploads\/sites\/13\/2017\/09\/mikel-1024x768-1024x768.jpg\" alt=\"\" width=\"960\" height=\"720\" srcset=\"https:\/\/cloud.alqueria.es\/wp-content\/uploads\/sites\/13\/2017\/09\/mikel-1024x768.jpg 1024w, https:\/\/cloud.alqueria.es\/wp-content\/uploads\/sites\/13\/2017\/09\/mikel-1024x768-300x225.jpg 300w, https:\/\/cloud.alqueria.es\/wp-content\/uploads\/sites\/13\/2017\/09\/mikel-1024x768-768x576.jpg 768w\" sizes=\"(max-width: 960px) 100vw, 960px\" \/><\/p>\n<h5><span style=\"color: #ff0000\">Mario C.<\/span><\/h5>\n<h5>DUTCH- YEAR 3<\/h5>\n<h5>En la clase de tercero, Wouter (padre de Pablo K. de sexto y Miguel de tercero) estuvo hablando sobre Vincent Van Gogh en holand\u00e9s. Aunque despu\u00e9s nos lo tradujo al espa\u00f1ol. \u00a1Qu\u00e9 dif\u00edcil es el Holand\u00e9s!<\/h5>\n<h5>Estuvo muy chulo y nos ense\u00f1\u00f3 muchas palabras en su idioma y, adem\u00e1s nos explic\u00f3 mucho sobre este pintor tan conocido como por ejemplo que invent\u00f3 un nuevo estilo de pintura: el \u00abpuntilismo\u00bb, tambi\u00e9n que se volvi\u00f3 loco y que hay un museo sobre \u00e9l en Amsterdam. Sus pinturas famosas las hizo en Francia.<\/h5>\n<p><img decoding=\"async\" data-attachment-id=\"12323\" data-permalink=\"https:\/\/www.alqueria.es\/blogs\/alqueriatercerciclo\/2017\/09\/12\/dia-europeo-de-las-lenguas-2\/wouter-1024x768\/#main\" data-orig-file=\"https:\/\/cloud.alqueria.es\/wp-content\/uploads\/sites\/13\/2017\/09\/wouter-1024x768.jpg\" data-orig-size=\"1024,768\" data-comments-opened=\"1\" data-image-meta=\"{&quot;aperture&quot;:&quot;0&quot;,&quot;credit&quot;:&quot;&quot;,&quot;camera&quot;:&quot;&quot;,&quot;caption&quot;:&quot;&quot;,&quot;created_timestamp&quot;:&quot;0&quot;,&quot;copyright&quot;:&quot;&quot;,&quot;focal_length&quot;:&quot;0&quot;,&quot;iso&quot;:&quot;0&quot;,&quot;shutter_speed&quot;:&quot;0&quot;,&quot;title&quot;:&quot;&quot;,&quot;orientation&quot;:&quot;0&quot;}\" data-image-title=\"wouter-1024&amp;#215;768\" data-image-description=\"\" data-image-caption=\"\" data-large-file=\"https:\/\/cloud.alqueria.es\/wp-content\/uploads\/sites\/13\/2017\/09\/wouter-1024x768-1024x768.jpg\" class=\"aligncenter size-large wp-image-12323\" src=\"https:\/\/cloud.alqueria.es\/wp-content\/uploads\/sites\/13\/2017\/09\/wouter-1024x768-1024x768.jpg\" alt=\"\" width=\"960\" height=\"720\" srcset=\"https:\/\/cloud.alqueria.es\/wp-content\/uploads\/sites\/13\/2017\/09\/wouter-1024x768.jpg 1024w, https:\/\/cloud.alqueria.es\/wp-content\/uploads\/sites\/13\/2017\/09\/wouter-1024x768-300x225.jpg 300w, https:\/\/cloud.alqueria.es\/wp-content\/uploads\/sites\/13\/2017\/09\/wouter-1024x768-768x576.jpg 768w\" sizes=\"(max-width: 960px) 100vw, 960px\" \/><\/p>\n<h5><span style=\"color: #0000ff\">Samuel y\u00a0<span style=\"color: #ff0000\">Mario C.<\/span><\/span><\/h5>\n<h5>ENGLISH (IRELAND) \u2013 YEAR 4<\/h5>\n<h5>En la clase de cuarto (el padre de Mateo de tercero) nos ha hecho una conferencia pero antes nos ha dicho que le pregunt\u00e1semos cosas como: \u00abwhat your name?\u00bb, \u00abhow old are you?\u00bb&#8230;<\/h5>\n<h5>Tras un rato rompi\u00e9ndonos la cabeza y pensando en m\u00e1s preguntas, empez\u00f3 a contarnos sobre personas famosas de Ireland como U2.<\/h5>\n<h5>Ha estado muy chula y divertida. \u00a1Hemos aprendido m\u00e1s ingl\u00e9s del que sab\u00edamos!<\/h5>\n<p><img decoding=\"async\" data-attachment-id=\"12321\" data-permalink=\"https:\/\/www.alqueria.es\/blogs\/alqueriatercerciclo\/2017\/09\/12\/dia-europeo-de-las-lenguas-2\/shane-1024x768\/#main\" data-orig-file=\"https:\/\/cloud.alqueria.es\/wp-content\/uploads\/sites\/13\/2017\/09\/shane-1024x768.jpg\" data-orig-size=\"1024,768\" data-comments-opened=\"1\" data-image-meta=\"{&quot;aperture&quot;:&quot;0&quot;,&quot;credit&quot;:&quot;&quot;,&quot;camera&quot;:&quot;&quot;,&quot;caption&quot;:&quot;&quot;,&quot;created_timestamp&quot;:&quot;0&quot;,&quot;copyright&quot;:&quot;&quot;,&quot;focal_length&quot;:&quot;0&quot;,&quot;iso&quot;:&quot;0&quot;,&quot;shutter_speed&quot;:&quot;0&quot;,&quot;title&quot;:&quot;&quot;,&quot;orientation&quot;:&quot;0&quot;}\" data-image-title=\"shane-1024&amp;#215;768\" data-image-description=\"\" data-image-caption=\"\" data-large-file=\"https:\/\/cloud.alqueria.es\/wp-content\/uploads\/sites\/13\/2017\/09\/shane-1024x768-1024x768.jpg\" class=\"aligncenter size-large wp-image-12321\" src=\"https:\/\/cloud.alqueria.es\/wp-content\/uploads\/sites\/13\/2017\/09\/shane-1024x768-1024x768.jpg\" alt=\"\" width=\"960\" height=\"720\" srcset=\"https:\/\/cloud.alqueria.es\/wp-content\/uploads\/sites\/13\/2017\/09\/shane-1024x768.jpg 1024w, https:\/\/cloud.alqueria.es\/wp-content\/uploads\/sites\/13\/2017\/09\/shane-1024x768-300x225.jpg 300w, https:\/\/cloud.alqueria.es\/wp-content\/uploads\/sites\/13\/2017\/09\/shane-1024x768-768x576.jpg 768w\" sizes=\"(max-width: 960px) 100vw, 960px\" \/><\/p>\n<h5><span style=\"color: #0000ff\">Samuel<\/span><\/h5>\n<h5>ITALIAN \u2013 YEAR 5<\/h5>\n<h5>En la clase de 5\u00ba fue donde nos ense\u00f1aron un poco de italiano, estuvo muy bien, nos\u00a0 mostr\u00f3 los\u00a0 d\u00edas de la semana, dos artistas italianos. Tambi\u00e9n nos dijo los nombres del hor\u00f3scopo en italiano. Primero nos habl\u00f3 en italiano y despu\u00e9s en espa\u00f1ol. y la otra en espa\u00f1ol.<\/h5>\n<h5>\u00a1ENCANT\u00d3 MUCHO!<\/h5>\n<h5><span style=\"color: #ff6600\">Carlos<\/span><\/h5>\n<p><img decoding=\"async\" data-attachment-id=\"12316\" data-permalink=\"https:\/\/www.alqueria.es\/blogs\/alqueriatercerciclo\/2017\/09\/12\/dia-europeo-de-las-lenguas-2\/img-6790-1024x768\/#main\" data-orig-file=\"https:\/\/cloud.alqueria.es\/wp-content\/uploads\/sites\/13\/2017\/09\/IMG-6790-1024x768.jpg\" data-orig-size=\"1024,768\" data-comments-opened=\"1\" data-image-meta=\"{&quot;aperture&quot;:&quot;0&quot;,&quot;credit&quot;:&quot;&quot;,&quot;camera&quot;:&quot;&quot;,&quot;caption&quot;:&quot;&quot;,&quot;created_timestamp&quot;:&quot;0&quot;,&quot;copyright&quot;:&quot;&quot;,&quot;focal_length&quot;:&quot;0&quot;,&quot;iso&quot;:&quot;0&quot;,&quot;shutter_speed&quot;:&quot;0&quot;,&quot;title&quot;:&quot;&quot;,&quot;orientation&quot;:&quot;0&quot;}\" data-image-title=\"IMG-6790-1024&amp;#215;768\" data-image-description=\"\" data-image-caption=\"\" data-large-file=\"https:\/\/cloud.alqueria.es\/wp-content\/uploads\/sites\/13\/2017\/09\/IMG-6790-1024x768-1024x768.jpg\" class=\"aligncenter size-large wp-image-12316\" src=\"https:\/\/cloud.alqueria.es\/wp-content\/uploads\/sites\/13\/2017\/09\/IMG-6790-1024x768-1024x768.jpg\" alt=\"\" width=\"960\" height=\"720\" srcset=\"https:\/\/cloud.alqueria.es\/wp-content\/uploads\/sites\/13\/2017\/09\/IMG-6790-1024x768.jpg 1024w, https:\/\/cloud.alqueria.es\/wp-content\/uploads\/sites\/13\/2017\/09\/IMG-6790-1024x768-300x225.jpg 300w, https:\/\/cloud.alqueria.es\/wp-content\/uploads\/sites\/13\/2017\/09\/IMG-6790-1024x768-768x576.jpg 768w\" sizes=\"(max-width: 960px) 100vw, 960px\" \/><\/p>\n<h5>SLOVENIAN-YEAR 6<\/h5>\n<h5>En la clase de 6\u00ba,\u00a0 la profe de pr\u00e1cticas de ingl\u00e9s (Ziva, ella es eslovaca), nos ha dado una peque\u00f1a charla sobre SLOVENIAN. Nos ha hablado de las personas famosas (la mujer de Trump, una esquiadora famosa y de un jugador de baloncesto del Real Madrid).<\/h5>\n<h5>Primero nos a dado la charla en\u00a0 esloveno y despu\u00e9s en espa\u00f1ol.<\/h5>\n<h5>\u00a1\u00a1\u00a1\u00a1\u00a1Nos ha gustado mucho y nos hemos divertido mucho!!!!!<\/h5>\n<p><img decoding=\"async\" data-attachment-id=\"12318\" data-permalink=\"https:\/\/www.alqueria.es\/blogs\/alqueriatercerciclo\/2017\/09\/12\/dia-europeo-de-las-lenguas-2\/jiva-jump-1024x768\/#main\" data-orig-file=\"https:\/\/cloud.alqueria.es\/wp-content\/uploads\/sites\/13\/2017\/09\/jiva-jump-1024x768.jpg\" data-orig-size=\"1024,768\" data-comments-opened=\"1\" data-image-meta=\"{&quot;aperture&quot;:&quot;0&quot;,&quot;credit&quot;:&quot;&quot;,&quot;camera&quot;:&quot;&quot;,&quot;caption&quot;:&quot;&quot;,&quot;created_timestamp&quot;:&quot;0&quot;,&quot;copyright&quot;:&quot;&quot;,&quot;focal_length&quot;:&quot;0&quot;,&quot;iso&quot;:&quot;0&quot;,&quot;shutter_speed&quot;:&quot;0&quot;,&quot;title&quot;:&quot;&quot;,&quot;orientation&quot;:&quot;0&quot;}\" data-image-title=\"jiva-jump-1024&amp;#215;768\" data-image-description=\"\" data-image-caption=\"\" data-large-file=\"https:\/\/cloud.alqueria.es\/wp-content\/uploads\/sites\/13\/2017\/09\/jiva-jump-1024x768-1024x768.jpg\" class=\"aligncenter size-large wp-image-12318\" src=\"https:\/\/cloud.alqueria.es\/wp-content\/uploads\/sites\/13\/2017\/09\/jiva-jump-1024x768-1024x768.jpg\" alt=\"\" width=\"960\" height=\"720\" srcset=\"https:\/\/cloud.alqueria.es\/wp-content\/uploads\/sites\/13\/2017\/09\/jiva-jump-1024x768.jpg 1024w, https:\/\/cloud.alqueria.es\/wp-content\/uploads\/sites\/13\/2017\/09\/jiva-jump-1024x768-300x225.jpg 300w, https:\/\/cloud.alqueria.es\/wp-content\/uploads\/sites\/13\/2017\/09\/jiva-jump-1024x768-768x576.jpg 768w\" sizes=\"(max-width: 960px) 100vw, 960px\" \/><\/p>\n<h5><span style=\"color: #808000\">Mar\u00eda G.<\/span><\/h5>\n<h5>FRENCH- AULA DE INGL\u00c9S<\/h5>\n<h5><span style=\"color: #000000\">En la clase de ingl\u00e9s, teacher Manolo nos ha hecho una mini conferencia sobre personas famosas de Francia. Nos lo ha explicado en franc\u00e9s y luego en espa\u00f1ol. Nos habl\u00f3 de Asterix y Obelix y del actor que encarn\u00f3 a uno de ellos.<\/span><\/h5>\n<h5><span style=\"color: #000000\">Nos ha gustado mucho.<\/span><\/h5>\n<p><img decoding=\"async\" data-attachment-id=\"12322\" data-permalink=\"https:\/\/www.alqueria.es\/blogs\/alqueriatercerciclo\/2017\/09\/12\/dia-europeo-de-las-lenguas-2\/teacher-french-1024x680\/#main\" data-orig-file=\"https:\/\/cloud.alqueria.es\/wp-content\/uploads\/sites\/13\/2017\/09\/teacher-french-1024x680.png\" data-orig-size=\"1024,680\" data-comments-opened=\"1\" data-image-meta=\"{&quot;aperture&quot;:&quot;0&quot;,&quot;credit&quot;:&quot;&quot;,&quot;camera&quot;:&quot;&quot;,&quot;caption&quot;:&quot;&quot;,&quot;created_timestamp&quot;:&quot;0&quot;,&quot;copyright&quot;:&quot;&quot;,&quot;focal_length&quot;:&quot;0&quot;,&quot;iso&quot;:&quot;0&quot;,&quot;shutter_speed&quot;:&quot;0&quot;,&quot;title&quot;:&quot;&quot;,&quot;orientation&quot;:&quot;0&quot;}\" data-image-title=\"teacher-french-1024&amp;#215;680\" data-image-description=\"\" data-image-caption=\"\" data-large-file=\"https:\/\/cloud.alqueria.es\/wp-content\/uploads\/sites\/13\/2017\/09\/teacher-french-1024x680-1024x680.png\" class=\"aligncenter size-large wp-image-12322\" src=\"https:\/\/cloud.alqueria.es\/wp-content\/uploads\/sites\/13\/2017\/09\/teacher-french-1024x680-1024x680.png\" alt=\"\" width=\"960\" height=\"638\" srcset=\"https:\/\/cloud.alqueria.es\/wp-content\/uploads\/sites\/13\/2017\/09\/teacher-french-1024x680.png 1024w, https:\/\/cloud.alqueria.es\/wp-content\/uploads\/sites\/13\/2017\/09\/teacher-french-1024x680-300x199.png 300w, https:\/\/cloud.alqueria.es\/wp-content\/uploads\/sites\/13\/2017\/09\/teacher-french-1024x680-768x510.png 768w\" sizes=\"(max-width: 960px) 100vw, 960px\" \/><\/p>\n<h5><span style=\"color: #800080\">Carmen D.<\/span><\/h5>\n","protected":false},"excerpt":{"rendered":"<p>El\u00a0D\u00eda Europeo de las Lenguas, que se celebra el d\u00eda\u00a026 de septiembre, es una iniciativa nacida en\u00a02001\u00a0de la mano de la Comisi\u00f3n Europea y del Consejo de Europa, que representa a 800 millones de ciudadanos de 47 pa\u00edses. (Fuente www.cervantes.es). Os contamos un resumen de lo quem\u00b4s nos llam\u00f3 la atenci\u00f3n de cada clase: ENGLISH [&hellip;]<\/p>\n","protected":false},"author":35,"featured_media":0,"comment_status":"open","ping_status":"open","sticky":false,"template":"","format":"standard","meta":{"jetpack_post_was_ever_published":false,"_jetpack_newsletter_access":"","_jetpack_dont_email_post_to_subs":false,"_jetpack_newsletter_tier_id":0,"_jetpack_memberships_contains_paywalled_content":false,"_jetpack_memberships_contains_paid_content":false,"footnotes":"","jetpack_publicize_message":"","jetpack_publicize_feature_enabled":true,"jetpack_social_post_already_shared":true,"jetpack_social_options":{"image_generator_settings":{"template":"highway","default_image_id":0,"font":"","enabled":false},"version":2}},"categories":[3,5],"tags":[414,666],"class_list":["post-12311","post","type-post","status-publish","format-standard","hentry","category-6o-epo","category-alumnos-6o-epo","tag-dia-de-las-lenguas-europeas","tag-idioma"],"jetpack_publicize_connections":[],"jetpack_featured_media_url":"","jetpack_sharing_enabled":true,"jetpack_shortlink":"https:\/\/wp.me\/p4mLU4-3cz","_links":{"self":[{"href":"https:\/\/www.alqueria.es\/blogs\/alqueriatercerciclo\/wp-json\/wp\/v2\/posts\/12311","targetHints":{"allow":["GET"]}}],"collection":[{"href":"https:\/\/www.alqueria.es\/blogs\/alqueriatercerciclo\/wp-json\/wp\/v2\/posts"}],"about":[{"href":"https:\/\/www.alqueria.es\/blogs\/alqueriatercerciclo\/wp-json\/wp\/v2\/types\/post"}],"author":[{"embeddable":true,"href":"https:\/\/www.alqueria.es\/blogs\/alqueriatercerciclo\/wp-json\/wp\/v2\/users\/35"}],"replies":[{"embeddable":true,"href":"https:\/\/www.alqueria.es\/blogs\/alqueriatercerciclo\/wp-json\/wp\/v2\/comments?post=12311"}],"version-history":[{"count":0,"href":"https:\/\/www.alqueria.es\/blogs\/alqueriatercerciclo\/wp-json\/wp\/v2\/posts\/12311\/revisions"}],"wp:attachment":[{"href":"https:\/\/www.alqueria.es\/blogs\/alqueriatercerciclo\/wp-json\/wp\/v2\/media?parent=12311"}],"wp:term":[{"taxonomy":"category","embeddable":true,"href":"https:\/\/www.alqueria.es\/blogs\/alqueriatercerciclo\/wp-json\/wp\/v2\/categories?post=12311"},{"taxonomy":"post_tag","embeddable":true,"href":"https:\/\/www.alqueria.es\/blogs\/alqueriatercerciclo\/wp-json\/wp\/v2\/tags?post=12311"}],"curies":[{"name":"wp","href":"https:\/\/api.w.org\/{rel}","templated":true}]}}