{"id":12732,"date":"2018-11-25T13:00:35","date_gmt":"2018-11-25T12:00:35","guid":{"rendered":"https:\/\/www.alqueria.es\/blogs\/alqueriatercerciclo\/?p=12732"},"modified":"2019-04-25T20:57:37","modified_gmt":"2019-04-25T18:57:37","slug":"primeras-conferencias-en-quinto","status":"publish","type":"post","link":"https:\/\/www.alqueria.es\/blogs\/alqueriatercerciclo\/2018\/11\/25\/primeras-conferencias-en-quinto\/","title":{"rendered":"Primeras conferencias en quinto"},"content":{"rendered":"<h5>Hola somos Laura y Candela R, del grupo de 5\u00ba. Os vamos a explicar que es una conferencia. Una conferencia es un proyecto individual o en grupo sobre un tema que elegimos o que la profe nos propone.<\/h5>\n<h5>Hola me llamo Candela, he hecho la conferencia de los <strong><span style=\"color: #ff0000\">Mam\u00edferos<\/span><\/strong>. He hablado de su h\u00e1bitat, de los homeotermos, de la cabeza, de la boca, de la nariz,la barba de la ballena, las curiosidades y un peque\u00f1o test. Al\u00a0 investigar el tema me gusto prepararla porque he elegido yo el tema. Y al exponerla al grupo al principio estaba muy nerviosa, pero luego me\u00a0 empece\u00a0\u00a0a tranquilizar. Me encanto hacerla y exponerla a mis compa\u00f1eros.<\/h5>\n<p><img decoding=\"async\" data-attachment-id=\"12741\" data-permalink=\"https:\/\/www.alqueria.es\/blogs\/alqueriatercerciclo\/2018\/11\/25\/primeras-conferencias-en-quinto\/img-9985\/#main\" data-orig-file=\"https:\/\/cloud.alqueria.es\/wp-content\/uploads\/sites\/13\/2018\/11\/IMG-9985.jpg\" data-orig-size=\"1024,768\" data-comments-opened=\"1\" data-image-meta=\"{&quot;aperture&quot;:&quot;0&quot;,&quot;credit&quot;:&quot;&quot;,&quot;camera&quot;:&quot;&quot;,&quot;caption&quot;:&quot;&quot;,&quot;created_timestamp&quot;:&quot;0&quot;,&quot;copyright&quot;:&quot;&quot;,&quot;focal_length&quot;:&quot;0&quot;,&quot;iso&quot;:&quot;0&quot;,&quot;shutter_speed&quot;:&quot;0&quot;,&quot;title&quot;:&quot;&quot;,&quot;orientation&quot;:&quot;0&quot;}\" data-image-title=\"IMG-9985\" data-image-description=\"\" data-image-caption=\"\" data-large-file=\"https:\/\/cloud.alqueria.es\/wp-content\/uploads\/sites\/13\/2018\/11\/IMG-9985.jpg\" class=\"aligncenter size-medium wp-image-12741\" src=\"https:\/\/cloud.alqueria.es\/wp-content\/uploads\/sites\/13\/2018\/11\/IMG-9985-300x225.jpg\" alt=\"\" width=\"300\" height=\"225\" srcset=\"https:\/\/cloud.alqueria.es\/wp-content\/uploads\/sites\/13\/2018\/11\/IMG-9985-300x225.jpg 300w, https:\/\/cloud.alqueria.es\/wp-content\/uploads\/sites\/13\/2018\/11\/IMG-9985-768x576.jpg 768w, https:\/\/cloud.alqueria.es\/wp-content\/uploads\/sites\/13\/2018\/11\/IMG-9985.jpg 1024w\" sizes=\"(max-width: 300px) 100vw, 300px\" \/><\/p>\n<h5>Hola me llamo Laura, yo he hecho la conferencia de <strong><span style=\"color: #ff0000\">Los Animales en Peligro de Extinci\u00f3n<\/span><\/strong>. He hablado qu\u00e9 son, cu\u00e1les suelen ser\u00a0 las causas de la extinci\u00f3n, algunos animales en peligro de extinci\u00f3n, el tigre, la lista roja, soluciones, curiosidades y una actividad.<\/h5>\n<h5>Durante la investigaci\u00f3n me sent\u00ed c\u00f3moda, ya que el tema lo hab\u00eda elegido yo. Cuando lo expuse a la clase, la verdad es que estuve bastante tranquila, me ha gustado hacerla. Adi\u00f3s.<\/h5>\n<p><img decoding=\"async\" data-attachment-id=\"12742\" data-permalink=\"https:\/\/www.alqueria.es\/blogs\/alqueriatercerciclo\/2018\/11\/25\/primeras-conferencias-en-quinto\/img-01031\/#main\" data-orig-file=\"https:\/\/cloud.alqueria.es\/wp-content\/uploads\/sites\/13\/2018\/11\/IMG-01031.jpg\" data-orig-size=\"1024,768\" data-comments-opened=\"1\" data-image-meta=\"{&quot;aperture&quot;:&quot;0&quot;,&quot;credit&quot;:&quot;&quot;,&quot;camera&quot;:&quot;&quot;,&quot;caption&quot;:&quot;&quot;,&quot;created_timestamp&quot;:&quot;0&quot;,&quot;copyright&quot;:&quot;&quot;,&quot;focal_length&quot;:&quot;0&quot;,&quot;iso&quot;:&quot;0&quot;,&quot;shutter_speed&quot;:&quot;0&quot;,&quot;title&quot;:&quot;&quot;,&quot;orientation&quot;:&quot;0&quot;}\" data-image-title=\"IMG-01031\" data-image-description=\"\" data-image-caption=\"\" data-large-file=\"https:\/\/cloud.alqueria.es\/wp-content\/uploads\/sites\/13\/2018\/11\/IMG-01031.jpg\" class=\"aligncenter size-medium wp-image-12742\" src=\"https:\/\/cloud.alqueria.es\/wp-content\/uploads\/sites\/13\/2018\/11\/IMG-01031-300x225.jpg\" alt=\"\" width=\"300\" height=\"225\" srcset=\"https:\/\/cloud.alqueria.es\/wp-content\/uploads\/sites\/13\/2018\/11\/IMG-01031-300x225.jpg 300w, https:\/\/cloud.alqueria.es\/wp-content\/uploads\/sites\/13\/2018\/11\/IMG-01031-768x576.jpg 768w, https:\/\/cloud.alqueria.es\/wp-content\/uploads\/sites\/13\/2018\/11\/IMG-01031.jpg 1024w\" sizes=\"(max-width: 300px) 100vw, 300px\" \/><\/p>\n<h5>Un saludo de Laura y Candela R.<\/h5>\n","protected":false},"excerpt":{"rendered":"<p>Hola somos Laura y Candela R, del grupo de 5\u00ba. Os vamos a explicar que es una conferencia. Una conferencia es un proyecto individual o en grupo sobre un tema que elegimos o que la profe nos propone. Hola me llamo Candela, he hecho la conferencia de los Mam\u00edferos. He hablado de su h\u00e1bitat, de [&hellip;]<\/p>\n","protected":false},"author":35,"featured_media":0,"comment_status":"open","ping_status":"open","sticky":false,"template":"","format":"standard","meta":{"jetpack_post_was_ever_published":false,"_jetpack_newsletter_access":"","_jetpack_dont_email_post_to_subs":false,"_jetpack_newsletter_tier_id":0,"_jetpack_memberships_contains_paywalled_content":false,"_jetpack_memberships_contains_paid_content":false,"footnotes":"","jetpack_publicize_message":"","jetpack_publicize_feature_enabled":true,"jetpack_social_post_already_shared":true,"jetpack_social_options":{"image_generator_settings":{"template":"highway","default_image_id":0,"font":"","enabled":false},"version":2}},"categories":[2,4,1],"tags":[107,241],"class_list":["post-12732","post","type-post","status-publish","format-standard","hentry","category-5o-epo","category-alumnos-5o-epo","category-sin-categoria","tag-conferencia","tag-conferencias-5o-2"],"jetpack_publicize_connections":[],"jetpack_featured_media_url":"","jetpack_sharing_enabled":true,"jetpack_shortlink":"https:\/\/wp.me\/p4mLU4-3jm","_links":{"self":[{"href":"https:\/\/www.alqueria.es\/blogs\/alqueriatercerciclo\/wp-json\/wp\/v2\/posts\/12732","targetHints":{"allow":["GET"]}}],"collection":[{"href":"https:\/\/www.alqueria.es\/blogs\/alqueriatercerciclo\/wp-json\/wp\/v2\/posts"}],"about":[{"href":"https:\/\/www.alqueria.es\/blogs\/alqueriatercerciclo\/wp-json\/wp\/v2\/types\/post"}],"author":[{"embeddable":true,"href":"https:\/\/www.alqueria.es\/blogs\/alqueriatercerciclo\/wp-json\/wp\/v2\/users\/35"}],"replies":[{"embeddable":true,"href":"https:\/\/www.alqueria.es\/blogs\/alqueriatercerciclo\/wp-json\/wp\/v2\/comments?post=12732"}],"version-history":[{"count":0,"href":"https:\/\/www.alqueria.es\/blogs\/alqueriatercerciclo\/wp-json\/wp\/v2\/posts\/12732\/revisions"}],"wp:attachment":[{"href":"https:\/\/www.alqueria.es\/blogs\/alqueriatercerciclo\/wp-json\/wp\/v2\/media?parent=12732"}],"wp:term":[{"taxonomy":"category","embeddable":true,"href":"https:\/\/www.alqueria.es\/blogs\/alqueriatercerciclo\/wp-json\/wp\/v2\/categories?post=12732"},{"taxonomy":"post_tag","embeddable":true,"href":"https:\/\/www.alqueria.es\/blogs\/alqueriatercerciclo\/wp-json\/wp\/v2\/tags?post=12732"}],"curies":[{"name":"wp","href":"https:\/\/api.w.org\/{rel}","templated":true}]}}