{"id":12791,"date":"2019-03-07T10:32:04","date_gmt":"2019-03-07T09:32:04","guid":{"rendered":"https:\/\/www.alqueria.es\/blogs\/alqueriatercerciclo\/?p=12791"},"modified":"2019-04-25T20:54:57","modified_gmt":"2019-04-25T18:54:57","slug":"semana-cultural-5o-e-p-o","status":"publish","type":"post","link":"https:\/\/www.alqueria.es\/blogs\/alqueriatercerciclo\/2019\/03\/07\/semana-cultural-5o-e-p-o\/","title":{"rendered":"SEMANA CULTURAL 5\u00ba E.P.O"},"content":{"rendered":"<h5>Ha sido una semana cultural llena de actividades.<\/h5>\n<h5>El tema de la semana cultural nos ha parecido muy interesante.<\/h5>\n<h5>En quinto hemos estudiado durante las ultimas semanas muchas cosas sobre el agua y est\u00e1bamos\u00a0 esperando este momento para exponerlo a los dem\u00e1s.<\/h5>\n<h5>D\u00cdA 1:<\/h5>\n<h5>Durante las horas de la ma\u00f1ana estuvimos retocando nuestras cartulinas de nuestro tema de ciencias.<\/h5>\n<h5>Durante el recreo Elena puso una canci\u00f3n\u00a0 : Entre dos aguas. Los profes bailaban y nosotros ten\u00edamos que imitarlos.<\/h5>\n<h5>Despu\u00e9s del patio Amanda de segundo nos dio una conferencia sobre el origen de la vida y aunque algunas cosas las sab\u00edamos aprendimos un mont\u00f3n.<\/h5>\n<h5>D\u00cdA 2:<\/h5>\n<h5>Por la ma\u00f1ana estuvimos viendo documentales sobre lo importante que es el agua para los seres vivos y a continuaci\u00f3n los comentamos.<\/h5>\n<h5>Despu\u00e9s del recreo\u00a0 explicamos a sexto nuestros temas sobre el agua.<\/h5>\n<h5>Por la tarde la madre de Irene nos ley\u00f3 cuentos sobre el agua.<\/h5>\n<h5>D\u00cdA 3:<\/h5>\n<h5>Por la ma\u00f1ana estuvimos con los profes de ingl\u00e9s que nos\u00a0 explicaron muchas cosas sobre el agua.<\/h5>\n<h5>Despu\u00e9s del patio expusimos a cuarto nuestros trabajos sobre el agua y despu\u00e9s fuimos al jard\u00edn y los de sexto nos expusieron sus trabajos en ingles sobre el agua.<\/h5>\n<h5>Por la tarde expusimos las conferencias a tercero y a segundo. Despu\u00e9s tercero nos expuso sus trabajos sobre ecosistemas andaluces.<\/h5>\n<h5>D\u00cdA 4:<\/h5>\n<h5>Por la ma\u00f1ana Sonia, madre de Guille, nos hizo una exposici\u00f3n sobre la vida en el agua y despu\u00e9s hicimos unos interesantes experimentos y observamos algunos micro-organismos con el microscopio.<\/h5>\n<h5>Despu\u00e9s del recreo hicimos un interesante kahoot sobre el agua, una aplicaci\u00f3n de preguntas y tambi\u00e9n hicimos un escape room en la sala multiusos , fue muy divertido.<\/h5>\n<h5>Por la tarde fue el acto de clausura he hicimos muchas actividades.<\/h5>\n<h5><\/h5>\n<p><img decoding=\"async\" data-attachment-id=\"12794\" data-permalink=\"https:\/\/www.alqueria.es\/blogs\/alqueriatercerciclo\/2019\/03\/07\/semana-cultural-5o-e-p-o\/img-2044-150x150\/#main\" data-orig-file=\"https:\/\/cloud.alqueria.es\/wp-content\/uploads\/sites\/13\/2019\/03\/IMG-2044-150x150.jpg\" data-orig-size=\"150,150\" data-comments-opened=\"1\" data-image-meta=\"{&quot;aperture&quot;:&quot;0&quot;,&quot;credit&quot;:&quot;&quot;,&quot;camera&quot;:&quot;&quot;,&quot;caption&quot;:&quot;&quot;,&quot;created_timestamp&quot;:&quot;0&quot;,&quot;copyright&quot;:&quot;&quot;,&quot;focal_length&quot;:&quot;0&quot;,&quot;iso&quot;:&quot;0&quot;,&quot;shutter_speed&quot;:&quot;0&quot;,&quot;title&quot;:&quot;&quot;,&quot;orientation&quot;:&quot;0&quot;}\" data-image-title=\"IMG-2044-150&amp;#215;150\" data-image-description=\"\" data-image-caption=\"\" data-large-file=\"https:\/\/cloud.alqueria.es\/wp-content\/uploads\/sites\/13\/2019\/03\/IMG-2044-150x150.jpg\" class=\"aligncenter size-full wp-image-12794\" src=\"https:\/\/cloud.alqueria.es\/wp-content\/uploads\/sites\/13\/2019\/03\/IMG-2044-150x150.jpg\" alt=\"\" width=\"150\" height=\"150\" \/> <img decoding=\"async\" data-attachment-id=\"12795\" data-permalink=\"https:\/\/www.alqueria.es\/blogs\/alqueriatercerciclo\/2019\/03\/07\/semana-cultural-5o-e-p-o\/20190221_131019-150x150\/#main\" data-orig-file=\"https:\/\/cloud.alqueria.es\/wp-content\/uploads\/sites\/13\/2019\/03\/20190221_131019-150x150.jpg\" data-orig-size=\"150,150\" data-comments-opened=\"1\" data-image-meta=\"{&quot;aperture&quot;:&quot;0&quot;,&quot;credit&quot;:&quot;&quot;,&quot;camera&quot;:&quot;&quot;,&quot;caption&quot;:&quot;&quot;,&quot;created_timestamp&quot;:&quot;0&quot;,&quot;copyright&quot;:&quot;&quot;,&quot;focal_length&quot;:&quot;0&quot;,&quot;iso&quot;:&quot;0&quot;,&quot;shutter_speed&quot;:&quot;0&quot;,&quot;title&quot;:&quot;&quot;,&quot;orientation&quot;:&quot;0&quot;}\" data-image-title=\"20190221_131019-150&amp;#215;150\" data-image-description=\"\" data-image-caption=\"\" data-large-file=\"https:\/\/cloud.alqueria.es\/wp-content\/uploads\/sites\/13\/2019\/03\/20190221_131019-150x150.jpg\" class=\"aligncenter size-full wp-image-12795\" src=\"https:\/\/cloud.alqueria.es\/wp-content\/uploads\/sites\/13\/2019\/03\/20190221_131019-150x150.jpg\" alt=\"\" width=\"150\" height=\"150\" \/><\/p>\n<h5>D\u00cdA 5:<\/h5>\n<h5>CARNAVAL<\/h5>\n<h5>Por la ma\u00f1ana nos hicimos una foto, vimos un trozo de una pel\u00edcula he hicimos el pasacalles.<\/h5>\n<h5>Despu\u00e9s del recreo escuchamos las chirigotas de las otras clases y nosotros cantamos las nuestras.<\/h5>\n<h5>Despu\u00e9s de las comparsas hicimos teatros.<\/h5>\n<h5>Luego tuvimos una rica comida y a continuaci\u00f3n continuamos con la pel\u00edcula.<\/h5>\n<h5>Una hora mas tarde cantamos las chirigotas a los padres y comimos torta con chocolate.<\/h5>\n<p><img decoding=\"async\" data-attachment-id=\"12793\" data-permalink=\"https:\/\/www.alqueria.es\/blogs\/alqueriatercerciclo\/2019\/03\/07\/semana-cultural-5o-e-p-o\/img-2130-150x150\/#main\" data-orig-file=\"https:\/\/cloud.alqueria.es\/wp-content\/uploads\/sites\/13\/2019\/03\/IMG-2130-150x150.jpg\" data-orig-size=\"150,150\" data-comments-opened=\"1\" data-image-meta=\"{&quot;aperture&quot;:&quot;0&quot;,&quot;credit&quot;:&quot;&quot;,&quot;camera&quot;:&quot;&quot;,&quot;caption&quot;:&quot;&quot;,&quot;created_timestamp&quot;:&quot;0&quot;,&quot;copyright&quot;:&quot;&quot;,&quot;focal_length&quot;:&quot;0&quot;,&quot;iso&quot;:&quot;0&quot;,&quot;shutter_speed&quot;:&quot;0&quot;,&quot;title&quot;:&quot;&quot;,&quot;orientation&quot;:&quot;0&quot;}\" data-image-title=\"IMG-2130-150&amp;#215;150\" data-image-description=\"\" data-image-caption=\"\" data-large-file=\"https:\/\/cloud.alqueria.es\/wp-content\/uploads\/sites\/13\/2019\/03\/IMG-2130-150x150.jpg\" class=\"aligncenter size-full wp-image-12793\" src=\"https:\/\/cloud.alqueria.es\/wp-content\/uploads\/sites\/13\/2019\/03\/IMG-2130-150x150.jpg\" alt=\"\" width=\"150\" height=\"150\" \/><\/p>\n<p>&nbsp;<\/p>\n<h5>Daniel y Miguel<\/h5>\n","protected":false},"excerpt":{"rendered":"<p>Ha sido una semana cultural llena de actividades. El tema de la semana cultural nos ha parecido muy interesante. En quinto hemos estudiado durante las ultimas semanas muchas cosas sobre el agua y est\u00e1bamos\u00a0 esperando este momento para exponerlo a los dem\u00e1s. D\u00cdA 1: Durante las horas de la ma\u00f1ana estuvimos retocando nuestras cartulinas de [&hellip;]<\/p>\n","protected":false},"author":3,"featured_media":0,"comment_status":"open","ping_status":"open","sticky":false,"template":"","format":"standard","meta":{"jetpack_post_was_ever_published":false,"_jetpack_newsletter_access":"","_jetpack_dont_email_post_to_subs":false,"_jetpack_newsletter_tier_id":0,"_jetpack_memberships_contains_paywalled_content":false,"_jetpack_memberships_contains_paid_content":false,"footnotes":"","jetpack_publicize_message":"","jetpack_publicize_feature_enabled":true,"jetpack_social_post_already_shared":true,"jetpack_social_options":{"image_generator_settings":{"template":"highway","default_image_id":0,"font":"","enabled":false},"version":2}},"categories":[2,55,586],"tags":[169],"class_list":["post-12791","post","type-post","status-publish","format-standard","hentry","category-5o-epo","category-noticias","category-semana-cultural","tag-semana-cultural"],"jetpack_publicize_connections":[],"jetpack_featured_media_url":"","jetpack_sharing_enabled":true,"jetpack_shortlink":"https:\/\/wp.me\/p4mLU4-3kj","_links":{"self":[{"href":"https:\/\/www.alqueria.es\/blogs\/alqueriatercerciclo\/wp-json\/wp\/v2\/posts\/12791","targetHints":{"allow":["GET"]}}],"collection":[{"href":"https:\/\/www.alqueria.es\/blogs\/alqueriatercerciclo\/wp-json\/wp\/v2\/posts"}],"about":[{"href":"https:\/\/www.alqueria.es\/blogs\/alqueriatercerciclo\/wp-json\/wp\/v2\/types\/post"}],"author":[{"embeddable":true,"href":"https:\/\/www.alqueria.es\/blogs\/alqueriatercerciclo\/wp-json\/wp\/v2\/users\/3"}],"replies":[{"embeddable":true,"href":"https:\/\/www.alqueria.es\/blogs\/alqueriatercerciclo\/wp-json\/wp\/v2\/comments?post=12791"}],"version-history":[{"count":0,"href":"https:\/\/www.alqueria.es\/blogs\/alqueriatercerciclo\/wp-json\/wp\/v2\/posts\/12791\/revisions"}],"wp:attachment":[{"href":"https:\/\/www.alqueria.es\/blogs\/alqueriatercerciclo\/wp-json\/wp\/v2\/media?parent=12791"}],"wp:term":[{"taxonomy":"category","embeddable":true,"href":"https:\/\/www.alqueria.es\/blogs\/alqueriatercerciclo\/wp-json\/wp\/v2\/categories?post=12791"},{"taxonomy":"post_tag","embeddable":true,"href":"https:\/\/www.alqueria.es\/blogs\/alqueriatercerciclo\/wp-json\/wp\/v2\/tags?post=12791"}],"curies":[{"name":"wp","href":"https:\/\/api.w.org\/{rel}","templated":true}]}}