{"id":13359,"date":"2021-02-17T11:40:43","date_gmt":"2021-02-17T10:40:43","guid":{"rendered":"http:\/\/www.alqueria.es\/blogs\/alqueriatercerciclo\/?p=13359"},"modified":"2021-02-17T11:40:43","modified_gmt":"2021-02-17T10:40:43","slug":"cine-forum-el-medico","status":"publish","type":"post","link":"https:\/\/www.alqueria.es\/blogs\/alqueriatercerciclo\/2021\/02\/17\/cine-forum-el-medico\/","title":{"rendered":"Cine forum: EL M\u00c9DICO"},"content":{"rendered":"<h5>El martes a mediod\u00eda vimos una pel\u00edcula que se titulaba\u00a0EL M\u00c9DICO.<\/h5>\n<p><img decoding=\"async\" data-attachment-id=\"13377\" data-permalink=\"https:\/\/www.alqueria.es\/blogs\/alqueriatercerciclo\/2021\/02\/17\/cine-forum-el-medico\/poster_elmedico-21\/#main\" data-orig-file=\"https:\/\/cloud.alqueria.es\/wp-content\/uploads\/sites\/13\/2021\/02\/Poster_elmedico-21.jpg\" data-orig-size=\"1024,861\" data-comments-opened=\"1\" data-image-meta=\"{&quot;aperture&quot;:&quot;0&quot;,&quot;credit&quot;:&quot;&quot;,&quot;camera&quot;:&quot;&quot;,&quot;caption&quot;:&quot;&quot;,&quot;created_timestamp&quot;:&quot;0&quot;,&quot;copyright&quot;:&quot;&quot;,&quot;focal_length&quot;:&quot;0&quot;,&quot;iso&quot;:&quot;0&quot;,&quot;shutter_speed&quot;:&quot;0&quot;,&quot;title&quot;:&quot;&quot;,&quot;orientation&quot;:&quot;0&quot;}\" data-image-title=\"Poster_elmedico-21\" data-image-description=\"\" data-image-caption=\"\" data-large-file=\"https:\/\/cloud.alqueria.es\/wp-content\/uploads\/sites\/13\/2021\/02\/Poster_elmedico-21.jpg\" class=\"aligncenter size-medium wp-image-13377\" src=\"https:\/\/cloud.alqueria.es\/wp-content\/uploads\/sites\/13\/2021\/02\/Poster_elmedico-21-300x252.jpg\" alt=\"\" width=\"300\" height=\"252\" srcset=\"https:\/\/cloud.alqueria.es\/wp-content\/uploads\/sites\/13\/2021\/02\/Poster_elmedico-21-300x252.jpg 300w, https:\/\/cloud.alqueria.es\/wp-content\/uploads\/sites\/13\/2021\/02\/Poster_elmedico-21-768x646.jpg 768w, https:\/\/cloud.alqueria.es\/wp-content\/uploads\/sites\/13\/2021\/02\/Poster_elmedico-21.jpg 1024w\" sizes=\"(max-width: 300px) 100vw, 300px\" \/><\/p>\n<h5>Nos ha gustado mucho, porque trataba de un ni\u00f1o que se quedaba sin madre y se separaba de sus dos hermanos, m\u00e1s tarde conoc\u00eda a un m\u00e9dico viejo que se estaba quedando un poco ciego, el ni\u00f1o al ver c\u00f3mo trabajaba, lo sigui\u00f3 y le pregunt\u00f3 si pod\u00eda vivir con \u00e9l. Al principio el m\u00e9dico no estaba muy convencido pero m\u00e1s tarde cedi\u00f3.<\/h5>\n<h5>Con el paso del tiempo el ni\u00f1o creci\u00f3 y se acostumbraron a estar juntos.<\/h5>\n<h5>En la pel\u00edcula hicieron varias operaciones, el ni\u00f1o se cans\u00f3 de hacer siempre lo mismo y escuch\u00f3 que hab\u00eda unas clases cerca del desierto del S\u00e1hara.<\/h5>\n<h5>Cuando lleg\u00f3 conoci\u00f3 a un sabio, que era el due\u00f1o de las clases de medicina, al principio el sabio no sab\u00eda si dejarle entrar pero m\u00e1s tarde comprendi\u00f3 que estaba muy interesado en la medicina y lo dej\u00f3 entrar.<\/h5>\n<h5>Todos los d\u00edas el ni\u00f1o se levantaba muy temprano para ir a estudiar, era el que m\u00e1s interesado estaba ya que siempre prestaba atenci\u00f3n a las clases.<\/h5>\n<h5>El ni\u00f1o era cristiano, pero en las clases fing\u00eda ser jud\u00edo.<\/h5>\n<h5>Antes de que llegara a d\u00f3nde estaba el ni\u00f1o, en el viaje de ida fue con un grupo y ah\u00ed del grupo hab\u00eda una princesa que estaba en todo momento con \u00e9l ni\u00f1o, se enamoraron, pero lo que no sabia el ni\u00f1o era que la chica ten\u00eda novio y se iba a casar.<\/h5>\n<h5>Cuando estaba en la ciudad del desierto del S\u00e1hara se encontr\u00f3 con la chica y descubri\u00f3 que ten\u00eda novio y que se iba a casar, el chico fue a la boda puesto que el novio de la chica le ca\u00eda bien.<\/h5>\n<h5>Como la chica se enamor\u00f3 del chico se besaron y el marido de la chica los descubri\u00f3 y se enfad\u00f3 tanto que mand\u00f3 a que apedrearan a la chica.<\/h5>\n<h5>El chico por la noche fue a estudiar y el jefe le dijo que algo llamado la peste estaba matando a las personas y anunci\u00f3 que quien quisiera luchar con \u00e9l curando a los pacientes y arriesgando su vida que se quedaran. Y si no que se marcharan y no salieran de sus casas por riesgo. Todo el mundo se qued\u00f3. Murieron muchas personas pero poco a poco fueron curando a algunas.<\/h5>\n<h5>Un d\u00eda el chico descubri\u00f3 que la peste ven\u00eda de las ratas, entonces el pueblo entero se puso a matar ratas y a quemarlas.<\/h5>\n<h5>M\u00e1s tarde se cur\u00f3 lo de la peste y vino el pueblo entero a celebrar una fiesta.<\/h5>\n<h5>Os recomendamos que os la ve\u00e1is.<\/h5>\n<h5>Martina y Carmen<\/h5>\n","protected":false},"excerpt":{"rendered":"<p>El martes a mediod\u00eda vimos una pel\u00edcula que se titulaba\u00a0EL M\u00c9DICO. Nos ha gustado mucho, porque trataba de un ni\u00f1o que se quedaba sin madre y se separaba de sus dos hermanos, m\u00e1s tarde conoc\u00eda a un m\u00e9dico viejo que se estaba quedando un poco ciego, el ni\u00f1o al ver c\u00f3mo trabajaba, lo sigui\u00f3 y [&hellip;]<\/p>\n","protected":false},"author":3,"featured_media":0,"comment_status":"open","ping_status":"open","sticky":false,"template":"","format":"standard","meta":{"jetpack_post_was_ever_published":false,"_jetpack_newsletter_access":"","_jetpack_dont_email_post_to_subs":false,"_jetpack_newsletter_tier_id":0,"_jetpack_memberships_contains_paywalled_content":false,"_jetpack_memberships_contains_paid_content":false,"footnotes":"","jetpack_publicize_message":"","jetpack_publicize_feature_enabled":true,"jetpack_social_post_already_shared":true,"jetpack_social_options":{"image_generator_settings":{"template":"highway","default_image_id":0,"font":"","enabled":false},"version":2}},"categories":[2,4],"tags":[830,103,829,831,794,832],"class_list":["post-13359","post","type-post","status-publish","format-standard","hentry","category-5o-epo","category-alumnos-5o-epo","tag-carmen-m","tag-cine-forum-2","tag-el-medico","tag-martina-v","tag-semana-cultural-2021","tag-semana-cultural-mediterraneo"],"jetpack_publicize_connections":[],"jetpack_featured_media_url":"","jetpack_sharing_enabled":true,"jetpack_shortlink":"https:\/\/wp.me\/p4mLU4-3tt","_links":{"self":[{"href":"https:\/\/www.alqueria.es\/blogs\/alqueriatercerciclo\/wp-json\/wp\/v2\/posts\/13359","targetHints":{"allow":["GET"]}}],"collection":[{"href":"https:\/\/www.alqueria.es\/blogs\/alqueriatercerciclo\/wp-json\/wp\/v2\/posts"}],"about":[{"href":"https:\/\/www.alqueria.es\/blogs\/alqueriatercerciclo\/wp-json\/wp\/v2\/types\/post"}],"author":[{"embeddable":true,"href":"https:\/\/www.alqueria.es\/blogs\/alqueriatercerciclo\/wp-json\/wp\/v2\/users\/3"}],"replies":[{"embeddable":true,"href":"https:\/\/www.alqueria.es\/blogs\/alqueriatercerciclo\/wp-json\/wp\/v2\/comments?post=13359"}],"version-history":[{"count":4,"href":"https:\/\/www.alqueria.es\/blogs\/alqueriatercerciclo\/wp-json\/wp\/v2\/posts\/13359\/revisions"}],"predecessor-version":[{"id":13380,"href":"https:\/\/www.alqueria.es\/blogs\/alqueriatercerciclo\/wp-json\/wp\/v2\/posts\/13359\/revisions\/13380"}],"wp:attachment":[{"href":"https:\/\/www.alqueria.es\/blogs\/alqueriatercerciclo\/wp-json\/wp\/v2\/media?parent=13359"}],"wp:term":[{"taxonomy":"category","embeddable":true,"href":"https:\/\/www.alqueria.es\/blogs\/alqueriatercerciclo\/wp-json\/wp\/v2\/categories?post=13359"},{"taxonomy":"post_tag","embeddable":true,"href":"https:\/\/www.alqueria.es\/blogs\/alqueriatercerciclo\/wp-json\/wp\/v2\/tags?post=13359"}],"curies":[{"name":"wp","href":"https:\/\/api.w.org\/{rel}","templated":true}]}}