{"id":1655,"date":"2011-10-28T12:32:10","date_gmt":"2011-10-28T11:32:10","guid":{"rendered":"http:\/\/alqueriatercerciclo.wordpress.com\/?p=1655"},"modified":"2014-02-24T15:57:16","modified_gmt":"2014-02-24T15:57:16","slug":"algunas-pequenas-mentiras","status":"publish","type":"post","link":"https:\/\/www.alqueria.es\/blogs\/alqueriatercerciclo\/2011\/10\/28\/algunas-pequenas-mentiras\/","title":{"rendered":"Algunas peque\u00f1as mentiras"},"content":{"rendered":"<p style=\"text-align:justify\">\u00a0<\/p>\n<p style=\"text-align:center\"><a href=\"http:\/\/alqueriatercerciclo.files.wordpress.com\/2011\/10\/estuche_transparente-28333.gif\"><img decoding=\"async\" data-attachment-id=\"1659\" data-permalink=\"https:\/\/www.alqueria.es\/blogs\/alqueriatercerciclo\/estuche_transparente-28333\/\" data-orig-file=\"https:\/\/www.alqueria.es\/blogs\/alqueriatercerciclo\/wp-content\/uploads\/sites\/13\/2011\/10\/estuche_transparente-28333.gif\" data-orig-size=\"451,306\" data-comments-opened=\"1\" data-image-meta=\"{&quot;aperture&quot;:&quot;0&quot;,&quot;credit&quot;:&quot;&quot;,&quot;camera&quot;:&quot;&quot;,&quot;caption&quot;:&quot;&quot;,&quot;created_timestamp&quot;:&quot;0&quot;,&quot;copyright&quot;:&quot;&quot;,&quot;focal_length&quot;:&quot;0&quot;,&quot;iso&quot;:&quot;0&quot;,&quot;shutter_speed&quot;:&quot;0&quot;,&quot;title&quot;:&quot;&quot;}\" data-image-title=\"estuche\" data-image-description=\"\" data-image-caption=\"\" data-large-file=\"https:\/\/www.alqueria.es\/blogs\/alqueriatercerciclo\/wp-content\/uploads\/sites\/13\/2011\/10\/estuche_transparente-28333.gif\" class=\"alignright size-medium wp-image-1659\" title=\"estuche\" src=\"https:\/\/cloud.alqueria.es\/wp-content\/uploads\/sites\/13\/2011\/10\/estuche_transparente-283331.gif\" alt=\"\" width=\"231\" height=\"142\" \/><\/a><\/p>\n<p style=\"text-align:center\">Os presento la rep\u00fablica independiente de mi estuche. Est\u00e1 compuesta por el grupo de los l\u00e1pices, al frente del poderoso l\u00e1piz azul: Alpinez. Despu\u00e9s est\u00e1n los bol\u00edgrafos, que escriben muy bien, y adem\u00e1s tratan amablemente a los dem\u00e1s, bueno solo a los que le interesan. Se gu\u00edan por el gran Bictor, que tiene una nariz muy grande. Los rotuladores son muy t\u00edmidos, y siempre siguen a los bolis. Tambi\u00e9n hay dos pegamentos, son muy fuertes y a cualquiera que se les oponga le dan un pegontoso\u00a0lament\u00f3n\u00a0y lo dejan para el arrastre. Las gomas\u00a0por su parte si que son fornidas, y siempre se pelean con los l\u00e1pices. Las dirige un tal Milanez. Por \u00faltimo, hay uno m\u00e1s: el sacapuntas, siempre est\u00e1 ocupado sacando punta, adem\u00e1s es muy gru\u00f1\u00f3n, porque siempre te amenaza con lo de \u00abque te rajo\u00bb. Todos parecen unos pol\u00edticos corruptos, pero en el fondo todos quieren lo mismo: un estuche mejor para todos, aunque todos quieren ser el presidente, se arma un l\u00edo tremendo.<\/p>\n<p style=\"text-align:justify\">\u00a0<\/p>\n<p style=\"text-align:justify\"><img decoding=\"async\" data-attachment-id=\"1658\" data-permalink=\"https:\/\/www.alqueria.es\/blogs\/alqueriatercerciclo\/030\/\" data-orig-file=\"https:\/\/www.alqueria.es\/blogs\/alqueriatercerciclo\/wp-content\/uploads\/sites\/13\/2011\/10\/030.jpg\" data-orig-size=\"446,512\" data-comments-opened=\"1\" data-image-meta=\"{&quot;aperture&quot;:&quot;0&quot;,&quot;credit&quot;:&quot;&quot;,&quot;camera&quot;:&quot;&quot;,&quot;caption&quot;:&quot;&quot;,&quot;created_timestamp&quot;:&quot;0&quot;,&quot;copyright&quot;:&quot;&quot;,&quot;focal_length&quot;:&quot;0&quot;,&quot;iso&quot;:&quot;0&quot;,&quot;shutter_speed&quot;:&quot;0&quot;,&quot;title&quot;:&quot;&quot;}\" data-image-title=\"Personajes de la historia\" data-image-description=\"\" data-image-caption=\"\" data-large-file=\"https:\/\/www.alqueria.es\/blogs\/alqueriatercerciclo\/wp-content\/uploads\/sites\/13\/2011\/10\/030.jpg\" class=\"aligncenter size-medium wp-image-1658\" title=\"Personajes de la historia\" src=\"https:\/\/cloud.alqueria.es\/wp-content\/uploads\/sites\/13\/2011\/10\/0301.jpg\" alt=\"\" width=\"365\" height=\"338\" \/><\/p>\n<p style=\"text-align:justify\">\u00a0<\/p>\n<p style=\"text-align:justify\">Menos mal, que hace\u00a0tiempo decidi\u00f3\u00a0organizar un gran congreso en el que decidimos\u00a0qu\u00e9 grupo de utensilios ser\u00e1n los presidentes. Los pegamentos ser\u00e1n \u00ablos seguratas\u00bb ya que se puede armar un l\u00edo\u00a0tremendo, mientras que el sacapunta\u00a0Gru\u00f1ez ser\u00e1 el juez (en realidad soy yo, aunque a \u00e9l le hac\u00eda mucha ilusi\u00f3n, y no tengo tiritas de m\u00e1s).<\/p>\n<p style=\"text-align:justify\">-\u00a1Nosotros \u00e9ramos los presidentes! &#8211; exclamaban los bolis.<\/p>\n<p style=\"text-align:justify\">-\u00a1No, lo seremos nosotros!- contratacaban los l\u00e1pices.<\/p>\n<p style=\"text-align:justify\">&#8211; Estamos a la entrada del casillero, donde celebraremos el congreso, y los nervios est\u00e1n por los aires&#8230;.<\/p>\n<p style=\"text-align:justify\">Ya han presentado su candidatura todos los utensilios, y los nervios van a llegar a Urano\u00a0dentro de poco, menos mal que los pegamentos Pegez\u00a0y Pegaz est\u00e1n aqu\u00ed.<\/p>\n<p style=\"text-align:justify\">Por cierto, \u00bfsabi\u00e1is que mi madre es psic\u00f3loga, y me ha ense\u00f1ado a detectar las mentiras que dicen mis utensilios? Y ahora mismo est\u00e1n diciendo algunas peque\u00f1as mentiras para salir disidentes, y es que para ser un buen pol\u00edtico no hay que decir ninguna mentira&#8230; Hay que acabar con esto.<\/p>\n<p style=\"text-align:justify\">\u00a1\u00a1\u00a1BASTA!!!\u00a0 &#8211; exclam\u00f3 de repente.- \u00a1Dejaos de tonter\u00edas y escuchadme!: Se me ha ocurrido una idea, ver\u00e9is&#8230;<\/p>\n<p style=\"text-align:justify\">Desde que les cont\u00e9 mi idea,\u00a0todo va mucho mejor, y desde que formamos las concejal\u00edas, no hay peleas ni mentiras.<\/p>\n<p style=\"text-align:justify\">Javier Sierra Horcajadas<\/p>\n","protected":false},"excerpt":{"rendered":"<p>\u00a0 Os presento la rep\u00fablica independiente de mi estuche. Est\u00e1 compuesta por el grupo de los l\u00e1pices, al frente del poderoso l\u00e1piz azul: Alpinez. Despu\u00e9s est\u00e1n los bol\u00edgrafos, que escriben muy bien, y adem\u00e1s tratan amablemente a los dem\u00e1s, bueno solo a los que le interesan. Se gu\u00edan por el gran Bictor, que tiene una [&hellip;]<\/p>\n","protected":false},"author":7,"featured_media":0,"comment_status":"open","ping_status":"open","sticky":false,"template":"","format":"standard","meta":{"jetpack_post_was_ever_published":false,"_jetpack_newsletter_access":"","_jetpack_dont_email_post_to_subs":false,"_jetpack_newsletter_tier_id":0,"_jetpack_memberships_contains_paywalled_content":false,"_jetpack_memberships_contains_paid_content":false,"footnotes":"","jetpack_publicize_message":"","jetpack_publicize_feature_enabled":true,"jetpack_social_post_already_shared":false,"jetpack_social_options":{"image_generator_settings":{"template":"highway","default_image_id":0,"font":"","enabled":false},"version":2}},"categories":[2,66],"tags":[176],"class_list":["post-1655","post","type-post","status-publish","format-standard","hentry","category-5o-epo","category-taller-de-escritura-5o","tag-taller-de-escritura"],"jetpack_publicize_connections":[],"jetpack_featured_media_url":"","jetpack_sharing_enabled":true,"jetpack_shortlink":"https:\/\/wp.me\/p4mLU4-qH","_links":{"self":[{"href":"https:\/\/www.alqueria.es\/blogs\/alqueriatercerciclo\/wp-json\/wp\/v2\/posts\/1655","targetHints":{"allow":["GET"]}}],"collection":[{"href":"https:\/\/www.alqueria.es\/blogs\/alqueriatercerciclo\/wp-json\/wp\/v2\/posts"}],"about":[{"href":"https:\/\/www.alqueria.es\/blogs\/alqueriatercerciclo\/wp-json\/wp\/v2\/types\/post"}],"author":[{"embeddable":true,"href":"https:\/\/www.alqueria.es\/blogs\/alqueriatercerciclo\/wp-json\/wp\/v2\/users\/7"}],"replies":[{"embeddable":true,"href":"https:\/\/www.alqueria.es\/blogs\/alqueriatercerciclo\/wp-json\/wp\/v2\/comments?post=1655"}],"version-history":[{"count":0,"href":"https:\/\/www.alqueria.es\/blogs\/alqueriatercerciclo\/wp-json\/wp\/v2\/posts\/1655\/revisions"}],"wp:attachment":[{"href":"https:\/\/www.alqueria.es\/blogs\/alqueriatercerciclo\/wp-json\/wp\/v2\/media?parent=1655"}],"wp:term":[{"taxonomy":"category","embeddable":true,"href":"https:\/\/www.alqueria.es\/blogs\/alqueriatercerciclo\/wp-json\/wp\/v2\/categories?post=1655"},{"taxonomy":"post_tag","embeddable":true,"href":"https:\/\/www.alqueria.es\/blogs\/alqueriatercerciclo\/wp-json\/wp\/v2\/tags?post=1655"}],"curies":[{"name":"wp","href":"https:\/\/api.w.org\/{rel}","templated":true}]}}