{"id":2215,"date":"2011-11-24T11:45:29","date_gmt":"2011-11-24T10:45:29","guid":{"rendered":"http:\/\/alqueriatercerciclo.wordpress.com\/?p=2215"},"modified":"2014-02-24T16:00:20","modified_gmt":"2014-02-24T16:00:20","slug":"exposicion-universos-infinitos-m-c-escher","status":"publish","type":"post","link":"https:\/\/www.alqueria.es\/blogs\/alqueriatercerciclo\/2011\/11\/24\/exposicion-universos-infinitos-m-c-escher\/","title":{"rendered":"Exposici\u00f3n universos infinitos M.C. ESCHER"},"content":{"rendered":"<p>Hoy mi\u00e9rcoles la clase de quinto de E.P.O.\u00a0ha cogido las mochilas y se ha puesto en marcha direcci\u00f3n a la Alhambra. Precisando m\u00e1s al Palacio de Carlos V, donde hemos entrado a una exposici\u00f3n llamada \u00abUniversos Infinitos\u00bb.<\/p>\n<p>Una vez dentro nos hemos dirigido a una sala circular con una gran c\u00fapula, donde hab\u00eda proyecciones en varias pantallas sobre el trabajo de M.C.\u00a0Escher. Por cierto esta sala tiene forma octogonal porque es la parte del palacio que Carlos\u00a0V quer\u00eda que fuera su c\u00e1mara funeraria. Por eso ten\u00eda forma de ocho ya que simboliza el infinito.<img decoding=\"async\" data-attachment-id=\"2229\" data-permalink=\"https:\/\/www.alqueria.es\/blogs\/alqueriatercerciclo\/escher-flickr-2\/\" data-orig-file=\"https:\/\/www.alqueria.es\/blogs\/alqueriatercerciclo\/wp-content\/uploads\/sites\/13\/2011\/11\/escher-flickr1.jpg\" data-orig-size=\"469,311\" data-comments-opened=\"1\" data-image-meta=\"{&quot;aperture&quot;:&quot;0&quot;,&quot;credit&quot;:&quot;&quot;,&quot;camera&quot;:&quot;&quot;,&quot;caption&quot;:&quot;&quot;,&quot;created_timestamp&quot;:&quot;0&quot;,&quot;copyright&quot;:&quot;&quot;,&quot;focal_length&quot;:&quot;0&quot;,&quot;iso&quot;:&quot;0&quot;,&quot;shutter_speed&quot;:&quot;0&quot;,&quot;title&quot;:&quot;&quot;}\" data-image-title=\"im\u00e1genes de Escher\" data-image-description=\"\" data-image-caption=\"\" data-large-file=\"https:\/\/www.alqueria.es\/blogs\/alqueriatercerciclo\/wp-content\/uploads\/sites\/13\/2011\/11\/escher-flickr1.jpg\" class=\"aligncenter size-full wp-image-2229\" title=\"im\u00e1genes de Escher\" src=\"https:\/\/cloud.alqueria.es\/wp-content\/uploads\/sites\/13\/2011\/11\/escher-flickr11.jpg\" alt=\"\" width=\"469\" height=\"311\" \/><\/p>\n<p>En esta sala octogonal hab\u00eda dispuestos es c\u00edrculo unos sillones\u00a0para observar la proyecci\u00f3n. Normalmente eran animales que parec\u00eda que se iban pasando de una pantalla a otra (hab\u00eda una pantalla en cada lado del oct\u00f3gono), aunque tambi\u00e9n hab\u00eda figuras partiendo de cuadrados y tri\u00e1ngulos. A m\u00ed esta parte me ha gustado mucho porque me parece que partiendo de una forma geom\u00e9trica simple se pueden hacer otras formas con los espacios en blanco que deja al hacer una sucesi\u00f3n. Tambi\u00e9n es original como partiendo de una figura de animales como los peces o los p\u00e1jaros, mezclando el positivo y el negativo se consigue una composici\u00f3n muy creativa.<\/p>\n<p>Cuando salimos de la sala octogonal nos topamos con una ventana al pasado, donde se ve\u00eda una puerta \u00e1rabe y muchos mosaicos. Despu\u00e9s nos\u00a0asomamos a la ventana del futuro donde se ve\u00eda una sucesi\u00f3n de ventanas cada vez m\u00e1s peque\u00f1as. Daba la sensaci\u00f3n de que unas ventanas conten\u00edan a otras.<\/p>\n<p>En otra sala hab\u00eda diferentes cuadros de Escher\u00a0realizados a lo largo de su vida, por ello estaban colgados en hileras y hac\u00edan como pasillos. No estaban colgados en paredes sino suspendidos en el aire. Siempre detr\u00e1s de cada cuadro hab\u00eda una historia sobre la vida del autor.<\/p>\n<p>A m\u00ed el que m\u00e1s me ha gustado era unos lagartos\u00a0o dragones de Komodo\u00a0que iban formando teselas sin dejar ning\u00fan espacio en blanco, como tambi\u00e9n hemos dicho antes con los p\u00e1jaros, mezclando el positivo y el negativo. Esta serie de im\u00e1genes Escher las llam\u00f3 Metamorfosis.<\/p>\n<p>Una curiosidad: la encargada nos ha dicho que la sala estaba a una temperatura de 8\u00ba cent\u00edgrados para que los cuadros no sufrieran da\u00f1o.<\/p>\n<p><img decoding=\"async\" title=\"Paseando y jugando por la Alhambra\" src=\"https:\/\/cloud.alqueria.es\/wp-content\/uploads\/sites\/13\/2011\/11\/jugando1.jpg\" alt=\"\" width=\"500\" height=\"375\" \/><\/p>\n<p>Una vez terminada la visita nos hemos dado un paseo fenomenal por los jardines de la Alhambra, donde hemos visto una gran variedad de setas y hemos jugado a los barcos de papel en las acequias del bosque de la Alhambra.<\/p>\n<p>Autor: Andr\u00e9s\u00a0Aguayo\u00a0Padial<\/p>\n","protected":false},"excerpt":{"rendered":"<p>Hoy mi\u00e9rcoles la clase de quinto de E.P.O.\u00a0ha cogido las mochilas y se ha puesto en marcha direcci\u00f3n a la Alhambra. Precisando m\u00e1s al Palacio de Carlos V, donde hemos entrado a una exposici\u00f3n llamada \u00abUniversos Infinitos\u00bb. Una vez dentro nos hemos dirigido a una sala circular con una gran c\u00fapula, donde hab\u00eda proyecciones en [&hellip;]<\/p>\n","protected":false},"author":7,"featured_media":0,"comment_status":"open","ping_status":"open","sticky":false,"template":"","format":"standard","meta":{"jetpack_post_was_ever_published":false,"_jetpack_newsletter_access":"","_jetpack_dont_email_post_to_subs":false,"_jetpack_newsletter_tier_id":0,"_jetpack_memberships_contains_paywalled_content":false,"_jetpack_memberships_contains_paid_content":false,"footnotes":"","jetpack_publicize_message":"","jetpack_publicize_feature_enabled":true,"jetpack_social_post_already_shared":false,"jetpack_social_options":{"image_generator_settings":{"template":"highway","default_image_id":0,"font":"","enabled":false},"version":2}},"categories":[2,13,87],"tags":[97,385],"class_list":["post-2215","post","type-post","status-publish","format-standard","hentry","category-5o-epo","category-bitacora-5o","category-salidas","tag-bitacora","tag-salidas"],"jetpack_publicize_connections":[],"jetpack_featured_media_url":"","jetpack_sharing_enabled":true,"jetpack_shortlink":"https:\/\/wp.me\/p4mLU4-zJ","_links":{"self":[{"href":"https:\/\/www.alqueria.es\/blogs\/alqueriatercerciclo\/wp-json\/wp\/v2\/posts\/2215","targetHints":{"allow":["GET"]}}],"collection":[{"href":"https:\/\/www.alqueria.es\/blogs\/alqueriatercerciclo\/wp-json\/wp\/v2\/posts"}],"about":[{"href":"https:\/\/www.alqueria.es\/blogs\/alqueriatercerciclo\/wp-json\/wp\/v2\/types\/post"}],"author":[{"embeddable":true,"href":"https:\/\/www.alqueria.es\/blogs\/alqueriatercerciclo\/wp-json\/wp\/v2\/users\/7"}],"replies":[{"embeddable":true,"href":"https:\/\/www.alqueria.es\/blogs\/alqueriatercerciclo\/wp-json\/wp\/v2\/comments?post=2215"}],"version-history":[{"count":0,"href":"https:\/\/www.alqueria.es\/blogs\/alqueriatercerciclo\/wp-json\/wp\/v2\/posts\/2215\/revisions"}],"wp:attachment":[{"href":"https:\/\/www.alqueria.es\/blogs\/alqueriatercerciclo\/wp-json\/wp\/v2\/media?parent=2215"}],"wp:term":[{"taxonomy":"category","embeddable":true,"href":"https:\/\/www.alqueria.es\/blogs\/alqueriatercerciclo\/wp-json\/wp\/v2\/categories?post=2215"},{"taxonomy":"post_tag","embeddable":true,"href":"https:\/\/www.alqueria.es\/blogs\/alqueriatercerciclo\/wp-json\/wp\/v2\/tags?post=2215"}],"curies":[{"name":"wp","href":"https:\/\/api.w.org\/{rel}","templated":true}]}}