{"id":2825,"date":"2011-12-23T21:28:15","date_gmt":"2011-12-23T20:28:15","guid":{"rendered":"http:\/\/alqueriatercerciclo.wordpress.com\/?p=2825"},"modified":"2014-02-24T16:00:37","modified_gmt":"2014-02-24T16:00:37","slug":"las-armas-capitulo-1","status":"publish","type":"post","link":"https:\/\/www.alqueria.es\/blogs\/alqueriatercerciclo\/2011\/12\/23\/las-armas-capitulo-1\/","title":{"rendered":"Las armas: cap\u00edtulo 1"},"content":{"rendered":"<p>Bombas, pistolas y metralletas matan a diario a gente inocente.<br \/>\n\u00bfPor qu\u00e9? \u00bfuna disputa? o quiz\u00e1s&#8230; \u00bfpor nada?<br \/>\nS\u00ed, esa es la raz\u00f3n, tonter\u00edas con f\u00e1cil soluci\u00f3n. Pero el caso es que esa idea es muy f\u00e1cil decirla, pero no lo es cumplirla&#8230;<br \/>\n\u00bfHabr\u00e1 soluci\u00f3n? probablemente, s\u00ed, \u00bfse utilizar\u00e1? \u00bfsi?&#8230; \u00bfalg\u00fan d\u00eda se prohibir\u00e1n la armas? no lo creo, probablemente, ser\u00e1 al rev\u00e9s, toda la gente tendr\u00e1 un arma por su seguridad, las muertes aumentar\u00e1n. Un futuro oscuro nos espera. \u00abEl retroceso a los primeros tiempos en el futuro. La destrucci\u00f3n del universo\u00bb.<\/p>\n<p>Por Agust\u00edn<\/p>\n<p><a href=\"http:\/\/alqueriatercerciclo.wordpress.com\/2011\/12\/23\/las-armas-capitulo-1\/no_a_las_armas\/\" rel=\"attachment wp-att-2827\"><img decoding=\"async\" data-attachment-id=\"2827\" data-permalink=\"https:\/\/www.alqueria.es\/blogs\/alqueriatercerciclo\/no_a_las_armas\/\" data-orig-file=\"https:\/\/www.alqueria.es\/blogs\/alqueriatercerciclo\/wp-content\/uploads\/sites\/13\/2011\/12\/no_a_las_armas.jpg\" data-orig-size=\"300,300\" data-comments-opened=\"1\" data-image-meta=\"{&quot;aperture&quot;:&quot;0&quot;,&quot;credit&quot;:&quot;&quot;,&quot;camera&quot;:&quot;&quot;,&quot;caption&quot;:&quot;&quot;,&quot;created_timestamp&quot;:&quot;0&quot;,&quot;copyright&quot;:&quot;&quot;,&quot;focal_length&quot;:&quot;0&quot;,&quot;iso&quot;:&quot;0&quot;,&quot;shutter_speed&quot;:&quot;0&quot;,&quot;title&quot;:&quot;&quot;}\" data-image-title=\"No armas\" data-image-description=\"\" data-image-caption=\"\" data-large-file=\"https:\/\/www.alqueria.es\/blogs\/alqueriatercerciclo\/wp-content\/uploads\/sites\/13\/2011\/12\/no_a_las_armas.jpg\" class=\"aligncenter size-full wp-image-2827\" title=\"No armas\" src=\"https:\/\/cloud.alqueria.es\/wp-content\/uploads\/sites\/13\/2011\/12\/no_a_las_armas1.jpg\" alt=\"\" width=\"300\" height=\"300\" \/><\/a><\/p>\n","protected":false},"excerpt":{"rendered":"<p>Bombas, pistolas y metralletas matan a diario a gente inocente. \u00bfPor qu\u00e9? \u00bfuna disputa? o quiz\u00e1s&#8230; \u00bfpor nada? S\u00ed, esa es la raz\u00f3n, tonter\u00edas con f\u00e1cil soluci\u00f3n. Pero el caso es que esa idea es muy f\u00e1cil decirla, pero no lo es cumplirla&#8230; \u00bfHabr\u00e1 soluci\u00f3n? probablemente, s\u00ed, \u00bfse utilizar\u00e1? \u00bfsi?&#8230; \u00bfalg\u00fan d\u00eda se prohibir\u00e1n la [&hellip;]<\/p>\n","protected":false},"author":7,"featured_media":0,"comment_status":"open","ping_status":"open","sticky":false,"template":"","format":"standard","meta":{"jetpack_post_was_ever_published":false,"_jetpack_newsletter_access":"","_jetpack_dont_email_post_to_subs":false,"_jetpack_newsletter_tier_id":0,"_jetpack_memberships_contains_paywalled_content":false,"_jetpack_memberships_contains_paid_content":false,"footnotes":"","jetpack_publicize_message":"","jetpack_publicize_feature_enabled":true,"jetpack_social_post_already_shared":false,"jetpack_social_options":{"image_generator_settings":{"template":"highway","default_image_id":0,"font":"","enabled":false},"version":2}},"categories":[3,79],"tags":[97],"class_list":["post-2825","post","type-post","status-publish","format-standard","hentry","category-6o-epo","category-bitacora-6o","tag-bitacora"],"jetpack_publicize_connections":[],"jetpack_featured_media_url":"","jetpack_sharing_enabled":true,"jetpack_shortlink":"https:\/\/wp.me\/p4mLU4-Jz","_links":{"self":[{"href":"https:\/\/www.alqueria.es\/blogs\/alqueriatercerciclo\/wp-json\/wp\/v2\/posts\/2825","targetHints":{"allow":["GET"]}}],"collection":[{"href":"https:\/\/www.alqueria.es\/blogs\/alqueriatercerciclo\/wp-json\/wp\/v2\/posts"}],"about":[{"href":"https:\/\/www.alqueria.es\/blogs\/alqueriatercerciclo\/wp-json\/wp\/v2\/types\/post"}],"author":[{"embeddable":true,"href":"https:\/\/www.alqueria.es\/blogs\/alqueriatercerciclo\/wp-json\/wp\/v2\/users\/7"}],"replies":[{"embeddable":true,"href":"https:\/\/www.alqueria.es\/blogs\/alqueriatercerciclo\/wp-json\/wp\/v2\/comments?post=2825"}],"version-history":[{"count":0,"href":"https:\/\/www.alqueria.es\/blogs\/alqueriatercerciclo\/wp-json\/wp\/v2\/posts\/2825\/revisions"}],"wp:attachment":[{"href":"https:\/\/www.alqueria.es\/blogs\/alqueriatercerciclo\/wp-json\/wp\/v2\/media?parent=2825"}],"wp:term":[{"taxonomy":"category","embeddable":true,"href":"https:\/\/www.alqueria.es\/blogs\/alqueriatercerciclo\/wp-json\/wp\/v2\/categories?post=2825"},{"taxonomy":"post_tag","embeddable":true,"href":"https:\/\/www.alqueria.es\/blogs\/alqueriatercerciclo\/wp-json\/wp\/v2\/tags?post=2825"}],"curies":[{"name":"wp","href":"https:\/\/api.w.org\/{rel}","templated":true}]}}