{"id":2880,"date":"2011-12-28T00:15:46","date_gmt":"2011-12-27T23:15:46","guid":{"rendered":"http:\/\/alqueriatercerciclo.wordpress.com\/?p=2880"},"modified":"2014-02-24T16:23:19","modified_gmt":"2014-02-24T16:23:19","slug":"navidad-en-granada-o-en","status":"publish","type":"post","link":"https:\/\/www.alqueria.es\/blogs\/alqueriatercerciclo\/2011\/12\/28\/navidad-en-granada-o-en\/","title":{"rendered":"Navidad en Granada o en&#8230;"},"content":{"rendered":"<p>Esperamos que est\u00e9is disfrutando de vuestras vacaciones en familia, con amigos. Todos nos merecemos estos d\u00edas despu\u00e9s del trabajo que hemos llevado a cabo durante este trimestre.<\/p>\n<p>Vamos a empezar a\u00f1adiendo fotos de Navidad en Granada, en aquel lugar en el que te encuentres o en casa. Entre todos podemos reflejar una parte de nuestras vacaciones y disfrute. Env\u00eda tus fotos y comentario a colegioalqueria@yahoo.es<\/p>\n<p><img decoding=\"async\" data-attachment-id=\"2882\" data-permalink=\"https:\/\/www.alqueria.es\/blogs\/alqueriatercerciclo\/feliz-navidad-20111\/\" data-orig-file=\"https:\/\/www.alqueria.es\/blogs\/alqueriatercerciclo\/wp-content\/uploads\/sites\/13\/2011\/12\/feliz-navidad-20111.jpg\" data-orig-size=\"584,439\" data-comments-opened=\"1\" data-image-meta=\"{&quot;aperture&quot;:&quot;0&quot;,&quot;credit&quot;:&quot;&quot;,&quot;camera&quot;:&quot;&quot;,&quot;caption&quot;:&quot;&quot;,&quot;created_timestamp&quot;:&quot;0&quot;,&quot;copyright&quot;:&quot;&quot;,&quot;focal_length&quot;:&quot;0&quot;,&quot;iso&quot;:&quot;0&quot;,&quot;shutter_speed&quot;:&quot;0&quot;,&quot;title&quot;:&quot;&quot;}\" data-image-title=\"navidad \" data-image-description=\"\" data-image-caption=\"\" data-large-file=\"https:\/\/www.alqueria.es\/blogs\/alqueriatercerciclo\/wp-content\/uploads\/sites\/13\/2011\/12\/feliz-navidad-20111.jpg\" class=\"aligncenter size-full wp-image-2882\" title=\"navidad \" src=\"https:\/\/cloud.alqueria.es\/wp-content\/uploads\/sites\/13\/2011\/12\/feliz-navidad-201111.jpg\" alt=\"\" width=\"510\" height=\"383\" \/><\/p>\n","protected":false},"excerpt":{"rendered":"<p>Esperamos que est\u00e9is disfrutando de vuestras vacaciones en familia, con amigos. Todos nos merecemos estos d\u00edas despu\u00e9s del trabajo que hemos llevado a cabo durante este trimestre. Vamos a empezar a\u00f1adiendo fotos de Navidad en Granada, en aquel lugar en el que te encuentres o en casa. Entre todos podemos reflejar una parte de nuestras [&hellip;]<\/p>\n","protected":false},"author":7,"featured_media":0,"comment_status":"open","ping_status":"open","sticky":false,"template":"","format":"standard","meta":{"jetpack_post_was_ever_published":false,"_jetpack_newsletter_access":"","_jetpack_dont_email_post_to_subs":false,"_jetpack_newsletter_tier_id":0,"_jetpack_memberships_contains_paywalled_content":false,"_jetpack_memberships_contains_paid_content":false,"footnotes":"","jetpack_publicize_message":"","jetpack_publicize_feature_enabled":true,"jetpack_social_post_already_shared":false,"jetpack_social_options":{"image_generator_settings":{"template":"highway","default_image_id":0,"font":"","enabled":false},"version":2}},"categories":[2,3,83],"tags":[149],"class_list":["post-2880","post","type-post","status-publish","format-standard","hentry","category-5o-epo","category-6o-epo","category-dias-especiales","tag-navidad"],"jetpack_publicize_connections":[],"jetpack_featured_media_url":"","jetpack_sharing_enabled":true,"jetpack_shortlink":"https:\/\/wp.me\/p4mLU4-Ks","_links":{"self":[{"href":"https:\/\/www.alqueria.es\/blogs\/alqueriatercerciclo\/wp-json\/wp\/v2\/posts\/2880","targetHints":{"allow":["GET"]}}],"collection":[{"href":"https:\/\/www.alqueria.es\/blogs\/alqueriatercerciclo\/wp-json\/wp\/v2\/posts"}],"about":[{"href":"https:\/\/www.alqueria.es\/blogs\/alqueriatercerciclo\/wp-json\/wp\/v2\/types\/post"}],"author":[{"embeddable":true,"href":"https:\/\/www.alqueria.es\/blogs\/alqueriatercerciclo\/wp-json\/wp\/v2\/users\/7"}],"replies":[{"embeddable":true,"href":"https:\/\/www.alqueria.es\/blogs\/alqueriatercerciclo\/wp-json\/wp\/v2\/comments?post=2880"}],"version-history":[{"count":0,"href":"https:\/\/www.alqueria.es\/blogs\/alqueriatercerciclo\/wp-json\/wp\/v2\/posts\/2880\/revisions"}],"wp:attachment":[{"href":"https:\/\/www.alqueria.es\/blogs\/alqueriatercerciclo\/wp-json\/wp\/v2\/media?parent=2880"}],"wp:term":[{"taxonomy":"category","embeddable":true,"href":"https:\/\/www.alqueria.es\/blogs\/alqueriatercerciclo\/wp-json\/wp\/v2\/categories?post=2880"},{"taxonomy":"post_tag","embeddable":true,"href":"https:\/\/www.alqueria.es\/blogs\/alqueriatercerciclo\/wp-json\/wp\/v2\/tags?post=2880"}],"curies":[{"name":"wp","href":"https:\/\/api.w.org\/{rel}","templated":true}]}}