{"id":3172,"date":"2012-01-14T10:00:43","date_gmt":"2012-01-14T09:00:43","guid":{"rendered":"http:\/\/alqueriatercerciclo.wordpress.com\/?p=3172"},"modified":"2014-02-24T15:59:33","modified_gmt":"2014-02-24T15:59:33","slug":"un-dia-lluvioso-2","status":"publish","type":"post","link":"https:\/\/www.alqueria.es\/blogs\/alqueriatercerciclo\/2012\/01\/14\/un-dia-lluvioso-2\/","title":{"rendered":"Un d\u00eda lluvioso (Andr\u00e9s)"},"content":{"rendered":"<p>Hace\u00a0poco tiempo en la foresta de un bosque volvi\u00f3 a llover y digo volver, porque hac\u00eda ya diez d\u00edas que llov\u00eda sin parar. Los elfos estaban desesperados porque no hab\u00eda comida, no pod\u00edan salir a cazar ni recolectar bayas, ni hongos y adem\u00e1s, estaba siendo asolado el poblado por una ola de peste negra.<\/p>\n<p>Muchos elfos estaban muriendo y se percib\u00eda un hedor a cuerpos, solo hab\u00eda una criatura posible para detener la furia de los cielos, el drag\u00f3n oscuro de los vientos, pod\u00eda escupir fuego al cielo y evaporar el agua.<\/p>\n<p>El drag\u00f3n ten\u00eda una larga cadena de espinas que le cubr\u00eda la parte superior del torso. Por supuesto, era negro como las escamas que le cubr\u00edan el cuerpo. De hecho solo ten\u00eda blancos los afilados colmillos y el globo ocular y sus largas y negras alas eran muy similares a las\u00a0 de un murci\u00e9lago.<\/p>\n<p>\u00bfPero qui\u00e9n iba a llamarlo? Ten\u00eda que subir las escarpadas monta\u00f1as, con la que estaba cayendo. Se reuni\u00f3 un consejo para elegir a alguien que se presentara a realizar la proeza.<img decoding=\"async\" data-attachment-id=\"3173\" data-permalink=\"https:\/\/www.alqueria.es\/blogs\/alqueriatercerciclo\/dragon-verde\/\" data-orig-file=\"https:\/\/www.alqueria.es\/blogs\/alqueriatercerciclo\/wp-content\/uploads\/sites\/13\/2012\/01\/dragon-verde.jpg\" data-orig-size=\"400,302\" data-comments-opened=\"1\" data-image-meta=\"{&quot;aperture&quot;:&quot;0&quot;,&quot;credit&quot;:&quot;&quot;,&quot;camera&quot;:&quot;&quot;,&quot;caption&quot;:&quot;&quot;,&quot;created_timestamp&quot;:&quot;0&quot;,&quot;copyright&quot;:&quot;&quot;,&quot;focal_length&quot;:&quot;0&quot;,&quot;iso&quot;:&quot;0&quot;,&quot;shutter_speed&quot;:&quot;0&quot;,&quot;title&quot;:&quot;&quot;}\" data-image-title=\"El drag\u00f3n\" data-image-description=\"\" data-image-caption=\"\" data-large-file=\"https:\/\/www.alqueria.es\/blogs\/alqueriatercerciclo\/wp-content\/uploads\/sites\/13\/2012\/01\/dragon-verde.jpg\" class=\"size-medium wp-image-3173 alignright\" title=\"El drag\u00f3n\" src=\"https:\/\/cloud.alqueria.es\/wp-content\/uploads\/sites\/13\/2012\/01\/dragon-verde1.jpg\" alt=\"\" width=\"300\" height=\"226\" \/><\/p>\n<p>-Yo- dijo una serena voz.<\/p>\n<p>&#8211; \u00bfQui\u00e9n ha dicho\u00a0eso?- pregunt\u00f3 Sarahac, el jefe del consejo.<\/p>\n<p>&#8211; Soy Armiser\u00a0un simple campesino de la zona sur y adem\u00e1s si no lo consigo, no perder\u00e9is ning\u00fan camarada- dijo el esbelto joven.<\/p>\n<p>&#8211; No hijo- dijo la escandalosa voz de su madre y su padre al un\u00edsono.<\/p>\n<p>&#8211; Tengo que hacerlo es mi deber en la vida- contest\u00f3\u00a0 con voz tranquilizadora Armiser.<\/p>\n<p>Parti\u00f3 a la ma\u00f1ana siguiente cuando descubri\u00f3 que hab\u00eda cesado un poco de llover y ech\u00f3 a correr.<\/p>\n<p>Peg\u00e1ndose mucho a los robustos troncos de los robles para que el espeso follaje tapara las gotas que se precipitaban del cielo con gran furia, una gota en el ojo podr\u00eda cegarle. Anduvo\u00a0entre arbustos y florecillas que de las lluvias hab\u00edan nacido.<\/p>\n<p>Ando tanto que tuvo que parar a descansar en una roca que ten\u00eda un agujero, se acurruc\u00f3\u00a0y se durmi\u00f3. Al cabo de dos horas se despert\u00f3 y toc\u00f3 la roca y como era un elfo quer\u00eda transmitirle su agradecimiento, pero la verdad era que no era lo que parec\u00eda, era una criatura de color anaranjado y la cara con aspecto de tigre pero de unas dimensiones asombrosas.<\/p>\n<p>La criatura ech\u00f3 a correr tras Asmiser, pero parec\u00eda que los \u00e1rboles quer\u00edan salvar a el elfo porque le iban haciendo un pasillo que se cerraba\u00a0tras \u00e9l. Armiser no mir\u00f3 hacia delante, siempre miraba hacia detr\u00e1s hasta que choc\u00f3 contra una roca gigante. Era la entrada a la casa del drag\u00f3n.<\/p>\n<p>Armiser entr\u00f3 sigilosamente y le dijo al drag\u00f3n:<\/p>\n<p>&#8211; Hola amigo del bosque, tienes que ayudarme a salvar a mi pueblo.<\/p>\n<p>&#8211; Lo har\u00e9, pero t\u00fa ir\u00e1s a mis lomos, &#8211; dijo la estrepitosa y grotesca voz del drag\u00f3n.<\/p>\n<p>Se pusieron en marcha. El drag\u00f3n bati\u00f3 sus alas con fuerza y se alz\u00f3 al viento, subi\u00f3 y subi\u00f3 hasta que lanz\u00f3 una fuerte llamarada rompiendo las nubes y salvando al bosque. Pero cuando se dio\u00a0cuenta de que Armiser no estaba, hab\u00eda ca\u00eddo y la hab\u00eda atravesado una rama.<\/p>\n<p>Pero el bosque siempre lo record\u00f3 como el mayor h\u00e9roe de todos los tiempos.<\/p>\n<p>Autor: Andr\u00e9s<\/p>\n","protected":false},"excerpt":{"rendered":"<p>Hace\u00a0poco tiempo en la foresta de un bosque volvi\u00f3 a llover y digo volver, porque hac\u00eda ya diez d\u00edas que llov\u00eda sin parar. Los elfos estaban desesperados porque no hab\u00eda comida, no pod\u00edan salir a cazar ni recolectar bayas, ni hongos y adem\u00e1s, estaba siendo asolado el poblado por una ola de peste negra. Muchos [&hellip;]<\/p>\n","protected":false},"author":7,"featured_media":0,"comment_status":"open","ping_status":"open","sticky":false,"template":"","format":"standard","meta":{"jetpack_post_was_ever_published":false,"_jetpack_newsletter_access":"","_jetpack_dont_email_post_to_subs":false,"_jetpack_newsletter_tier_id":0,"_jetpack_memberships_contains_paywalled_content":false,"_jetpack_memberships_contains_paid_content":false,"footnotes":"","jetpack_publicize_message":"","jetpack_publicize_feature_enabled":true,"jetpack_social_post_already_shared":false,"jetpack_social_options":{"image_generator_settings":{"template":"highway","default_image_id":0,"font":"","enabled":false},"version":2}},"categories":[2,66],"tags":[176],"class_list":["post-3172","post","type-post","status-publish","format-standard","hentry","category-5o-epo","category-taller-de-escritura-5o","tag-taller-de-escritura"],"jetpack_publicize_connections":[],"jetpack_featured_media_url":"","jetpack_sharing_enabled":true,"jetpack_shortlink":"https:\/\/wp.me\/p4mLU4-Pa","_links":{"self":[{"href":"https:\/\/www.alqueria.es\/blogs\/alqueriatercerciclo\/wp-json\/wp\/v2\/posts\/3172","targetHints":{"allow":["GET"]}}],"collection":[{"href":"https:\/\/www.alqueria.es\/blogs\/alqueriatercerciclo\/wp-json\/wp\/v2\/posts"}],"about":[{"href":"https:\/\/www.alqueria.es\/blogs\/alqueriatercerciclo\/wp-json\/wp\/v2\/types\/post"}],"author":[{"embeddable":true,"href":"https:\/\/www.alqueria.es\/blogs\/alqueriatercerciclo\/wp-json\/wp\/v2\/users\/7"}],"replies":[{"embeddable":true,"href":"https:\/\/www.alqueria.es\/blogs\/alqueriatercerciclo\/wp-json\/wp\/v2\/comments?post=3172"}],"version-history":[{"count":0,"href":"https:\/\/www.alqueria.es\/blogs\/alqueriatercerciclo\/wp-json\/wp\/v2\/posts\/3172\/revisions"}],"wp:attachment":[{"href":"https:\/\/www.alqueria.es\/blogs\/alqueriatercerciclo\/wp-json\/wp\/v2\/media?parent=3172"}],"wp:term":[{"taxonomy":"category","embeddable":true,"href":"https:\/\/www.alqueria.es\/blogs\/alqueriatercerciclo\/wp-json\/wp\/v2\/categories?post=3172"},{"taxonomy":"post_tag","embeddable":true,"href":"https:\/\/www.alqueria.es\/blogs\/alqueriatercerciclo\/wp-json\/wp\/v2\/tags?post=3172"}],"curies":[{"name":"wp","href":"https:\/\/api.w.org\/{rel}","templated":true}]}}