{"id":4422,"date":"2012-04-13T10:00:29","date_gmt":"2012-04-13T08:00:29","guid":{"rendered":"http:\/\/alqueriatercerciclo.wordpress.com\/?p=4422"},"modified":"2014-02-24T16:02:51","modified_gmt":"2014-02-24T16:02:51","slug":"mi-mascota-personal","status":"publish","type":"post","link":"https:\/\/www.alqueria.es\/blogs\/alqueriatercerciclo\/2012\/04\/13\/mi-mascota-personal\/","title":{"rendered":"Mi mascota personal"},"content":{"rendered":"<p>Hola, me llamo \u00c1ngela y hoy me voy de excursi\u00f3n con mi colegio al escondite de los huesos. Ya lo s\u00e9, no suena muy bien, pero espero que est\u00e9 chulo.<\/p>\n<p>Todos\u00a0 esperamos a que el director diga por el meg\u00e1fono: \u00abLa clase de quinto puede hacer una fila para entrar en el autob\u00fas\u00bb y en este instante le dijo:<\/p>\n<p>&#8211; Siempre cuando vamos de excursi\u00f3n cantamos unas canciones u otras seg\u00fan al lugar que vayamos. Por ejemplo, si vamos al campo: \u00abEn el campo entre las flores tra, lara, lara&#8230;\u00bb<\/p>\n<p>En este caso \u00edbamos al campo y cantamos esta canci\u00f3n.<\/p>\n<p>Cuando llegamos al Escondite de los huesos vimos que era una cima en que la que hab\u00eda muchas cuevas, que seg\u00fan la profe med\u00edan cada una entre 1 km y 1 km y medio.<\/p>\n<p>Empezamos a subir la colina. A la mitad ya estaban todos cansados menos yo. Ellos se fueron para el autob\u00fas y aprovech\u00e9 para esconderme en una cueva cercana. Cuando se hab\u00edan ido empec\u00e9 a subir para llegar a la \u00faltima cueva y llegu\u00e9. Me sent\u00e9 a descansar y a pensar\u00a0c\u00f3mo saldr\u00eda de all\u00ed.\u00a0 Me d\u00ed la vuelta y \u00a1\u00a1bu!!<\/p>\n<p>Yo me asust\u00e9 mogoll\u00f3n cuando v\u00ed a un animal peludo m\u00e1s o menos de 50 cm, de color azul oscuro y con dos cuernecitos a\u00fan creciendo. Del susto ca\u00ed colina abajo hasta que me choqu\u00e9 con un \u00e1rbol. El monstruo me segu\u00eda y cuando lleg\u00f3 hasta donde yo estaba se puso a lamerme la cara. Al final me encari\u00f1\u00e9 con \u00e9l y le puse de nombre Manfort.<\/p>\n<p style=\"text-align:center\"><img decoding=\"async\" data-attachment-id=\"4423\" data-permalink=\"https:\/\/www.alqueria.es\/blogs\/alqueriatercerciclo\/149161_1315917198779_full\/\" data-orig-file=\"https:\/\/www.alqueria.es\/blogs\/alqueriatercerciclo\/wp-content\/uploads\/sites\/13\/2012\/04\/149161_1315917198779_full.jpg\" data-orig-size=\"213,284\" data-comments-opened=\"1\" data-image-meta=\"{&quot;aperture&quot;:&quot;0&quot;,&quot;credit&quot;:&quot;&quot;,&quot;camera&quot;:&quot;&quot;,&quot;caption&quot;:&quot;&quot;,&quot;created_timestamp&quot;:&quot;0&quot;,&quot;copyright&quot;:&quot;&quot;,&quot;focal_length&quot;:&quot;0&quot;,&quot;iso&quot;:&quot;0&quot;,&quot;shutter_speed&quot;:&quot;0&quot;,&quot;title&quot;:&quot;&quot;}\" data-image-title=\"MANFORT\" data-image-description=\"\" data-image-caption=\"\" data-large-file=\"https:\/\/www.alqueria.es\/blogs\/alqueriatercerciclo\/wp-content\/uploads\/sites\/13\/2012\/04\/149161_1315917198779_full.jpg\" class=\"aligncenter size-full wp-image-4423\" title=\"MANFORT\" src=\"https:\/\/cloud.alqueria.es\/wp-content\/uploads\/sites\/13\/2012\/04\/149161_1315917198779_full1.jpg\" alt=\"\" width=\"213\" height=\"284\" \/><\/p>\n<p>La profesora, ya de camino al cole, se dio cuenta de que yo no estaba en el autob\u00fas y llam\u00f3 a la polic\u00eda para que me buscara. Ya era de noche cuando lleg\u00f3 el coche de la polic\u00eda. Escond\u00ed a Manfort en la mochila y\u00a0entr\u00e9 en el coche de la polic\u00eda.<\/p>\n<p>Llegu\u00e9 a mi casa y me met\u00ed directamente en mi habitaci\u00f3n. Abr\u00ed la mochila y empec\u00e9 a jugar con Manfort.<\/p>\n<p>Manfort es mi mascota personal.<\/p>\n<p>\u00c1NGELA.<\/p>\n","protected":false},"excerpt":{"rendered":"<p>Hola, me llamo \u00c1ngela y hoy me voy de excursi\u00f3n con mi colegio al escondite de los huesos. Ya lo s\u00e9, no suena muy bien, pero espero que est\u00e9 chulo. Todos\u00a0 esperamos a que el director diga por el meg\u00e1fono: \u00abLa clase de quinto puede hacer una fila para entrar en el autob\u00fas\u00bb y en [&hellip;]<\/p>\n","protected":false},"author":7,"featured_media":0,"comment_status":"open","ping_status":"open","sticky":false,"template":"","format":"standard","meta":{"jetpack_post_was_ever_published":false,"_jetpack_newsletter_access":"","_jetpack_dont_email_post_to_subs":false,"_jetpack_newsletter_tier_id":0,"_jetpack_memberships_contains_paywalled_content":false,"_jetpack_memberships_contains_paid_content":false,"footnotes":"","jetpack_publicize_message":"","jetpack_publicize_feature_enabled":true,"jetpack_social_post_already_shared":false,"jetpack_social_options":{"image_generator_settings":{"template":"highway","default_image_id":0,"font":"","enabled":false},"version":2}},"categories":[2,13],"tags":[97],"class_list":["post-4422","post","type-post","status-publish","format-standard","hentry","category-5o-epo","category-bitacora-5o","tag-bitacora"],"jetpack_publicize_connections":[],"jetpack_featured_media_url":"","jetpack_sharing_enabled":true,"jetpack_shortlink":"https:\/\/wp.me\/p4mLU4-19k","_links":{"self":[{"href":"https:\/\/www.alqueria.es\/blogs\/alqueriatercerciclo\/wp-json\/wp\/v2\/posts\/4422","targetHints":{"allow":["GET"]}}],"collection":[{"href":"https:\/\/www.alqueria.es\/blogs\/alqueriatercerciclo\/wp-json\/wp\/v2\/posts"}],"about":[{"href":"https:\/\/www.alqueria.es\/blogs\/alqueriatercerciclo\/wp-json\/wp\/v2\/types\/post"}],"author":[{"embeddable":true,"href":"https:\/\/www.alqueria.es\/blogs\/alqueriatercerciclo\/wp-json\/wp\/v2\/users\/7"}],"replies":[{"embeddable":true,"href":"https:\/\/www.alqueria.es\/blogs\/alqueriatercerciclo\/wp-json\/wp\/v2\/comments?post=4422"}],"version-history":[{"count":0,"href":"https:\/\/www.alqueria.es\/blogs\/alqueriatercerciclo\/wp-json\/wp\/v2\/posts\/4422\/revisions"}],"wp:attachment":[{"href":"https:\/\/www.alqueria.es\/blogs\/alqueriatercerciclo\/wp-json\/wp\/v2\/media?parent=4422"}],"wp:term":[{"taxonomy":"category","embeddable":true,"href":"https:\/\/www.alqueria.es\/blogs\/alqueriatercerciclo\/wp-json\/wp\/v2\/categories?post=4422"},{"taxonomy":"post_tag","embeddable":true,"href":"https:\/\/www.alqueria.es\/blogs\/alqueriatercerciclo\/wp-json\/wp\/v2\/tags?post=4422"}],"curies":[{"name":"wp","href":"https:\/\/api.w.org\/{rel}","templated":true}]}}