{"id":4428,"date":"2012-04-12T16:57:33","date_gmt":"2012-04-12T14:57:33","guid":{"rendered":"http:\/\/alqueriatercerciclo.wordpress.com\/?p=4428"},"modified":"2014-02-24T16:01:48","modified_gmt":"2014-02-24T16:01:48","slug":"visita-a-la-alhambra","status":"publish","type":"post","link":"https:\/\/www.alqueria.es\/blogs\/alqueriatercerciclo\/2012\/04\/12\/visita-a-la-alhambra\/","title":{"rendered":"Visita a La Alhambra"},"content":{"rendered":"<p>Hemos comenzado nuestro nuevo proyecto de trabajo llamado \u00abLa Alhambra\u00bb.<\/p>\n<p>El d\u00eda 26 de este mes, la clase de sexto visita nuestro monumento m\u00e1s conocido, nos acompa\u00f1ar\u00e1 el padre de Mateo, Poli. Es una gran suerte poder disfrutar de sus conocimientos y compa\u00f1\u00eda ya que est\u00e1 muy atareado, \u00a1gracias!<\/p>\n<p>Ya hemos iniciado la sesi\u00f3n de ideas previas y ahora comenzamos con la distribuci\u00f3n de tareas, rincones de La Alhambra, su historia, leyendas y estudio de la \u00e9poca en la que se desarrollan los acontecimientos que la rodean.<\/p>\n<p>Este proyecto est\u00e1 muy relacionado con la geometr\u00eda y la art\u00edstica ya que trabajamos con los mosaicos, usaremos la regla, escuadra, cartab\u00f3n y comp\u00e1s. Despu\u00e9s elaboraremos nuestras plantillas en cart\u00f3n para crear mosaicos en arcilla.<\/p>\n<p>Jorge.<\/p>\n<div id=\"attachment_4426\" style=\"width: 310px\" class=\"wp-caption aligncenter\"><img decoding=\"async\" aria-describedby=\"caption-attachment-4426\" data-attachment-id=\"4426\" data-permalink=\"https:\/\/www.alqueria.es\/blogs\/alqueriatercerciclo\/dscn9830\/\" data-orig-file=\"https:\/\/www.alqueria.es\/blogs\/alqueriatercerciclo\/wp-content\/uploads\/sites\/13\/2012\/04\/dscn9830.jpg\" data-orig-size=\"1024,768\" data-comments-opened=\"1\" data-image-meta=\"{&quot;aperture&quot;:&quot;0&quot;,&quot;credit&quot;:&quot;&quot;,&quot;camera&quot;:&quot;&quot;,&quot;caption&quot;:&quot;&quot;,&quot;created_timestamp&quot;:&quot;0&quot;,&quot;copyright&quot;:&quot;&quot;,&quot;focal_length&quot;:&quot;0&quot;,&quot;iso&quot;:&quot;0&quot;,&quot;shutter_speed&quot;:&quot;0&quot;,&quot;title&quot;:&quot;&quot;}\" data-image-title=\"Generalife\" data-image-description=\"\" data-image-caption=\"\" data-large-file=\"https:\/\/www.alqueria.es\/blogs\/alqueriatercerciclo\/wp-content\/uploads\/sites\/13\/2012\/04\/dscn9830-1024x768.jpg\" class=\"size-medium wp-image-4426\" title=\"Generalife\" src=\"https:\/\/cloud.alqueria.es\/wp-content\/uploads\/sites\/13\/2012\/04\/dscn98301.jpg\" alt=\"\" width=\"300\" height=\"225\" \/><p id=\"caption-attachment-4426\" class=\"wp-caption-text\">Patio de la acequia. Generalife.<\/p><\/div>\n","protected":false},"excerpt":{"rendered":"<p>Hemos comenzado nuestro nuevo proyecto de trabajo llamado \u00abLa Alhambra\u00bb. El d\u00eda 26 de este mes, la clase de sexto visita nuestro monumento m\u00e1s conocido, nos acompa\u00f1ar\u00e1 el padre de Mateo, Poli. Es una gran suerte poder disfrutar de sus conocimientos y compa\u00f1\u00eda ya que est\u00e1 muy atareado, \u00a1gracias! Ya hemos iniciado la sesi\u00f3n de [&hellip;]<\/p>\n","protected":false},"author":7,"featured_media":0,"comment_status":"open","ping_status":"open","sticky":false,"template":"","format":"standard","meta":{"jetpack_post_was_ever_published":false,"_jetpack_newsletter_access":"","_jetpack_dont_email_post_to_subs":false,"_jetpack_newsletter_tier_id":0,"_jetpack_memberships_contains_paywalled_content":false,"_jetpack_memberships_contains_paid_content":false,"footnotes":"","jetpack_publicize_message":"","jetpack_publicize_feature_enabled":true,"jetpack_social_post_already_shared":false,"jetpack_social_options":{"image_generator_settings":{"template":"highway","default_image_id":0,"font":"","enabled":false},"version":2}},"categories":[87],"tags":[91,385],"class_list":["post-4428","post","type-post","status-publish","format-standard","hentry","category-salidas","tag-alhambra","tag-salidas"],"jetpack_publicize_connections":[],"jetpack_featured_media_url":"","jetpack_sharing_enabled":true,"jetpack_shortlink":"https:\/\/wp.me\/p4mLU4-19q","_links":{"self":[{"href":"https:\/\/www.alqueria.es\/blogs\/alqueriatercerciclo\/wp-json\/wp\/v2\/posts\/4428","targetHints":{"allow":["GET"]}}],"collection":[{"href":"https:\/\/www.alqueria.es\/blogs\/alqueriatercerciclo\/wp-json\/wp\/v2\/posts"}],"about":[{"href":"https:\/\/www.alqueria.es\/blogs\/alqueriatercerciclo\/wp-json\/wp\/v2\/types\/post"}],"author":[{"embeddable":true,"href":"https:\/\/www.alqueria.es\/blogs\/alqueriatercerciclo\/wp-json\/wp\/v2\/users\/7"}],"replies":[{"embeddable":true,"href":"https:\/\/www.alqueria.es\/blogs\/alqueriatercerciclo\/wp-json\/wp\/v2\/comments?post=4428"}],"version-history":[{"count":0,"href":"https:\/\/www.alqueria.es\/blogs\/alqueriatercerciclo\/wp-json\/wp\/v2\/posts\/4428\/revisions"}],"wp:attachment":[{"href":"https:\/\/www.alqueria.es\/blogs\/alqueriatercerciclo\/wp-json\/wp\/v2\/media?parent=4428"}],"wp:term":[{"taxonomy":"category","embeddable":true,"href":"https:\/\/www.alqueria.es\/blogs\/alqueriatercerciclo\/wp-json\/wp\/v2\/categories?post=4428"},{"taxonomy":"post_tag","embeddable":true,"href":"https:\/\/www.alqueria.es\/blogs\/alqueriatercerciclo\/wp-json\/wp\/v2\/tags?post=4428"}],"curies":[{"name":"wp","href":"https:\/\/api.w.org\/{rel}","templated":true}]}}