{"id":4446,"date":"2012-04-14T08:00:03","date_gmt":"2012-04-14T06:00:03","guid":{"rendered":"http:\/\/alqueriatercerciclo.wordpress.com\/?p=4446"},"modified":"2014-02-24T15:58:44","modified_gmt":"2014-02-24T15:58:44","slug":"proyecto-granada","status":"publish","type":"post","link":"https:\/\/www.alqueria.es\/blogs\/alqueriatercerciclo\/2012\/04\/14\/proyecto-granada\/","title":{"rendered":"Proyecto Granada"},"content":{"rendered":"<p>El d\u00eda 30 de abril la clase de 5\u00ba visitar\u00e1 el casco antiguo de Granada. Veremos monumentos como la Catedral, la Capilla Real, La madraza, el corral del Carb\u00f3n. Tambi\u00e9n pasearemos por las calles y plazas m\u00e1s importantes del centro de nuestra ciudad: Plaza de las Pasiegas, Plaza Nueva, Plaza Bib-Rambla, Zacat\u00edn, Alcaicer\u00eda, Carrera del Darro.<\/p>\n<p>Para esta visita hemos comenzado un proyecto de trabajo sobre Granada. El grupo de 5\u00ba se ha dividido en peque\u00f1os grupos de trabajo y cada uno de ellos va a investigar sobre un aspecto importante de la ciudad, relacionado con nuestra visita. Se va a investigar sobre: el Museo Arqueol\u00f3gico, la\u00a0Chanciller\u00eda, las calles y plazas, la historia de la ciudad, la Catedral , la Capilla Real, la Madraza, el Ba\u00f1uelo&#8230;.<\/p>\n<div id=\"attachment_4447\" style=\"width: 310px\" class=\"wp-caption aligncenter\"><img decoding=\"async\" aria-describedby=\"caption-attachment-4447\" data-attachment-id=\"4447\" data-permalink=\"https:\/\/www.alqueria.es\/blogs\/alqueriatercerciclo\/14_carrera_del_darro_granada_big\/\" data-orig-file=\"https:\/\/www.alqueria.es\/blogs\/alqueriatercerciclo\/wp-content\/uploads\/sites\/13\/2012\/04\/14_carrera_del_darro_granada_big.jpg\" data-orig-size=\"550,366\" data-comments-opened=\"1\" data-image-meta=\"{&quot;aperture&quot;:&quot;0&quot;,&quot;credit&quot;:&quot;unknown&quot;,&quot;camera&quot;:&quot;&quot;,&quot;caption&quot;:&quot;&quot;,&quot;created_timestamp&quot;:&quot;0&quot;,&quot;copyright&quot;:&quot;&quot;,&quot;focal_length&quot;:&quot;0&quot;,&quot;iso&quot;:&quot;0&quot;,&quot;shutter_speed&quot;:&quot;0&quot;,&quot;title&quot;:&quot;&quot;}\" data-image-title=\"carrera_del_darro_granada\" data-image-description=\"\" data-image-caption=\"\" data-large-file=\"https:\/\/www.alqueria.es\/blogs\/alqueriatercerciclo\/wp-content\/uploads\/sites\/13\/2012\/04\/14_carrera_del_darro_granada_big.jpg\" class=\"size-medium wp-image-4447\" title=\"Carrera del Darro\" src=\"https:\/\/cloud.alqueria.es\/wp-content\/uploads\/sites\/13\/2012\/04\/14_carrera_del_darro_granada_big1.jpg\" alt=\"\" width=\"300\" height=\"199\" \/><p id=\"caption-attachment-4447\" class=\"wp-caption-text\">Carrera del Darro. Granada.<\/p><\/div>\n<p>Ya hemos trabajado las ideas previas y nos hemos distribuido los temas de investigaci\u00f3n. A partir del lunes comenzaremos a investigar sobre nuestra ciudad.<\/p>\n<p>Cuando visitemos la ciudad y algunos de sus monumentos, cada grupo de investigaci\u00f3n ser\u00e1 el gu\u00eda de sus compa\u00f1eros.<\/p>\n","protected":false},"excerpt":{"rendered":"<p>El d\u00eda 30 de abril la clase de 5\u00ba visitar\u00e1 el casco antiguo de Granada. Veremos monumentos como la Catedral, la Capilla Real, La madraza, el corral del Carb\u00f3n. Tambi\u00e9n pasearemos por las calles y plazas m\u00e1s importantes del centro de nuestra ciudad: Plaza de las Pasiegas, Plaza Nueva, Plaza Bib-Rambla, Zacat\u00edn, Alcaicer\u00eda, Carrera del [&hellip;]<\/p>\n","protected":false},"author":7,"featured_media":0,"comment_status":"open","ping_status":"open","sticky":false,"template":"","format":"standard","meta":{"jetpack_post_was_ever_published":false,"_jetpack_newsletter_access":"","_jetpack_dont_email_post_to_subs":false,"_jetpack_newsletter_tier_id":0,"_jetpack_memberships_contains_paywalled_content":false,"_jetpack_memberships_contains_paid_content":false,"footnotes":"","jetpack_publicize_message":"","jetpack_publicize_feature_enabled":true,"jetpack_social_post_already_shared":false,"jetpack_social_options":{"image_generator_settings":{"template":"highway","default_image_id":0,"font":"","enabled":false},"version":2}},"categories":[2,19],"tags":[162,385],"class_list":["post-4446","post","type-post","status-publish","format-standard","hentry","category-5o-epo","category-conocimiento-del-medio-5o","tag-proyecto-de-trabajo","tag-salidas"],"jetpack_publicize_connections":[],"jetpack_featured_media_url":"","jetpack_sharing_enabled":true,"jetpack_shortlink":"https:\/\/wp.me\/p4mLU4-19I","_links":{"self":[{"href":"https:\/\/www.alqueria.es\/blogs\/alqueriatercerciclo\/wp-json\/wp\/v2\/posts\/4446","targetHints":{"allow":["GET"]}}],"collection":[{"href":"https:\/\/www.alqueria.es\/blogs\/alqueriatercerciclo\/wp-json\/wp\/v2\/posts"}],"about":[{"href":"https:\/\/www.alqueria.es\/blogs\/alqueriatercerciclo\/wp-json\/wp\/v2\/types\/post"}],"author":[{"embeddable":true,"href":"https:\/\/www.alqueria.es\/blogs\/alqueriatercerciclo\/wp-json\/wp\/v2\/users\/7"}],"replies":[{"embeddable":true,"href":"https:\/\/www.alqueria.es\/blogs\/alqueriatercerciclo\/wp-json\/wp\/v2\/comments?post=4446"}],"version-history":[{"count":0,"href":"https:\/\/www.alqueria.es\/blogs\/alqueriatercerciclo\/wp-json\/wp\/v2\/posts\/4446\/revisions"}],"wp:attachment":[{"href":"https:\/\/www.alqueria.es\/blogs\/alqueriatercerciclo\/wp-json\/wp\/v2\/media?parent=4446"}],"wp:term":[{"taxonomy":"category","embeddable":true,"href":"https:\/\/www.alqueria.es\/blogs\/alqueriatercerciclo\/wp-json\/wp\/v2\/categories?post=4446"},{"taxonomy":"post_tag","embeddable":true,"href":"https:\/\/www.alqueria.es\/blogs\/alqueriatercerciclo\/wp-json\/wp\/v2\/tags?post=4446"}],"curies":[{"name":"wp","href":"https:\/\/api.w.org\/{rel}","templated":true}]}}