{"id":4568,"date":"2012-04-23T16:04:07","date_gmt":"2012-04-23T14:04:07","guid":{"rendered":"http:\/\/alqueriatercerciclo.wordpress.com\/?p=4568"},"modified":"2014-02-24T16:05:47","modified_gmt":"2014-02-24T16:05:47","slug":"semanario-6o-epo-del-23-al-27-de-abril","status":"publish","type":"post","link":"https:\/\/www.alqueria.es\/blogs\/alqueriatercerciclo\/2012\/04\/23\/semanario-6o-epo-del-23-al-27-de-abril\/","title":{"rendered":"Semanario 6\u00ba EPO, del 23 al 27 de Abril"},"content":{"rendered":"<p>Estimadas familias:<\/p>\n<p>Comenzamos la semana de la lectura en Alquer\u00eda. Nosotros aportamos los cuentos de los que os habl\u00e9 la semana pasada, y algunos de ellos se representar\u00e1n. Est\u00e1n elaborando el segundo cuento tradicional.<\/p>\n<p>Las familias, como cada a\u00f1o, montan la feria del libro por la tarde y durar\u00e1 toda la semana.<\/p>\n<p>En lengua hemos pasado a analizar todos los complementos del predicado, directo, indirecto y circunstancial. Completamos con verbos transitivos e intransitivos, modo subjuntivo e imperativo. En el blog aparecen varios recursos sobre este tema.<\/p>\n<p><img decoding=\"async\" data-attachment-id=\"4572\" data-permalink=\"https:\/\/www.alqueria.es\/blogs\/alqueriatercerciclo\/semana-del-libro\/\" data-orig-file=\"https:\/\/www.alqueria.es\/blogs\/alqueriatercerciclo\/wp-content\/uploads\/sites\/13\/2012\/04\/semana-del-libro.jpg\" data-orig-size=\"247,320\" data-comments-opened=\"1\" data-image-meta=\"{&quot;aperture&quot;:&quot;0&quot;,&quot;credit&quot;:&quot;&quot;,&quot;camera&quot;:&quot;&quot;,&quot;caption&quot;:&quot;&quot;,&quot;created_timestamp&quot;:&quot;0&quot;,&quot;copyright&quot;:&quot;&quot;,&quot;focal_length&quot;:&quot;0&quot;,&quot;iso&quot;:&quot;0&quot;,&quot;shutter_speed&quot;:&quot;0&quot;,&quot;title&quot;:&quot;&quot;}\" data-image-title=\"Semana del libro\" data-image-description=\"\" data-image-caption=\"\" data-large-file=\"https:\/\/www.alqueria.es\/blogs\/alqueriatercerciclo\/wp-content\/uploads\/sites\/13\/2012\/04\/semana-del-libro.jpg\" class=\"aligncenter size-full wp-image-4572\" title=\"Semana del libro\" src=\"https:\/\/cloud.alqueria.es\/wp-content\/uploads\/sites\/13\/2012\/04\/semana-del-libro1.jpg\" alt=\"\" width=\"247\" height=\"320\" \/><\/p>\n<p>Tambi\u00e9n empiezan a elaborar el tema de figuras planas en matem\u00e1ticas, pol\u00edgonos.<\/p>\n<p>Seguimos investigando sobre la Alhambra en clase para hacer las exposiciones en mi\u00e9rcoles 25 justo antes de\u00a0visitar el monumento el d\u00eda 26. Recuerdo que nos acompa\u00f1a Poli.<\/p>\n<p>Del tiempo de estudio del mi\u00e9rcoles, de 15 a 17h, la mitad\u00a0se va a dedicar a hacer los deberes de la semana, esto quiere decir, que en casa deben llevar a cabo los deberes que no les de tiempo, estudiar a diario, lectura y bit\u00e1cora. En los dos meses que nos quedan, el h\u00e1bito de estudio es <span style=\"text-decoration:underline\">muy\u00a0importante<\/span>.<\/p>\n<p><img decoding=\"async\" data-attachment-id=\"4573\" data-permalink=\"https:\/\/www.alqueria.es\/blogs\/alqueriatercerciclo\/imagescaem4ox1\/\" data-orig-file=\"https:\/\/www.alqueria.es\/blogs\/alqueriatercerciclo\/wp-content\/uploads\/sites\/13\/2012\/04\/imagescaem4ox1.jpg\" data-orig-size=\"217,232\" data-comments-opened=\"1\" data-image-meta=\"{&quot;aperture&quot;:&quot;0&quot;,&quot;credit&quot;:&quot;&quot;,&quot;camera&quot;:&quot;&quot;,&quot;caption&quot;:&quot;&quot;,&quot;created_timestamp&quot;:&quot;0&quot;,&quot;copyright&quot;:&quot;&quot;,&quot;focal_length&quot;:&quot;0&quot;,&quot;iso&quot;:&quot;0&quot;,&quot;shutter_speed&quot;:&quot;0&quot;,&quot;title&quot;:&quot;&quot;}\" data-image-title=\"Lectura\" data-image-description=\"\" data-image-caption=\"\" data-large-file=\"https:\/\/www.alqueria.es\/blogs\/alqueriatercerciclo\/wp-content\/uploads\/sites\/13\/2012\/04\/imagescaem4ox1.jpg\" class=\"aligncenter size-full wp-image-4573\" title=\"Lectura\" src=\"https:\/\/cloud.alqueria.es\/wp-content\/uploads\/sites\/13\/2012\/04\/imagescaem4ox11.jpg\" alt=\"\" width=\"217\" height=\"232\" \/><\/p>\n<p>Os recuerdo que el semanario aparece desde hoy en el blog. Adem\u00e1s, muchas de las publicaciones apoyan este semanario narrando proyectos o tareas de inter\u00e9s.<\/p>\n<p>Proyecto colaborativo, Fundaci\u00f3n SEUR:<\/p>\n<p>Estamos haciendo una recogida de tapones de pl\u00e1stico para colaborar con algunos ni\u00f1os que tienen alguna enfermedad. Esos tapones son llevados por SEUR a un centro de reciclaje para intercambiarlo por dinero destinado a las familias.<\/p>\n<p>Objetivos: concienciar a los ni\u00f1os en colaboraci\u00f3n y solidaridad.<\/p>\n<p>Les planteo: qu\u00e9 es una Fundaci\u00f3n, objetivos de Fundaci\u00f3n SEUR, sin \u00e1nimo de lucro, para qu\u00e9 recoger tapones, enfermedades, etc. Este trabajo lo exponen por equipos a toda Primaria.<\/p>\n<p><span style=\"color:#0000ff\">Saludos. Jorge.<\/span><\/p>\n","protected":false},"excerpt":{"rendered":"<p>Estimadas familias: Comenzamos la semana de la lectura en Alquer\u00eda. Nosotros aportamos los cuentos de los que os habl\u00e9 la semana pasada, y algunos de ellos se representar\u00e1n. Est\u00e1n elaborando el segundo cuento tradicional. Las familias, como cada a\u00f1o, montan la feria del libro por la tarde y durar\u00e1 toda la semana. En lengua hemos [&hellip;]<\/p>\n","protected":false},"author":7,"featured_media":0,"comment_status":"open","ping_status":"open","sticky":false,"template":"","format":"standard","meta":{"jetpack_post_was_ever_published":false,"_jetpack_newsletter_access":"","_jetpack_dont_email_post_to_subs":false,"_jetpack_newsletter_tier_id":0,"_jetpack_memberships_contains_paywalled_content":false,"_jetpack_memberships_contains_paid_content":false,"footnotes":"","jetpack_publicize_message":"","jetpack_publicize_feature_enabled":true,"jetpack_social_post_already_shared":false,"jetpack_social_options":{"image_generator_settings":{"template":"highway","default_image_id":0,"font":"","enabled":false},"version":2}},"categories":[3,64],"tags":[381],"class_list":["post-4568","post","type-post","status-publish","format-standard","hentry","category-6o-epo","category-semanario","tag-semanario"],"jetpack_publicize_connections":[],"jetpack_featured_media_url":"","jetpack_sharing_enabled":true,"jetpack_shortlink":"https:\/\/wp.me\/p4mLU4-1bG","_links":{"self":[{"href":"https:\/\/www.alqueria.es\/blogs\/alqueriatercerciclo\/wp-json\/wp\/v2\/posts\/4568","targetHints":{"allow":["GET"]}}],"collection":[{"href":"https:\/\/www.alqueria.es\/blogs\/alqueriatercerciclo\/wp-json\/wp\/v2\/posts"}],"about":[{"href":"https:\/\/www.alqueria.es\/blogs\/alqueriatercerciclo\/wp-json\/wp\/v2\/types\/post"}],"author":[{"embeddable":true,"href":"https:\/\/www.alqueria.es\/blogs\/alqueriatercerciclo\/wp-json\/wp\/v2\/users\/7"}],"replies":[{"embeddable":true,"href":"https:\/\/www.alqueria.es\/blogs\/alqueriatercerciclo\/wp-json\/wp\/v2\/comments?post=4568"}],"version-history":[{"count":0,"href":"https:\/\/www.alqueria.es\/blogs\/alqueriatercerciclo\/wp-json\/wp\/v2\/posts\/4568\/revisions"}],"wp:attachment":[{"href":"https:\/\/www.alqueria.es\/blogs\/alqueriatercerciclo\/wp-json\/wp\/v2\/media?parent=4568"}],"wp:term":[{"taxonomy":"category","embeddable":true,"href":"https:\/\/www.alqueria.es\/blogs\/alqueriatercerciclo\/wp-json\/wp\/v2\/categories?post=4568"},{"taxonomy":"post_tag","embeddable":true,"href":"https:\/\/www.alqueria.es\/blogs\/alqueriatercerciclo\/wp-json\/wp\/v2\/tags?post=4568"}],"curies":[{"name":"wp","href":"https:\/\/api.w.org\/{rel}","templated":true}]}}