{"id":4630,"date":"2012-04-24T16:30:10","date_gmt":"2012-04-24T14:30:10","guid":{"rendered":"http:\/\/alqueriatercerciclo.wordpress.com\/?p=4630"},"modified":"2014-02-24T16:24:09","modified_gmt":"2014-02-24T16:24:09","slug":"mi-mascota-personal-2","status":"publish","type":"post","link":"https:\/\/www.alqueria.es\/blogs\/alqueriatercerciclo\/2012\/04\/24\/mi-mascota-personal-2\/","title":{"rendered":"Mi mascota personal"},"content":{"rendered":"<p>El lunes la clase de 5\u00ba del colegio Alquer\u00eda se fue de excursi\u00f3n a una gran monta\u00f1a. Ten\u00edamos previsto salir a las 10:00. Cuando eran las 9:45 todos los laumnos y alumnas esperabamos ansiosos que la profesora nos diera permiso para subir al autob\u00fas.<\/p>\n<p>A las 9:59:59, la se\u00f1orita Encarna, nuestra maestra, nos dio permiso para subir al autob\u00fas.<\/p>\n<p>Cuando llegamos todos salimos a mogoll\u00f3n del autob\u00fas. Como era todo cuesta arriba \u00edbamos todos muy despacio.<\/p>\n<p>Entramos en un museo, por cierto, muy interesante. Y al salir&#8230; \u00a1Pan! me encontr\u00e9 con un encantador perrito; sus ojos eran grandes como una enorme canica y reluc\u00edan con la luz del sol. Ten\u00eda las orejitas ca\u00eddas, su pelo era de color marr\u00f3n casta\u00f1o claro y por su tama\u00f1o se podr\u00eda decir que era un cachorro.<\/p>\n<p>Decid\u00ed meterla en mi mochila y llevarla a casa en el descanso de antes de comer. Cuando llegu\u00e9 a casa, a mam\u00e1 le pareci\u00f3 bien tener un perrito en casa y juntas le pusimos un nombre:Bimba.<\/p>\n<p>Esta es mi mascota personal.<\/p>\n<p><a href=\"http:\/\/alqueriatercerciclo.files.wordpress.com\/2012\/04\/perrito-lindo_800.jpg\"><img decoding=\"async\" data-attachment-id=\"4631\" data-permalink=\"https:\/\/www.alqueria.es\/blogs\/alqueriatercerciclo\/perrito-lindo_800\/\" data-orig-file=\"https:\/\/www.alqueria.es\/blogs\/alqueriatercerciclo\/wp-content\/uploads\/sites\/13\/2012\/04\/perrito-lindo_800.jpg\" data-orig-size=\"800,600\" data-comments-opened=\"1\" data-image-meta=\"{&quot;aperture&quot;:&quot;0&quot;,&quot;credit&quot;:&quot;&quot;,&quot;camera&quot;:&quot;&quot;,&quot;caption&quot;:&quot;&quot;,&quot;created_timestamp&quot;:&quot;0&quot;,&quot;copyright&quot;:&quot;&quot;,&quot;focal_length&quot;:&quot;0&quot;,&quot;iso&quot;:&quot;0&quot;,&quot;shutter_speed&quot;:&quot;0&quot;,&quot;title&quot;:&quot;&quot;}\" data-image-title=\"Perrito \" data-image-description=\"\" data-image-caption=\"\" data-large-file=\"https:\/\/www.alqueria.es\/blogs\/alqueriatercerciclo\/wp-content\/uploads\/sites\/13\/2012\/04\/perrito-lindo_800.jpg\" class=\"aligncenter size-medium wp-image-4631\" title=\"Perrito \" src=\"https:\/\/cloud.alqueria.es\/wp-content\/uploads\/sites\/13\/2012\/04\/perrito-lindo_8001.jpg\" alt=\"\" width=\"300\" height=\"225\" \/><\/a><\/p>\n<p>Autora: Luc\u00eda<\/p>\n","protected":false},"excerpt":{"rendered":"<p>El lunes la clase de 5\u00ba del colegio Alquer\u00eda se fue de excursi\u00f3n a una gran monta\u00f1a. Ten\u00edamos previsto salir a las 10:00. Cuando eran las 9:45 todos los laumnos y alumnas esperabamos ansiosos que la profesora nos diera permiso para subir al autob\u00fas. A las 9:59:59, la se\u00f1orita Encarna, nuestra maestra, nos dio permiso [&hellip;]<\/p>\n","protected":false},"author":7,"featured_media":0,"comment_status":"open","ping_status":"open","sticky":false,"template":"","format":"standard","meta":{"jetpack_post_was_ever_published":false,"_jetpack_newsletter_access":"","_jetpack_dont_email_post_to_subs":false,"_jetpack_newsletter_tier_id":0,"_jetpack_memberships_contains_paywalled_content":false,"_jetpack_memberships_contains_paid_content":false,"footnotes":"","jetpack_publicize_message":"","jetpack_publicize_feature_enabled":true,"jetpack_social_post_already_shared":false,"jetpack_social_options":{"image_generator_settings":{"template":"highway","default_image_id":0,"font":"","enabled":false},"version":2}},"categories":[2,41],"tags":[97],"class_list":["post-4630","post","type-post","status-publish","format-standard","hentry","category-5o-epo","category-lengua-5o","tag-bitacora"],"jetpack_publicize_connections":[],"jetpack_featured_media_url":"","jetpack_sharing_enabled":true,"jetpack_shortlink":"https:\/\/wp.me\/p4mLU4-1cG","_links":{"self":[{"href":"https:\/\/www.alqueria.es\/blogs\/alqueriatercerciclo\/wp-json\/wp\/v2\/posts\/4630","targetHints":{"allow":["GET"]}}],"collection":[{"href":"https:\/\/www.alqueria.es\/blogs\/alqueriatercerciclo\/wp-json\/wp\/v2\/posts"}],"about":[{"href":"https:\/\/www.alqueria.es\/blogs\/alqueriatercerciclo\/wp-json\/wp\/v2\/types\/post"}],"author":[{"embeddable":true,"href":"https:\/\/www.alqueria.es\/blogs\/alqueriatercerciclo\/wp-json\/wp\/v2\/users\/7"}],"replies":[{"embeddable":true,"href":"https:\/\/www.alqueria.es\/blogs\/alqueriatercerciclo\/wp-json\/wp\/v2\/comments?post=4630"}],"version-history":[{"count":0,"href":"https:\/\/www.alqueria.es\/blogs\/alqueriatercerciclo\/wp-json\/wp\/v2\/posts\/4630\/revisions"}],"wp:attachment":[{"href":"https:\/\/www.alqueria.es\/blogs\/alqueriatercerciclo\/wp-json\/wp\/v2\/media?parent=4630"}],"wp:term":[{"taxonomy":"category","embeddable":true,"href":"https:\/\/www.alqueria.es\/blogs\/alqueriatercerciclo\/wp-json\/wp\/v2\/categories?post=4630"},{"taxonomy":"post_tag","embeddable":true,"href":"https:\/\/www.alqueria.es\/blogs\/alqueriatercerciclo\/wp-json\/wp\/v2\/tags?post=4630"}],"curies":[{"name":"wp","href":"https:\/\/api.w.org\/{rel}","templated":true}]}}