{"id":4655,"date":"2012-04-26T20:10:42","date_gmt":"2012-04-26T18:10:42","guid":{"rendered":"http:\/\/alqueriatercerciclo.wordpress.com\/?p=4655"},"modified":"2014-02-24T16:11:09","modified_gmt":"2014-02-24T16:11:09","slug":"cuartos-de-final-miguel-a","status":"publish","type":"post","link":"https:\/\/www.alqueria.es\/blogs\/alqueriatercerciclo\/2012\/04\/26\/cuartos-de-final-miguel-a\/","title":{"rendered":"Cuartos de final. Miguel A."},"content":{"rendered":"<p>El s\u00e1bado 21 a las diez de la ma\u00f1ana fue el partido de f\u00fatbol sala de cuartos de final.<\/p>\n<p>Algunos del equipo y yo llegamos media hora antes y empezamos a calentar. Al cabo de unos diez minutos vinieron los jugadores del otro equipo.<img decoding=\"async\" data-attachment-id=\"4658\" data-permalink=\"https:\/\/www.alqueria.es\/blogs\/alqueriatercerciclo\/captura-70\/\" data-orig-file=\"https:\/\/www.alqueria.es\/blogs\/alqueriatercerciclo\/wp-content\/uploads\/sites\/13\/2012\/04\/captura.jpg\" data-orig-size=\"234,178\" data-comments-opened=\"1\" data-image-meta=\"{&quot;aperture&quot;:&quot;0&quot;,&quot;credit&quot;:&quot;&quot;,&quot;camera&quot;:&quot;&quot;,&quot;caption&quot;:&quot;&quot;,&quot;created_timestamp&quot;:&quot;0&quot;,&quot;copyright&quot;:&quot;&quot;,&quot;focal_length&quot;:&quot;0&quot;,&quot;iso&quot;:&quot;0&quot;,&quot;shutter_speed&quot;:&quot;0&quot;,&quot;title&quot;:&quot;&quot;}\" data-image-title=\"Alquer\u00eda f\u00fatbol sala\" data-image-description=\"\" data-image-caption=\"\" data-large-file=\"https:\/\/www.alqueria.es\/blogs\/alqueriatercerciclo\/wp-content\/uploads\/sites\/13\/2012\/04\/captura.jpg\" class=\"alignright size-thumbnail wp-image-4658\" title=\"Alquer\u00eda f\u00fatbol sala\" src=\"https:\/\/cloud.alqueria.es\/wp-content\/uploads\/sites\/13\/2012\/04\/captura1.jpg\" alt=\"\" width=\"150\" height=\"114\" \/><\/p>\n<p>Cuando lleg\u00f3 Jordi, entrenamos y despu\u00e9s nos dio la alineaci\u00f3n: Manuel y yo arriba, defensas Jose y Miguel C. y de portero Pablo. Empez\u00f3 el partido 0-0 pero N\u00fa\u00f1ez Blanca se adelant\u00f3 con un gol por culpa m\u00eda que la met\u00ed en propia meta. Me vine abajo pero Jordi me dijo que luchase y que si pensaba en positivo lo iba a lograr, asi que en una de las jugadas Miguel C. me la pas\u00f3, tir\u00e9 y marqu\u00e9.<\/p>\n<p>En la segunda parte todav\u00eda iba el resultado 1-1 e intentamos marcar otro gol. Cambiaron a pablo por Agust\u00edn, que hizo un buen partido. Acab\u00f3 la segunda parte igual hasta que llegaron los penaltis. Los marcamos todos y el equipo contrario tambi\u00e9n hasta\u00a0el momento. Cuando lanz\u00f3 el portero de N\u00fa\u00f1ez Blanca fall\u00f3.\u00a0Me tocaba a m\u00ed lanzar el\u00a0\u00faltimo penalti, si met\u00eda, gan\u00e1bamos. As\u00ed que puse el bal\u00f3n en el punto de penalti, lanc\u00e9\u00a0y met\u00ed el bal\u00f3n dentro de la porter\u00eda. Todo el grupo de Alquer\u00eda empez\u00f3 a celebrar el partido.<\/p>\n<p>Ahora hay que jugar las semifinales.<\/p>\n<p><span style=\"color:#0000ff\">Por Miguel \u00c1ngel.<\/span><\/p>\n","protected":false},"excerpt":{"rendered":"<p>El s\u00e1bado 21 a las diez de la ma\u00f1ana fue el partido de f\u00fatbol sala de cuartos de final. Algunos del equipo y yo llegamos media hora antes y empezamos a calentar. Al cabo de unos diez minutos vinieron los jugadores del otro equipo. Cuando lleg\u00f3 Jordi, entrenamos y despu\u00e9s nos dio la alineaci\u00f3n: Manuel [&hellip;]<\/p>\n","protected":false},"author":7,"featured_media":0,"comment_status":"open","ping_status":"open","sticky":false,"template":"","format":"standard","meta":{"jetpack_post_was_ever_published":false,"_jetpack_newsletter_access":"","_jetpack_dont_email_post_to_subs":false,"_jetpack_newsletter_tier_id":0,"_jetpack_memberships_contains_paywalled_content":false,"_jetpack_memberships_contains_paid_content":false,"footnotes":"","jetpack_publicize_message":"","jetpack_publicize_feature_enabled":true,"jetpack_social_post_already_shared":false,"jetpack_social_options":{"image_generator_settings":{"template":"highway","default_image_id":0,"font":"","enabled":false},"version":2}},"categories":[3,24],"tags":[376,171],"class_list":["post-4655","post","type-post","status-publish","format-standard","hentry","category-6o-epo","category-deporte","tag-deporte","tag-semifinales"],"jetpack_publicize_connections":[],"jetpack_featured_media_url":"","jetpack_sharing_enabled":true,"jetpack_shortlink":"https:\/\/wp.me\/p4mLU4-1d5","_links":{"self":[{"href":"https:\/\/www.alqueria.es\/blogs\/alqueriatercerciclo\/wp-json\/wp\/v2\/posts\/4655","targetHints":{"allow":["GET"]}}],"collection":[{"href":"https:\/\/www.alqueria.es\/blogs\/alqueriatercerciclo\/wp-json\/wp\/v2\/posts"}],"about":[{"href":"https:\/\/www.alqueria.es\/blogs\/alqueriatercerciclo\/wp-json\/wp\/v2\/types\/post"}],"author":[{"embeddable":true,"href":"https:\/\/www.alqueria.es\/blogs\/alqueriatercerciclo\/wp-json\/wp\/v2\/users\/7"}],"replies":[{"embeddable":true,"href":"https:\/\/www.alqueria.es\/blogs\/alqueriatercerciclo\/wp-json\/wp\/v2\/comments?post=4655"}],"version-history":[{"count":0,"href":"https:\/\/www.alqueria.es\/blogs\/alqueriatercerciclo\/wp-json\/wp\/v2\/posts\/4655\/revisions"}],"wp:attachment":[{"href":"https:\/\/www.alqueria.es\/blogs\/alqueriatercerciclo\/wp-json\/wp\/v2\/media?parent=4655"}],"wp:term":[{"taxonomy":"category","embeddable":true,"href":"https:\/\/www.alqueria.es\/blogs\/alqueriatercerciclo\/wp-json\/wp\/v2\/categories?post=4655"},{"taxonomy":"post_tag","embeddable":true,"href":"https:\/\/www.alqueria.es\/blogs\/alqueriatercerciclo\/wp-json\/wp\/v2\/tags?post=4655"}],"curies":[{"name":"wp","href":"https:\/\/api.w.org\/{rel}","templated":true}]}}