{"id":4758,"date":"2012-05-03T00:26:56","date_gmt":"2012-05-02T22:26:56","guid":{"rendered":"http:\/\/alqueriatercerciclo.wordpress.com\/?p=4758"},"modified":"2014-02-24T16:04:21","modified_gmt":"2014-02-24T16:04:21","slug":"semifinales-de-futbol-sala-2012-2","status":"publish","type":"post","link":"https:\/\/www.alqueria.es\/blogs\/alqueriatercerciclo\/2012\/05\/03\/semifinales-de-futbol-sala-2012-2\/","title":{"rendered":"Semifinales de f\u00fatbol sala 2012"},"content":{"rendered":"<p>Tras sudor, entrenamientos de f\u00fatbol bajo el sol, dieron fruto; Alquer\u00eda por primera vez en la historia se clasifica para el gran choque, lo que todo el mundo esperaba llega\u2026 \u00a1Alquer\u00eda a la\u00a0finaaaaaaaaaaaaaaaaaal!<\/p>\n<p>Tras la primera parte de desesperaci\u00f3n en el campo y en el banquillo; pocas ocasiones por nuestra parte y pocas tambi\u00e9n por el equipo contrincante, la posesi\u00f3n nuestra era a simple vista mayor que la de Sagrado Coraz\u00f3n pero a\u00fan as\u00ed no llegaban los goles. Los balones que llegaban una tras otra vez a las manoplas de Pablo, iban blanditas, blanditas y f\u00e1ciles de atrapar en un tiempo.<\/p>\n<div id=\"attachment_4779\" style=\"width: 310px\" class=\"wp-caption aligncenter\"><img decoding=\"async\" aria-describedby=\"caption-attachment-4779\" data-attachment-id=\"4779\" data-permalink=\"https:\/\/www.alqueria.es\/blogs\/alqueriatercerciclo\/dscn0410\/\" data-orig-file=\"https:\/\/www.alqueria.es\/blogs\/alqueriatercerciclo\/wp-content\/uploads\/sites\/13\/2012\/05\/dscn0410.jpg\" data-orig-size=\"1024,768\" data-comments-opened=\"1\" data-image-meta=\"{&quot;aperture&quot;:&quot;0&quot;,&quot;credit&quot;:&quot;&quot;,&quot;camera&quot;:&quot;&quot;,&quot;caption&quot;:&quot;&quot;,&quot;created_timestamp&quot;:&quot;0&quot;,&quot;copyright&quot;:&quot;&quot;,&quot;focal_length&quot;:&quot;0&quot;,&quot;iso&quot;:&quot;0&quot;,&quot;shutter_speed&quot;:&quot;0&quot;,&quot;title&quot;:&quot;&quot;}\" data-image-title=\"Semifinales Alquer\u00eda\" data-image-description=\"\" data-image-caption=\"\" data-large-file=\"https:\/\/www.alqueria.es\/blogs\/alqueriatercerciclo\/wp-content\/uploads\/sites\/13\/2012\/05\/dscn0410-1024x768.jpg\" class=\"size-medium wp-image-4779\" title=\"Semifinales Alquer\u00eda\" src=\"https:\/\/cloud.alqueria.es\/wp-content\/uploads\/sites\/13\/2012\/05\/dscn04102.jpg\" alt=\"\" width=\"300\" height=\"225\" \/><p id=\"caption-attachment-4779\" class=\"wp-caption-text\">Pabell\u00f3n Bola de Oro<\/p><\/div>\n<p>Los primeros 20 minutos fueron eternos y a la vez r\u00e1pidos.<\/p>\n<p>Cuatro minutos, a falta de que el resultado quedase \u201cgafas\u201d en el primer periodo, fueron estresantes; fueron eternos.<\/p>\n<p>El partido estaba justo en el ecuador de su coraz\u00f3n, es decir, en la mitad exacta del partido, era mi turno, Pablo al banquillo pero no fue as\u00ed; Jordi y yo hablamos con bastante brevedad por el motivo por el que no me sacar\u00eda en el \u00faltimo periodo de partido. Yo d\u00e1ndole toda la raz\u00f3n, le dije que era comprensible que no me sacara, ya que mis saques de meta son peligrosos, pero no para ellos sino para nosotros ya que mis saques de arco escasas veces llegan a su destino.\u00a0La presi\u00f3n a\u00f1adida, no me da m\u00e1s remedio a pensar que si me marcan,\u00a0eso hace que yo no pueda fallar y no fallando, me motiva ya que mis entrenadores, compa\u00f1eros o grada me apoyan dici\u00e9ndome \u00a1qu\u00e9 buena Agus!<\/p>\n<p>El partido segu\u00eda empatado, un ruido tremendo procedente de la grada, nos pon\u00eda m\u00e1s nerviosos de lo que est\u00e1bamos.<\/p>\n<p>El pitido inicial del segundo tiempo son\u00f3; de centro sacamos. Como otras muchas veces, perdimos la posesi\u00f3n del cuero. Tras cinco minutos transcurridos desde el pitido inicial de la segunda parte, Miguel A. y Manuel, dejaron patente su calidad haciendo un \u201ctiquitaca\u201d desde el centro del campo desconcertando a la defensa rival dej\u00e1ndolos casi \u201ctirados en el suelo\u201d. Manu, por la banda derecha respecto a la meta de Pablo pegadito a la grada, y Migue A. en la banda opuesta, encadenaron una serie de pases perfectos metiendo a Miguel A. dentro de la l\u00ednea de meta rival. El 1-0 estaba plasmado en el luminoso de nuestras caras. Minutos despu\u00e9s Manu desequilibr\u00f3 el partido por completo en una jugada individual haciendo que el \u00e1rbitro pitase esos dos pitidos de alegr\u00eda o de tristeza. Manu se hab\u00eda ido de algunos, el portero, nervioso tuvo que hacer frente a la triste y mortal realidad de la definici\u00f3n de Manuel, dejando que el partido se inclinase a\u00fan m\u00e1s hacia el conjunto verde pistacho.<\/p>\n<p>Ahora me tocaba a mi defender la porter\u00eda.\u00a0Unos minutos nos separaban de estar en la final, los nervios estaban a flor de piel. Sagrado Coraz\u00f3n sacar\u00eda de centro. Yo miraba el bal\u00f3n pidi\u00e9ndole que no cruzase la l\u00ednea de meta de Alquer\u00eda.<\/p>\n<p>El bal\u00f3n no me quiso hacer caso pero si no me hac\u00eda caso, yo tendr\u00eda que alejarla y pararla, y eso es justo lo que hice. Intent\u00f3 colarse hasta seis veces pero yo se lo imped\u00ed y Manu hizo un corte de un pase casi salvador que acab\u00f3 la jugada en mis manos.<\/p>\n<div id=\"attachment_4781\" style=\"width: 310px\" class=\"wp-caption aligncenter\"><img decoding=\"async\" aria-describedby=\"caption-attachment-4781\" data-attachment-id=\"4781\" data-permalink=\"https:\/\/www.alqueria.es\/blogs\/alqueriatercerciclo\/dscn0483\/\" data-orig-file=\"https:\/\/www.alqueria.es\/blogs\/alqueriatercerciclo\/wp-content\/uploads\/sites\/13\/2012\/05\/dscn0483.jpg\" data-orig-size=\"1024,768\" data-comments-opened=\"1\" data-image-meta=\"{&quot;aperture&quot;:&quot;0&quot;,&quot;credit&quot;:&quot;&quot;,&quot;camera&quot;:&quot;&quot;,&quot;caption&quot;:&quot;&quot;,&quot;created_timestamp&quot;:&quot;0&quot;,&quot;copyright&quot;:&quot;&quot;,&quot;focal_length&quot;:&quot;0&quot;,&quot;iso&quot;:&quot;0&quot;,&quot;shutter_speed&quot;:&quot;0&quot;,&quot;title&quot;:&quot;&quot;}\" data-image-title=\"Pablo\" data-image-description=\"\" data-image-caption=\"\" data-large-file=\"https:\/\/www.alqueria.es\/blogs\/alqueriatercerciclo\/wp-content\/uploads\/sites\/13\/2012\/05\/dscn0483-1024x768.jpg\" class=\"size-medium wp-image-4781\" title=\"Pablo\" src=\"https:\/\/cloud.alqueria.es\/wp-content\/uploads\/sites\/13\/2012\/05\/dscn04831.jpg\" alt=\"\" width=\"300\" height=\"225\" \/><p id=\"caption-attachment-4781\" class=\"wp-caption-text\">Pablo, uno de los porteros de sexto<\/p><\/div>\n<p style=\"text-align:justify\">El primer susto fue en un uno contra uno del portero, ese bal\u00f3n, no ten\u00eda demasiado peligro ya que el delantero fall\u00f3 en el control y el bal\u00f3n se separ\u00f3 del delantero casi un metro.<\/p>\n<p>El segundo susto fue un tiro desde la mitad del \u00e1rea discontinua y el punto de penalti: el tiro iba pegadito, pegadito a la escuadra y el poste izquierdo respecto a mi meta. No me tuve que esforzar al m\u00e1ximo para despejar el bal\u00f3n con los pu\u00f1os, no atrap\u00e9 el bal\u00f3n por precauci\u00f3n.<\/p>\n<p>Tercer, cuarto, quinto y sexto susto ocurrieron en una sola jugada: sacaron de esquina, al segundo palo para cabecear: el delantero ajust\u00f3 el bal\u00f3n con la cabeza para que fuese a la mitad de altura de mis cuatro palos y ajustado al segundo palo empezando por mi izquierda en el partido, el bal\u00f3n fue interceptado por una \u201cmanita\u201d m\u00eda, el rechace lo recuper\u00f3 el mismo delantero esta vez, yo tirado en el suelo presion\u00e9 el bal\u00f3n para que fuese fuera: era un pulso entre la pierna derecha del delantero y mi mano izquierda. El delantero se rindi\u00f3 y dio un paso atr\u00e1s con el bal\u00f3n, el delantero chut\u00f3 a porter\u00eda semivac\u00eda ya que yo estaba tirado en el suelo desde la parada del cabezazo, el esf\u00e9rico fue al desviado a un defensa de Alquer\u00eda por mi mano izquierda y la presi\u00f3n se esfum\u00f3 ya que el partido finaliz\u00f3 minuto despu\u00e9s. Entre lo que contaba, pararon dos oportunidades claras de gol: un penalti pitado por una mano a simple vista aposta que salv\u00f3 un gol de Manu de \u201ccucharita\u201d, el penalti lo tir\u00f3 Manu y\u00a0lo fall\u00f3 envi\u00e1ndolo fuera, cinco faltas que nos hicieron y el \u00e1rbitro pit\u00f3 el tiro desde la l\u00ednea discontinua.\u00a0Miguel lo tir\u00f3 al centro y\u00a0lo fall\u00f3.<\/p>\n<p>Daba igual fallar esas oportunidades ya que ya ten\u00edamos la victoria en nuestras manos, ya nada pod\u00eda impedir que gan\u00e1semos, \u00e9ramos los campeones de las semifinales; ya todo daba igual, \u00e9ramos los campeones\u2026 \u00a1SI! BATIMOS el RECORD de TODOS LOS a\u00f1os de ALQUER\u00cdA, hemos hecho HISTORIA EN TODA ALQUERIA.<\/p>\n<p><span style=\"color:#0000ff\">Por Agust\u00edn.<\/span><\/p>\n","protected":false},"excerpt":{"rendered":"<p>Tras sudor, entrenamientos de f\u00fatbol bajo el sol, dieron fruto; Alquer\u00eda por primera vez en la historia se clasifica para el gran choque, lo que todo el mundo esperaba llega\u2026 \u00a1Alquer\u00eda a la\u00a0finaaaaaaaaaaaaaaaaaal! Tras la primera parte de desesperaci\u00f3n en el campo y en el banquillo; pocas ocasiones por nuestra parte y pocas tambi\u00e9n por [&hellip;]<\/p>\n","protected":false},"author":7,"featured_media":0,"comment_status":"open","ping_status":"open","sticky":false,"template":"","format":"standard","meta":{"jetpack_post_was_ever_published":false,"_jetpack_newsletter_access":"","_jetpack_dont_email_post_to_subs":false,"_jetpack_newsletter_tier_id":0,"_jetpack_memberships_contains_paywalled_content":false,"_jetpack_memberships_contains_paid_content":false,"footnotes":"","jetpack_publicize_message":"","jetpack_publicize_feature_enabled":true,"jetpack_social_post_already_shared":false,"jetpack_social_options":{"image_generator_settings":{"template":"highway","default_image_id":0,"font":"","enabled":false},"version":2}},"categories":[3,24],"tags":[376,135,171],"class_list":["post-4758","post","type-post","status-publish","format-standard","hentry","category-6o-epo","category-deporte","tag-deporte","tag-final-de-futbol-alqueria","tag-semifinales"],"jetpack_publicize_connections":[],"jetpack_featured_media_url":"","jetpack_sharing_enabled":true,"jetpack_shortlink":"https:\/\/wp.me\/p4mLU4-1eK","_links":{"self":[{"href":"https:\/\/www.alqueria.es\/blogs\/alqueriatercerciclo\/wp-json\/wp\/v2\/posts\/4758","targetHints":{"allow":["GET"]}}],"collection":[{"href":"https:\/\/www.alqueria.es\/blogs\/alqueriatercerciclo\/wp-json\/wp\/v2\/posts"}],"about":[{"href":"https:\/\/www.alqueria.es\/blogs\/alqueriatercerciclo\/wp-json\/wp\/v2\/types\/post"}],"author":[{"embeddable":true,"href":"https:\/\/www.alqueria.es\/blogs\/alqueriatercerciclo\/wp-json\/wp\/v2\/users\/7"}],"replies":[{"embeddable":true,"href":"https:\/\/www.alqueria.es\/blogs\/alqueriatercerciclo\/wp-json\/wp\/v2\/comments?post=4758"}],"version-history":[{"count":0,"href":"https:\/\/www.alqueria.es\/blogs\/alqueriatercerciclo\/wp-json\/wp\/v2\/posts\/4758\/revisions"}],"wp:attachment":[{"href":"https:\/\/www.alqueria.es\/blogs\/alqueriatercerciclo\/wp-json\/wp\/v2\/media?parent=4758"}],"wp:term":[{"taxonomy":"category","embeddable":true,"href":"https:\/\/www.alqueria.es\/blogs\/alqueriatercerciclo\/wp-json\/wp\/v2\/categories?post=4758"},{"taxonomy":"post_tag","embeddable":true,"href":"https:\/\/www.alqueria.es\/blogs\/alqueriatercerciclo\/wp-json\/wp\/v2\/tags?post=4758"}],"curies":[{"name":"wp","href":"https:\/\/api.w.org\/{rel}","templated":true}]}}