{"id":4811,"date":"2012-05-07T10:15:12","date_gmt":"2012-05-07T08:15:12","guid":{"rendered":"http:\/\/alqueriatercerciclo.wordpress.com\/?p=4811"},"modified":"2014-02-24T16:25:53","modified_gmt":"2014-02-24T16:25:53","slug":"semanario-del-7-al-11-de-mayo","status":"publish","type":"post","link":"https:\/\/www.alqueria.es\/blogs\/alqueriatercerciclo\/2012\/05\/07\/semanario-del-7-al-11-de-mayo\/","title":{"rendered":"Semanario del 7 al 11 de Mayo. 5\u00ba EPO"},"content":{"rendered":"<p>\u00a1Hola a todos y todas!<\/p>\n<p>Esta semana comenzamos con la WebQuest de Sevilla. Est\u00e1n todos deseando conocer qu\u00e9 se va a hacer en Sevilla, d\u00f3nde vamos a ir, con quien van a dormir y qu\u00e9 cosas vamos a hacer.<\/p>\n<p>La semana pasada hicimos las ideas previas de Sevilla y a partir de ah\u00ed individualmente han elegido un aspecto a investigar de la ciudad. La investigaci\u00f3n puede ser de distintos temas: la ciudad de Sevilla, la Catedral, la Giralda, la Torre del Oro, los Reales Alc\u00e1zares, la Maestranza, barrios t\u00edpicos, calles importantes. Tambi\u00e9n se va a investigar sobre la importancia del rio Guadalquivir para la ciudad, as\u00ed como la historia de Sevilla.<\/p>\n<p>Despu\u00e9s cada uno ha elegido con las personas con las que quiere compartir habitaci\u00f3n.<\/p>\n<p>A partir de estos aspectos comienza el trabajo de la WebQuest, que consiste en investigar individualmente un elemento de la ciudad y posteriormente exponerlo durante la visita a Sevilla. Posteriormente a la salida se elaborar\u00e1 un PowerPoint con im\u00e1genes y texto sobre todo aquello que se quiera comunicar a los dem\u00e1s.<\/p>\n<div id=\"attachment_4813\" style=\"width: 310px\" class=\"wp-caption aligncenter\"><img decoding=\"async\" aria-describedby=\"caption-attachment-4813\" data-attachment-id=\"4813\" data-permalink=\"https:\/\/www.alqueria.es\/blogs\/alqueriatercerciclo\/sevilla2\/\" data-orig-file=\"https:\/\/www.alqueria.es\/blogs\/alqueriatercerciclo\/wp-content\/uploads\/sites\/13\/2012\/05\/sevilla2.jpg\" data-orig-size=\"550,412\" data-comments-opened=\"1\" data-image-meta=\"{&quot;aperture&quot;:&quot;0&quot;,&quot;credit&quot;:&quot;&quot;,&quot;camera&quot;:&quot;&quot;,&quot;caption&quot;:&quot;&quot;,&quot;created_timestamp&quot;:&quot;0&quot;,&quot;copyright&quot;:&quot;&quot;,&quot;focal_length&quot;:&quot;0&quot;,&quot;iso&quot;:&quot;0&quot;,&quot;shutter_speed&quot;:&quot;0&quot;,&quot;title&quot;:&quot;&quot;}\" data-image-title=\"sevilla\" data-image-description=\"\" data-image-caption=\"&lt;p&gt;Plaza Espa\u00f1a, Sevilla&lt;\/p&gt;\n\" data-large-file=\"https:\/\/www.alqueria.es\/blogs\/alqueriatercerciclo\/wp-content\/uploads\/sites\/13\/2012\/05\/sevilla2.jpg\" class=\"size-medium wp-image-4813\" title=\"sevilla\" src=\"https:\/\/cloud.alqueria.es\/wp-content\/uploads\/sites\/13\/2012\/05\/sevilla21.jpg\" alt=\"\" width=\"300\" height=\"224\" \/><p id=\"caption-attachment-4813\" class=\"wp-caption-text\">Plaza Espa\u00f1a, Sevilla<\/p><\/div>\n<p>Por otra lado en matem\u00e1ticas seguimos avanzando en la geometr\u00eda. Durante esta semana practicaremos el c\u00e1lculo de distintas \u00e1reas y per\u00edmetros. Adem\u00e1s realizaremos nuestro trabajo sobre \u00abLa geometria en la vida cotidiana\u00bb con el PowerPoint que cada uno est\u00e1 realizando en las horas de inform\u00e1tica. Y por \u00faltimo en \u00e1rtistica haremos nuestro paneles explicativos sobre las formas geom\u00e9tricas que se visualizan en edificios de nuestra ciudad.<\/p>\n<div id=\"attachment_4814\" style=\"width: 310px\" class=\"wp-caption aligncenter\"><img decoding=\"async\" aria-describedby=\"caption-attachment-4814\" data-attachment-id=\"4814\" data-permalink=\"https:\/\/www.alqueria.es\/blogs\/alqueriatercerciclo\/weisman_art_museum1\/\" data-orig-file=\"https:\/\/www.alqueria.es\/blogs\/alqueriatercerciclo\/wp-content\/uploads\/sites\/13\/2012\/05\/weisman_art_museum1.jpg\" data-orig-size=\"1024,768\" data-comments-opened=\"1\" data-image-meta=\"{&quot;aperture&quot;:&quot;0&quot;,&quot;credit&quot;:&quot;&quot;,&quot;camera&quot;:&quot;&quot;,&quot;caption&quot;:&quot;&quot;,&quot;created_timestamp&quot;:&quot;0&quot;,&quot;copyright&quot;:&quot;&quot;,&quot;focal_length&quot;:&quot;0&quot;,&quot;iso&quot;:&quot;0&quot;,&quot;shutter_speed&quot;:&quot;0&quot;,&quot;title&quot;:&quot;&quot;}\" data-image-title=\"weisman_art_museum1\" data-image-description=\"\" data-image-caption=\"&lt;p&gt;Museo de arte Weisman&lt;\/p&gt;\n\" data-large-file=\"https:\/\/www.alqueria.es\/blogs\/alqueriatercerciclo\/wp-content\/uploads\/sites\/13\/2012\/05\/weisman_art_museum1.jpg\" class=\"size-medium wp-image-4814\" title=\"weisman_art_museum1\" src=\"https:\/\/cloud.alqueria.es\/wp-content\/uploads\/sites\/13\/2012\/05\/weisman_art_museum11.jpg\" alt=\"\" width=\"300\" height=\"225\" \/><p id=\"caption-attachment-4814\" class=\"wp-caption-text\">Museo de arte Weisman<\/p><\/div>\n<p>En el \u00e1rea de lengua continuamos con la creaci\u00f3n en la taller de escritura de \u00abLos cuentos de Abril\u00bb. Es muy importante que una vez corregido el borrador por ellos mismos y por el adulto despu\u00e9s se pase a limpio para su posterior encuadernaci\u00f3n. Por otro lado seguimos trabajando los verbos as\u00ed como el an\u00e1lisis sint\u00e1ctico y morfol\u00f3gico de las oraciones.<\/p>\n<p>Un saludo, Isa.<\/p>\n","protected":false},"excerpt":{"rendered":"<p>\u00a1Hola a todos y todas! Esta semana comenzamos con la WebQuest de Sevilla. Est\u00e1n todos deseando conocer qu\u00e9 se va a hacer en Sevilla, d\u00f3nde vamos a ir, con quien van a dormir y qu\u00e9 cosas vamos a hacer. La semana pasada hicimos las ideas previas de Sevilla y a partir de ah\u00ed individualmente han [&hellip;]<\/p>\n","protected":false},"author":7,"featured_media":0,"comment_status":"open","ping_status":"open","sticky":false,"template":"","format":"standard","meta":{"jetpack_post_was_ever_published":false,"_jetpack_newsletter_access":"","_jetpack_dont_email_post_to_subs":false,"_jetpack_newsletter_tier_id":0,"_jetpack_memberships_contains_paywalled_content":false,"_jetpack_memberships_contains_paid_content":false,"footnotes":"","jetpack_publicize_message":"","jetpack_publicize_feature_enabled":true,"jetpack_social_post_already_shared":false,"jetpack_social_options":{"image_generator_settings":{"template":"highway","default_image_id":0,"font":"","enabled":false},"version":2}},"categories":[2,65],"tags":[381],"class_list":["post-4811","post","type-post","status-publish","format-standard","hentry","category-5o-epo","category-semanario-5o-epo","tag-semanario"],"jetpack_publicize_connections":[],"jetpack_featured_media_url":"","jetpack_sharing_enabled":true,"jetpack_shortlink":"https:\/\/wp.me\/p4mLU4-1fB","_links":{"self":[{"href":"https:\/\/www.alqueria.es\/blogs\/alqueriatercerciclo\/wp-json\/wp\/v2\/posts\/4811","targetHints":{"allow":["GET"]}}],"collection":[{"href":"https:\/\/www.alqueria.es\/blogs\/alqueriatercerciclo\/wp-json\/wp\/v2\/posts"}],"about":[{"href":"https:\/\/www.alqueria.es\/blogs\/alqueriatercerciclo\/wp-json\/wp\/v2\/types\/post"}],"author":[{"embeddable":true,"href":"https:\/\/www.alqueria.es\/blogs\/alqueriatercerciclo\/wp-json\/wp\/v2\/users\/7"}],"replies":[{"embeddable":true,"href":"https:\/\/www.alqueria.es\/blogs\/alqueriatercerciclo\/wp-json\/wp\/v2\/comments?post=4811"}],"version-history":[{"count":0,"href":"https:\/\/www.alqueria.es\/blogs\/alqueriatercerciclo\/wp-json\/wp\/v2\/posts\/4811\/revisions"}],"wp:attachment":[{"href":"https:\/\/www.alqueria.es\/blogs\/alqueriatercerciclo\/wp-json\/wp\/v2\/media?parent=4811"}],"wp:term":[{"taxonomy":"category","embeddable":true,"href":"https:\/\/www.alqueria.es\/blogs\/alqueriatercerciclo\/wp-json\/wp\/v2\/categories?post=4811"},{"taxonomy":"post_tag","embeddable":true,"href":"https:\/\/www.alqueria.es\/blogs\/alqueriatercerciclo\/wp-json\/wp\/v2\/tags?post=4811"}],"curies":[{"name":"wp","href":"https:\/\/api.w.org\/{rel}","templated":true}]}}