{"id":7103,"date":"2013-06-23T08:30:54","date_gmt":"2013-06-23T07:30:54","guid":{"rendered":"http:\/\/alqueriatercerciclo.wordpress.com\/?p=7103"},"modified":"2013-06-23T08:30:54","modified_gmt":"2013-06-23T07:30:54","slug":"la-edad-contemporanea","status":"publish","type":"post","link":"https:\/\/www.alqueria.es\/blogs\/alqueriatercerciclo\/2013\/06\/23\/la-edad-contemporanea\/","title":{"rendered":"La Edad Contempor\u00e1nea"},"content":{"rendered":"<p>Hemos trabajado la historia en clase, a mi me a tocado la Edad Contempor\u00e1nea, este tema es muy extenso pero como ha sido en pareja y adem\u00e1s un resumen, me ha gustado mi \u00faltimo proyecto, aunque lo hemos trabajado muy r\u00e1pido por el tiempo.<\/p>\n<p><a href=\"http:\/\/sextoalqueria6.wix.com\/edad-contemporanea-\"><img decoding=\"async\" data-attachment-id=\"7133\" data-permalink=\"https:\/\/www.alqueria.es\/blogs\/alqueriatercerciclo\/2013\/06\/23\/la-edad-contemporanea\/captura-118\/#main\" data-orig-file=\"https:\/\/www.alqueria.es\/blogs\/alqueriatercerciclo\/wp-content\/uploads\/sites\/13\/2013\/06\/captura3.png\" data-orig-size=\"989,492\" data-comments-opened=\"1\" data-image-meta=\"{&quot;aperture&quot;:&quot;0&quot;,&quot;credit&quot;:&quot;&quot;,&quot;camera&quot;:&quot;&quot;,&quot;caption&quot;:&quot;&quot;,&quot;created_timestamp&quot;:&quot;0&quot;,&quot;copyright&quot;:&quot;&quot;,&quot;focal_length&quot;:&quot;0&quot;,&quot;iso&quot;:&quot;0&quot;,&quot;shutter_speed&quot;:&quot;0&quot;,&quot;title&quot;:&quot;&quot;}\" data-image-title=\"Captura\" data-image-description=\"\" data-image-caption=\"\" data-large-file=\"https:\/\/www.alqueria.es\/blogs\/alqueriatercerciclo\/wp-content\/uploads\/sites\/13\/2013\/06\/captura3.png\" class=\"alignnone size-large wp-image-7133 aligncenter\" alt=\"Captura\" src=\"https:\/\/cloud.alqueria.es\/wp-content\/uploads\/sites\/13\/2013\/06\/captura3.png?w=560\" width=\"560\" height=\"278\" srcset=\"https:\/\/www.alqueria.es\/blogs\/alqueriatercerciclo\/wp-content\/uploads\/sites\/13\/2013\/06\/captura3.png 989w, https:\/\/www.alqueria.es\/blogs\/alqueriatercerciclo\/wp-content\/uploads\/sites\/13\/2013\/06\/captura3-300x149.png 300w\" sizes=\"(max-width: 560px) 100vw, 560px\" \/><\/a><\/p>\n<p>Aina y \u00c1ngela<\/p>\n<p>El equipo de\u00a0Pablo y V\u00edctor tambi\u00e9n trabaja la edad contempor\u00e1nea con un Powtoon.<\/p>\n<p><a href=\"http:\/\/www.powtoon.com\/p\/fIHeN0V1SsM\/\"><img decoding=\"async\" data-attachment-id=\"7112\" data-permalink=\"https:\/\/www.alqueria.es\/blogs\/alqueriatercerciclo\/2013\/06\/23\/la-edad-contemporanea\/captura-117\/#main\" data-orig-file=\"https:\/\/www.alqueria.es\/blogs\/alqueriatercerciclo\/wp-content\/uploads\/sites\/13\/2013\/06\/captura2.png\" data-orig-size=\"638,400\" data-comments-opened=\"1\" data-image-meta=\"{&quot;aperture&quot;:&quot;0&quot;,&quot;credit&quot;:&quot;&quot;,&quot;camera&quot;:&quot;&quot;,&quot;caption&quot;:&quot;&quot;,&quot;created_timestamp&quot;:&quot;0&quot;,&quot;copyright&quot;:&quot;&quot;,&quot;focal_length&quot;:&quot;0&quot;,&quot;iso&quot;:&quot;0&quot;,&quot;shutter_speed&quot;:&quot;0&quot;,&quot;title&quot;:&quot;&quot;}\" data-image-title=\"Captura\" data-image-description=\"\" data-image-caption=\"\" data-large-file=\"https:\/\/www.alqueria.es\/blogs\/alqueriatercerciclo\/wp-content\/uploads\/sites\/13\/2013\/06\/captura2.png\" class=\"size-large wp-image-7112 aligncenter\" alt=\"Captura\" src=\"https:\/\/cloud.alqueria.es\/wp-content\/uploads\/sites\/13\/2013\/06\/captura2.png?w=560\" width=\"560\" height=\"351\" srcset=\"https:\/\/www.alqueria.es\/blogs\/alqueriatercerciclo\/wp-content\/uploads\/sites\/13\/2013\/06\/captura2.png 638w, https:\/\/www.alqueria.es\/blogs\/alqueriatercerciclo\/wp-content\/uploads\/sites\/13\/2013\/06\/captura2-300x188.png 300w\" sizes=\"(max-width: 560px) 100vw, 560px\" \/><\/a><\/p>\n","protected":false},"excerpt":{"rendered":"<p>Hemos trabajado la historia en clase, a mi me a tocado la Edad Contempor\u00e1nea, este tema es muy extenso pero como ha sido en pareja y adem\u00e1s un resumen, me ha gustado mi \u00faltimo proyecto, aunque lo hemos trabajado muy r\u00e1pido por el tiempo. Aina y \u00c1ngela El equipo de\u00a0Pablo y V\u00edctor tambi\u00e9n trabaja la [&hellip;]<\/p>\n","protected":false},"author":29,"featured_media":0,"comment_status":"open","ping_status":"open","sticky":false,"template":"","format":"standard","meta":{"jetpack_post_was_ever_published":false,"_jetpack_newsletter_access":"","_jetpack_dont_email_post_to_subs":false,"_jetpack_newsletter_tier_id":0,"_jetpack_memberships_contains_paywalled_content":false,"_jetpack_memberships_contains_paid_content":false,"footnotes":"","jetpack_publicize_message":"","jetpack_publicize_feature_enabled":true,"jetpack_social_post_already_shared":false,"jetpack_social_options":{"image_generator_settings":{"template":"highway","default_image_id":0,"font":"","enabled":false},"version":2}},"categories":[3,5,18,61],"tags":[109],"class_list":["post-7103","post","type-post","status-publish","format-standard","hentry","category-6o-epo","category-alumnos-6o-epo","category-conocimiento-del-medio","category-proyectos-de-trabajo-6o","tag-conocimiento-del-medio-2"],"jetpack_publicize_connections":[],"jetpack_featured_media_url":"","jetpack_sharing_enabled":true,"jetpack_shortlink":"https:\/\/wp.me\/p4mLU4-1Qz","_links":{"self":[{"href":"https:\/\/www.alqueria.es\/blogs\/alqueriatercerciclo\/wp-json\/wp\/v2\/posts\/7103","targetHints":{"allow":["GET"]}}],"collection":[{"href":"https:\/\/www.alqueria.es\/blogs\/alqueriatercerciclo\/wp-json\/wp\/v2\/posts"}],"about":[{"href":"https:\/\/www.alqueria.es\/blogs\/alqueriatercerciclo\/wp-json\/wp\/v2\/types\/post"}],"author":[{"embeddable":true,"href":"https:\/\/www.alqueria.es\/blogs\/alqueriatercerciclo\/wp-json\/wp\/v2\/users\/29"}],"replies":[{"embeddable":true,"href":"https:\/\/www.alqueria.es\/blogs\/alqueriatercerciclo\/wp-json\/wp\/v2\/comments?post=7103"}],"version-history":[{"count":0,"href":"https:\/\/www.alqueria.es\/blogs\/alqueriatercerciclo\/wp-json\/wp\/v2\/posts\/7103\/revisions"}],"wp:attachment":[{"href":"https:\/\/www.alqueria.es\/blogs\/alqueriatercerciclo\/wp-json\/wp\/v2\/media?parent=7103"}],"wp:term":[{"taxonomy":"category","embeddable":true,"href":"https:\/\/www.alqueria.es\/blogs\/alqueriatercerciclo\/wp-json\/wp\/v2\/categories?post=7103"},{"taxonomy":"post_tag","embeddable":true,"href":"https:\/\/www.alqueria.es\/blogs\/alqueriatercerciclo\/wp-json\/wp\/v2\/tags?post=7103"}],"curies":[{"name":"wp","href":"https:\/\/api.w.org\/{rel}","templated":true}]}}