{"id":7178,"date":"2013-09-15T19:02:15","date_gmt":"2013-09-15T18:02:15","guid":{"rendered":"http:\/\/alqueriatercerciclo.wordpress.com\/?p=7178"},"modified":"2013-09-15T19:02:15","modified_gmt":"2013-09-15T18:02:15","slug":"cenicienta-segun-sara","status":"publish","type":"post","link":"https:\/\/www.alqueria.es\/blogs\/alqueriatercerciclo\/2013\/09\/15\/cenicienta-segun-sara\/","title":{"rendered":"Cenicienta, seg\u00fan Sara"},"content":{"rendered":"<p><img decoding=\"async\" data-attachment-id=\"7411\" data-permalink=\"https:\/\/www.alqueria.es\/blogs\/alqueriatercerciclo\/2013\/09\/15\/cenicienta-segun-sara\/8634219-la-sirvienta-cenicienta\/#main\" data-orig-file=\"https:\/\/www.alqueria.es\/blogs\/alqueriatercerciclo\/wp-content\/uploads\/sites\/13\/2013\/09\/8634219-la-sirvienta-cenicienta.jpg\" data-orig-size=\"283,400\" data-comments-opened=\"1\" data-image-meta=\"{&quot;aperture&quot;:&quot;0&quot;,&quot;credit&quot;:&quot;&quot;,&quot;camera&quot;:&quot;&quot;,&quot;caption&quot;:&quot;&quot;,&quot;created_timestamp&quot;:&quot;0&quot;,&quot;copyright&quot;:&quot;&quot;,&quot;focal_length&quot;:&quot;0&quot;,&quot;iso&quot;:&quot;0&quot;,&quot;shutter_speed&quot;:&quot;0&quot;,&quot;title&quot;:&quot;&quot;}\" data-image-title=\"8634219-la-sirvienta-cenicienta\" data-image-description=\"\" data-image-caption=\"\" data-large-file=\"https:\/\/www.alqueria.es\/blogs\/alqueriatercerciclo\/wp-content\/uploads\/sites\/13\/2013\/09\/8634219-la-sirvienta-cenicienta.jpg\" class=\"aligncenter size-full wp-image-7411\" alt=\"8634219-la-sirvienta-cenicienta\" src=\"https:\/\/cloud.alqueria.es\/wp-content\/uploads\/sites\/13\/2013\/09\/8634219-la-sirvienta-cenicienta.jpg\" width=\"283\" height=\"400\" srcset=\"https:\/\/www.alqueria.es\/blogs\/alqueriatercerciclo\/wp-content\/uploads\/sites\/13\/2013\/09\/8634219-la-sirvienta-cenicienta.jpg 283w, https:\/\/www.alqueria.es\/blogs\/alqueriatercerciclo\/wp-content\/uploads\/sites\/13\/2013\/09\/8634219-la-sirvienta-cenicienta-212x300.jpg 212w\" sizes=\"(max-width: 283px) 100vw, 283px\" \/><\/p>\n<h6>&#8230; Cenicienta hab\u00eda perdido su zapato en el baile. Se dio cuenta cuando lleg\u00f3 a su casa en la carroza. A la ma\u00f1ana siguiente una joven ve el hermoso zapato de cristal y al ver que no lo reclamaba nadie, decide cogerlo.<\/h6>\n<h6>Esa joven se llamaba Paula, esa misma tarde estaba muy confusa porque no sab\u00eda como iba a devolver el zapato (a Cenicienta). Decidi\u00f3 ir preguntando por las casas.<\/h6>\n<h6>Cuando ya iba a empezar la noche toc\u00f3 a la casa de Cenicienta, pero abri\u00f3 su madrastra, sus hermanastras se lo probaron pero no les cab\u00eda, despu\u00e9s le lleg\u00f3 el turno a Cenicienta y se lo puso. Paula se puso muy contenta y dijo que no ten\u00eda casa. Su madrastra no quer\u00eda que Paula se quedar\u00e1 a dormir y al final durmi\u00f3 en el suelo con Cenicienta.<\/h6>\n<h6>Cenicienta le cont\u00f3 todo a Paula. Al d\u00eda siguiente de madrugada se fueron de la casa y buscaron otra casa donde vivir, desde ese d\u00eda fueron muy amigas y vivieron \u00a0juntas.<\/h6>\n<h6>Cada d\u00eda iban mejorando y decorando su casa e iban hasta el r\u00edo a dar un paseo. Y no se supo m\u00e1s de la madrastra y de las hermanastras.<\/h6>\n","protected":false},"excerpt":{"rendered":"<p>&#8230; Cenicienta hab\u00eda perdido su zapato en el baile. Se dio cuenta cuando lleg\u00f3 a su casa en la carroza. A la ma\u00f1ana siguiente una joven ve el hermoso zapato de cristal y al ver que no lo reclamaba nadie, decide cogerlo. Esa joven se llamaba Paula, esa misma tarde estaba muy confusa porque no [&hellip;]<\/p>\n","protected":false},"author":29,"featured_media":0,"comment_status":"open","ping_status":"open","sticky":false,"template":"","format":"standard","meta":{"jetpack_post_was_ever_published":false,"_jetpack_newsletter_access":"","_jetpack_dont_email_post_to_subs":false,"_jetpack_newsletter_tier_id":0,"_jetpack_memberships_contains_paywalled_content":false,"_jetpack_memberships_contains_paid_content":false,"footnotes":"","jetpack_publicize_message":"","jetpack_publicize_feature_enabled":true,"jetpack_social_post_already_shared":false,"jetpack_social_options":{"image_generator_settings":{"template":"highway","default_image_id":0,"font":"","enabled":false},"version":2}},"categories":[3,5,40,67],"tags":[114,176],"class_list":["post-7178","post","type-post","status-publish","format-standard","hentry","category-6o-epo","category-alumnos-6o-epo","category-lengua","category-taller-de-escritura-6o","tag-cuentos","tag-taller-de-escritura"],"jetpack_publicize_connections":[],"jetpack_featured_media_url":"","jetpack_sharing_enabled":true,"jetpack_shortlink":"https:\/\/wp.me\/p4mLU4-1RM","_links":{"self":[{"href":"https:\/\/www.alqueria.es\/blogs\/alqueriatercerciclo\/wp-json\/wp\/v2\/posts\/7178","targetHints":{"allow":["GET"]}}],"collection":[{"href":"https:\/\/www.alqueria.es\/blogs\/alqueriatercerciclo\/wp-json\/wp\/v2\/posts"}],"about":[{"href":"https:\/\/www.alqueria.es\/blogs\/alqueriatercerciclo\/wp-json\/wp\/v2\/types\/post"}],"author":[{"embeddable":true,"href":"https:\/\/www.alqueria.es\/blogs\/alqueriatercerciclo\/wp-json\/wp\/v2\/users\/29"}],"replies":[{"embeddable":true,"href":"https:\/\/www.alqueria.es\/blogs\/alqueriatercerciclo\/wp-json\/wp\/v2\/comments?post=7178"}],"version-history":[{"count":0,"href":"https:\/\/www.alqueria.es\/blogs\/alqueriatercerciclo\/wp-json\/wp\/v2\/posts\/7178\/revisions"}],"wp:attachment":[{"href":"https:\/\/www.alqueria.es\/blogs\/alqueriatercerciclo\/wp-json\/wp\/v2\/media?parent=7178"}],"wp:term":[{"taxonomy":"category","embeddable":true,"href":"https:\/\/www.alqueria.es\/blogs\/alqueriatercerciclo\/wp-json\/wp\/v2\/categories?post=7178"},{"taxonomy":"post_tag","embeddable":true,"href":"https:\/\/www.alqueria.es\/blogs\/alqueriatercerciclo\/wp-json\/wp\/v2\/tags?post=7178"}],"curies":[{"name":"wp","href":"https:\/\/api.w.org\/{rel}","templated":true}]}}