{"id":7189,"date":"2013-09-12T10:22:42","date_gmt":"2013-09-12T09:22:42","guid":{"rendered":"http:\/\/alqueriatercerciclo.wordpress.com\/?p=7189"},"modified":"2013-09-12T10:22:42","modified_gmt":"2013-09-12T09:22:42","slug":"los-tres-cerditos-segun-alvaro-r","status":"publish","type":"post","link":"https:\/\/www.alqueria.es\/blogs\/alqueriatercerciclo\/2013\/09\/12\/los-tres-cerditos-segun-alvaro-r\/","title":{"rendered":"Los tres cerditos seg\u00fan \u00c1lvaro R."},"content":{"rendered":"<h5>&#8230; el cerdito m\u00e1s peque\u00f1o, se construy\u00f3 su casa de paja y all\u00ed se escondi\u00f3 del lobo, al poco tiempo lleg\u00f3 el lobo con cinco vacas y se comieron toda la paja. \u00a0El cerdito peque\u00f1o se fue a la casa del cerdito mediano, la casa era de madera, pero era de cinco cent\u00edmetros de ancho la pared, entonces lleg\u00f3 el lobo, con un hacha para cortar madera, y un golpe, y otro, y otro, y otro, y otro, y derrumb\u00f3 la casa, entonces los dos cerditos, corrieron a casa del cerdito mayor.<\/h5>\n<h5>La casa del cerdito mayor era de acero, lleg\u00f3 el lobo con una manada de toros, que arroyaron constantemente la casa de los cerditos, pero a\u00fan siendo la casa de acero la derribaron, el lobo entr\u00f3 a por los cerditos, pero los cerditos hicieron un t\u00fanel y desaparecieron.<\/h5>\n<p><img decoding=\"async\" data-attachment-id=\"7298\" data-permalink=\"https:\/\/www.alqueria.es\/blogs\/alqueriatercerciclo\/2013\/09\/12\/los-tres-cerditos-segun-alvaro-r\/4626532-dos-cerdos-de-vida-libre-en-la-hierba-verde\/#main\" data-orig-file=\"https:\/\/www.alqueria.es\/blogs\/alqueriatercerciclo\/wp-content\/uploads\/sites\/13\/2013\/09\/4626532-dos-cerdos-de-vida-libre-en-la-hierba-verde.jpg\" data-orig-size=\"1024,686\" data-comments-opened=\"1\" data-image-meta=\"{&quot;aperture&quot;:&quot;0&quot;,&quot;credit&quot;:&quot;&quot;,&quot;camera&quot;:&quot;&quot;,&quot;caption&quot;:&quot;&quot;,&quot;created_timestamp&quot;:&quot;0&quot;,&quot;copyright&quot;:&quot;&quot;,&quot;focal_length&quot;:&quot;0&quot;,&quot;iso&quot;:&quot;0&quot;,&quot;shutter_speed&quot;:&quot;0&quot;,&quot;title&quot;:&quot;&quot;}\" data-image-title=\"4626532-dos-cerdos-de-vida-libre-en-la-hierba-verde\" data-image-description=\"\" data-image-caption=\"\" data-large-file=\"https:\/\/www.alqueria.es\/blogs\/alqueriatercerciclo\/wp-content\/uploads\/sites\/13\/2013\/09\/4626532-dos-cerdos-de-vida-libre-en-la-hierba-verde-1024x686.jpg\" class=\"aligncenter size-medium wp-image-7298\" alt=\"4626532-dos-cerdos-de-vida-libre-en-la-hierba-verde\" src=\"https:\/\/cloud.alqueria.es\/wp-content\/uploads\/sites\/13\/2013\/09\/4626532-dos-cerdos-de-vida-libre-en-la-hierba-verde.jpg?w=300\" width=\"300\" height=\"201\" srcset=\"https:\/\/www.alqueria.es\/blogs\/alqueriatercerciclo\/wp-content\/uploads\/sites\/13\/2013\/09\/4626532-dos-cerdos-de-vida-libre-en-la-hierba-verde.jpg 1024w, https:\/\/www.alqueria.es\/blogs\/alqueriatercerciclo\/wp-content\/uploads\/sites\/13\/2013\/09\/4626532-dos-cerdos-de-vida-libre-en-la-hierba-verde-300x201.jpg 300w\" sizes=\"(max-width: 300px) 100vw, 300px\" \/><\/p>\n","protected":false},"excerpt":{"rendered":"<p>&#8230; el cerdito m\u00e1s peque\u00f1o, se construy\u00f3 su casa de paja y all\u00ed se escondi\u00f3 del lobo, al poco tiempo lleg\u00f3 el lobo con cinco vacas y se comieron toda la paja. \u00a0El cerdito peque\u00f1o se fue a la casa del cerdito mediano, la casa era de madera, pero era de cinco cent\u00edmetros de ancho [&hellip;]<\/p>\n","protected":false},"author":29,"featured_media":0,"comment_status":"open","ping_status":"open","sticky":false,"template":"","format":"standard","meta":{"jetpack_post_was_ever_published":false,"_jetpack_newsletter_access":"","_jetpack_dont_email_post_to_subs":false,"_jetpack_newsletter_tier_id":0,"_jetpack_memberships_contains_paywalled_content":false,"_jetpack_memberships_contains_paid_content":false,"footnotes":"","jetpack_publicize_message":"","jetpack_publicize_feature_enabled":true,"jetpack_social_post_already_shared":false,"jetpack_social_options":{"image_generator_settings":{"template":"highway","default_image_id":0,"font":"","enabled":false},"version":2}},"categories":[3,5,40,67],"tags":[114,176],"class_list":["post-7189","post","type-post","status-publish","format-standard","hentry","category-6o-epo","category-alumnos-6o-epo","category-lengua","category-taller-de-escritura-6o","tag-cuentos","tag-taller-de-escritura"],"jetpack_publicize_connections":[],"jetpack_featured_media_url":"","jetpack_sharing_enabled":true,"jetpack_shortlink":"https:\/\/wp.me\/p4mLU4-1RX","_links":{"self":[{"href":"https:\/\/www.alqueria.es\/blogs\/alqueriatercerciclo\/wp-json\/wp\/v2\/posts\/7189","targetHints":{"allow":["GET"]}}],"collection":[{"href":"https:\/\/www.alqueria.es\/blogs\/alqueriatercerciclo\/wp-json\/wp\/v2\/posts"}],"about":[{"href":"https:\/\/www.alqueria.es\/blogs\/alqueriatercerciclo\/wp-json\/wp\/v2\/types\/post"}],"author":[{"embeddable":true,"href":"https:\/\/www.alqueria.es\/blogs\/alqueriatercerciclo\/wp-json\/wp\/v2\/users\/29"}],"replies":[{"embeddable":true,"href":"https:\/\/www.alqueria.es\/blogs\/alqueriatercerciclo\/wp-json\/wp\/v2\/comments?post=7189"}],"version-history":[{"count":0,"href":"https:\/\/www.alqueria.es\/blogs\/alqueriatercerciclo\/wp-json\/wp\/v2\/posts\/7189\/revisions"}],"wp:attachment":[{"href":"https:\/\/www.alqueria.es\/blogs\/alqueriatercerciclo\/wp-json\/wp\/v2\/media?parent=7189"}],"wp:term":[{"taxonomy":"category","embeddable":true,"href":"https:\/\/www.alqueria.es\/blogs\/alqueriatercerciclo\/wp-json\/wp\/v2\/categories?post=7189"},{"taxonomy":"post_tag","embeddable":true,"href":"https:\/\/www.alqueria.es\/blogs\/alqueriatercerciclo\/wp-json\/wp\/v2\/tags?post=7189"}],"curies":[{"name":"wp","href":"https:\/\/api.w.org\/{rel}","templated":true}]}}