{"id":7217,"date":"2013-09-15T11:34:39","date_gmt":"2013-09-15T10:34:39","guid":{"rendered":"http:\/\/alqueriatercerciclo.wordpress.com\/?p=7217"},"modified":"2013-09-15T11:34:39","modified_gmt":"2013-09-15T10:34:39","slug":"caperucita-roja-segun-ma-jose","status":"publish","type":"post","link":"https:\/\/www.alqueria.es\/blogs\/alqueriatercerciclo\/2013\/09\/15\/caperucita-roja-segun-ma-jose\/","title":{"rendered":"CAPERUCITA ROJA seg\u00fan M\u00aa Jos\u00e9"},"content":{"rendered":"<p><img decoding=\"async\" class=\"size-full wp-image aligncenter\" id=\"i-7294\" alt=\"Imagen\" src=\"https:\/\/cloud.alqueria.es\/wp-content\/uploads\/sites\/13\/2013\/09\/cuento_caperucita_roja.jpg?w=390\" \/><\/p>\n<h6>&#8230;Cuando caperucita lleg\u00f3 a la casa de su abuelita, toc\u00f3 a la puerta de chocolate.<\/h6>\n<h6>-Abuelita, soy yo, abre.<\/h6>\n<h6>-Est\u00e1 abierta.<\/h6>\n<h6>Caperucita entr\u00f3 en la casa de chocolate de su abuela y la vio tumbada en la cama, la ni\u00f1a se sient\u00f3 en una silla de ositos de gominola, caperucita le dice a su abuela:<\/h6>\n<h6>-Qu\u00e9 orejas m\u00e1s grandes tienes.<\/h6>\n<h6>-\u00a1Para oirte mejor!<\/h6>\n<h6>-Qu\u00e9 ojos m\u00e1s grandes tienes.<\/h6>\n<h6>-\u00a1Para verte mejor!<\/h6>\n<h6>-Qu\u00e9 boca m\u00e1s grande tienes.<\/h6>\n<h6>-\u00a1Para comerte mejor!<\/h6>\n<h6>Entonces la supuesta abuelita, QUE ERA UN LOBO, sali\u00f3 corriendo detr\u00e1s de la ni\u00f1a, de repente se le cae al lobo un armario en el que estaba la abuela de caperucita. Caperucita roja, la abuelita y el lobo salen de la casa uno detr\u00e1s del otro aunque el lobo medio tonto por el golpe del armario, se cay\u00f3, se qued\u00f3 inconsciente, lleg\u00f3 el cazador y le mat\u00f3.<\/h6>\n<h6>La abuelita y caperucita ya viven muy bien.<\/h6>\n<h6>Color\u00edn colorado este cuento se ha acabado.<\/h6>\n<h6>Soy caperucita roja, si, el cuento se hab\u00eda acabado pero con tanto l\u00edo\u00a0se me ha olvidado darle la comida a mi abuelita asi que&#8230;:<\/h6>\n<h6>-Abuelita te traigo pan y mantequilla.<\/h6>\n<h6>-Muchas gracias.<\/h6>\n<h6>Ahora si que si, color\u00edn colorado este cuanto se ha acabado.<\/h6>\n","protected":false},"excerpt":{"rendered":"<p>&#8230;Cuando caperucita lleg\u00f3 a la casa de su abuelita, toc\u00f3 a la puerta de chocolate. -Abuelita, soy yo, abre. -Est\u00e1 abierta. Caperucita entr\u00f3 en la casa de chocolate de su abuela y la vio tumbada en la cama, la ni\u00f1a se sient\u00f3 en una silla de ositos de gominola, caperucita le dice a su abuela: [&hellip;]<\/p>\n","protected":false},"author":29,"featured_media":0,"comment_status":"open","ping_status":"open","sticky":false,"template":"","format":"standard","meta":{"jetpack_post_was_ever_published":false,"_jetpack_newsletter_access":"","_jetpack_dont_email_post_to_subs":false,"_jetpack_newsletter_tier_id":0,"_jetpack_memberships_contains_paywalled_content":false,"_jetpack_memberships_contains_paid_content":false,"footnotes":"","jetpack_publicize_message":"","jetpack_publicize_feature_enabled":true,"jetpack_social_post_already_shared":false,"jetpack_social_options":{"image_generator_settings":{"template":"highway","default_image_id":0,"font":"","enabled":false},"version":2}},"categories":[3,5,40,67],"tags":[114,176],"class_list":["post-7217","post","type-post","status-publish","format-standard","hentry","category-6o-epo","category-alumnos-6o-epo","category-lengua","category-taller-de-escritura-6o","tag-cuentos","tag-taller-de-escritura"],"jetpack_publicize_connections":[],"jetpack_featured_media_url":"","jetpack_sharing_enabled":true,"jetpack_shortlink":"https:\/\/wp.me\/p4mLU4-1Sp","_links":{"self":[{"href":"https:\/\/www.alqueria.es\/blogs\/alqueriatercerciclo\/wp-json\/wp\/v2\/posts\/7217","targetHints":{"allow":["GET"]}}],"collection":[{"href":"https:\/\/www.alqueria.es\/blogs\/alqueriatercerciclo\/wp-json\/wp\/v2\/posts"}],"about":[{"href":"https:\/\/www.alqueria.es\/blogs\/alqueriatercerciclo\/wp-json\/wp\/v2\/types\/post"}],"author":[{"embeddable":true,"href":"https:\/\/www.alqueria.es\/blogs\/alqueriatercerciclo\/wp-json\/wp\/v2\/users\/29"}],"replies":[{"embeddable":true,"href":"https:\/\/www.alqueria.es\/blogs\/alqueriatercerciclo\/wp-json\/wp\/v2\/comments?post=7217"}],"version-history":[{"count":0,"href":"https:\/\/www.alqueria.es\/blogs\/alqueriatercerciclo\/wp-json\/wp\/v2\/posts\/7217\/revisions"}],"wp:attachment":[{"href":"https:\/\/www.alqueria.es\/blogs\/alqueriatercerciclo\/wp-json\/wp\/v2\/media?parent=7217"}],"wp:term":[{"taxonomy":"category","embeddable":true,"href":"https:\/\/www.alqueria.es\/blogs\/alqueriatercerciclo\/wp-json\/wp\/v2\/categories?post=7217"},{"taxonomy":"post_tag","embeddable":true,"href":"https:\/\/www.alqueria.es\/blogs\/alqueriatercerciclo\/wp-json\/wp\/v2\/tags?post=7217"}],"curies":[{"name":"wp","href":"https:\/\/api.w.org\/{rel}","templated":true}]}}