{"id":7545,"date":"2013-10-31T14:47:42","date_gmt":"2013-10-31T13:47:42","guid":{"rendered":"http:\/\/alqueriatercerciclo.wordpress.com\/?p=7545"},"modified":"2013-10-31T14:47:42","modified_gmt":"2013-10-31T13:47:42","slug":"las-placas-tectonicas-por-pedro-g","status":"publish","type":"post","link":"https:\/\/www.alqueria.es\/blogs\/alqueriatercerciclo\/2013\/10\/31\/las-placas-tectonicas-por-pedro-g\/","title":{"rendered":"Las placas tect\u00f3nicas por Pedro G."},"content":{"rendered":"<div id=\"attachment_7550\" style=\"width: 310px\" class=\"wp-caption aligncenter\"><img decoding=\"async\" aria-describedby=\"caption-attachment-7550\" data-attachment-id=\"7550\" data-permalink=\"https:\/\/www.alqueria.es\/blogs\/alqueriatercerciclo\/2013\/10\/31\/las-placas-tectonicas-por-pedro-g\/dsc08024\/#main\" data-orig-file=\"https:\/\/www.alqueria.es\/blogs\/alqueriatercerciclo\/wp-content\/uploads\/sites\/13\/2013\/10\/dsc08024.jpg\" data-orig-size=\"1024,768\" data-comments-opened=\"1\" data-image-meta=\"{&quot;aperture&quot;:&quot;0&quot;,&quot;credit&quot;:&quot;&quot;,&quot;camera&quot;:&quot;&quot;,&quot;caption&quot;:&quot;&quot;,&quot;created_timestamp&quot;:&quot;0&quot;,&quot;copyright&quot;:&quot;&quot;,&quot;focal_length&quot;:&quot;0&quot;,&quot;iso&quot;:&quot;0&quot;,&quot;shutter_speed&quot;:&quot;0&quot;,&quot;title&quot;:&quot;&quot;}\" data-image-title=\"\" data-image-description=\"\" data-image-caption=\"&lt;p&gt;Pedro expone su conferencia&lt;\/p&gt;\n\" data-large-file=\"https:\/\/www.alqueria.es\/blogs\/alqueriatercerciclo\/wp-content\/uploads\/sites\/13\/2013\/10\/dsc08024-1024x768.jpg\" class=\"size-medium wp-image-7550\" alt=\"Pedro expone su conferencia\" src=\"https:\/\/cloud.alqueria.es\/wp-content\/uploads\/sites\/13\/2013\/10\/dsc08024.jpg?w=300\" width=\"300\" height=\"225\" srcset=\"https:\/\/www.alqueria.es\/blogs\/alqueriatercerciclo\/wp-content\/uploads\/sites\/13\/2013\/10\/dsc08024.jpg 1024w, https:\/\/www.alqueria.es\/blogs\/alqueriatercerciclo\/wp-content\/uploads\/sites\/13\/2013\/10\/dsc08024-300x225.jpg 300w\" sizes=\"(max-width: 300px) 100vw, 300px\" \/><p id=\"caption-attachment-7550\" class=\"wp-caption-text\">Pedro expone su conferencia<\/p><\/div>\n<h5>Ayer, d\u00eda 30\/10\/2013, Pedro nos dio su conferencia sobre \u00abLas placas tect\u00f3nicas\u00bb yo aprend\u00ed muchas cosas como que en Granada pasa una falla que es cuando dos placas tect\u00f3nicas se rozan.<\/h5>\n<h5>Yo creo que Pedro se la prepar\u00f3 muy bien, al principio se notaba que estaba nervioso pero al acostumbrarse le sali\u00f3 bastante bien, me gust\u00f3 mucho su conferencia por su forma de expresarse. A mi ese tema no me gustaba mucho pero he aprendido cosas nuevas, como por ejemplo: hay seis grandes placas, cuando dos placas se juntan se llama: falla, dorsal oce\u00e1nico y subducci\u00f3n, que la deriva continental es cuando se mueven los continentes y aprendimos tambi\u00e9n la escala de Richter.<\/h5>\n<h5>La falla m\u00e1s grande es la de San Andr\u00e9s que se encuentra en California.<\/h5>\n<div class=\"control-the-use-of-cookies-box\" style=\"display:none;width:100%;cursor:pointer;padding:10px;border:1px solid #DDDDDD;background-color:#EEEEEE;color:#000000\" data-original-content=\"&lt;iframe title=&quot;Las placas tect\u00f3nicas&quot; src=&quot;https:\/\/www.slideshare.net\/slideshow\/embed_code\/key\/eKgNTpyx8h7v2N&quot; width=&quot;427&quot; height=&quot;356&quot; frameborder=&quot;0&quot; marginwidth=&quot;0&quot; marginheight=&quot;0&quot; scrolling=&quot;no&quot; style=&quot;border:1px solid #CCC; border-width:1px; margin-bottom:5px; max-width: 100%;&quot; allowfullscreen&gt; &lt;\/iframe&gt;\">Este elemento utiliza cookies, pincha sobre \u00e9l para verlo.<\/div>\n<div style=\"margin-bottom:5px\"> <strong> <a href=\"https:\/\/www.slideshare.net\/sextoalqueria\/las-placas-tectnicas-27740803\" title=\"Las placas tect\u00f3nicas\" target=\"_blank\">Las placas tect\u00f3nicas<\/a> <\/strong> from <strong><a href=\"https:\/\/www.slideshare.net\/sextoalqueria\" target=\"_blank\">sextoalqueria<\/a><\/strong> <\/div>\n<p><span style=\"color:#ff0000\">Por M\u00aa Jos\u00e9<\/span><\/p>\n","protected":false},"excerpt":{"rendered":"<p>Ayer, d\u00eda 30\/10\/2013, Pedro nos dio su conferencia sobre \u00abLas placas tect\u00f3nicas\u00bb yo aprend\u00ed muchas cosas como que en Granada pasa una falla que es cuando dos placas tect\u00f3nicas se rozan. Yo creo que Pedro se la prepar\u00f3 muy bien, al principio se notaba que estaba nervioso pero al acostumbrarse le sali\u00f3 bastante bien, me [&hellip;]<\/p>\n","protected":false},"author":29,"featured_media":0,"comment_status":"open","ping_status":"open","sticky":false,"template":"","format":"standard","meta":{"jetpack_post_was_ever_published":false,"_jetpack_newsletter_access":"","_jetpack_dont_email_post_to_subs":false,"_jetpack_newsletter_tier_id":0,"_jetpack_memberships_contains_paywalled_content":false,"_jetpack_memberships_contains_paid_content":false,"footnotes":"","jetpack_publicize_message":"","jetpack_publicize_feature_enabled":true,"jetpack_social_post_already_shared":false,"jetpack_social_options":{"image_generator_settings":{"template":"highway","default_image_id":0,"font":"","enabled":false},"version":2}},"categories":[5,18,82],"tags":[108,382,157],"class_list":["post-7545","post","type-post","status-publish","format-standard","hentry","category-alumnos-6o-epo","category-conocimiento-del-medio","category-conferencias-6o","tag-conferencias","tag-conferencias-6o","tag-placas-tectonicas"],"jetpack_publicize_connections":[],"jetpack_featured_media_url":"","jetpack_sharing_enabled":true,"jetpack_shortlink":"https:\/\/wp.me\/p4mLU4-1XH","_links":{"self":[{"href":"https:\/\/www.alqueria.es\/blogs\/alqueriatercerciclo\/wp-json\/wp\/v2\/posts\/7545","targetHints":{"allow":["GET"]}}],"collection":[{"href":"https:\/\/www.alqueria.es\/blogs\/alqueriatercerciclo\/wp-json\/wp\/v2\/posts"}],"about":[{"href":"https:\/\/www.alqueria.es\/blogs\/alqueriatercerciclo\/wp-json\/wp\/v2\/types\/post"}],"author":[{"embeddable":true,"href":"https:\/\/www.alqueria.es\/blogs\/alqueriatercerciclo\/wp-json\/wp\/v2\/users\/29"}],"replies":[{"embeddable":true,"href":"https:\/\/www.alqueria.es\/blogs\/alqueriatercerciclo\/wp-json\/wp\/v2\/comments?post=7545"}],"version-history":[{"count":0,"href":"https:\/\/www.alqueria.es\/blogs\/alqueriatercerciclo\/wp-json\/wp\/v2\/posts\/7545\/revisions"}],"wp:attachment":[{"href":"https:\/\/www.alqueria.es\/blogs\/alqueriatercerciclo\/wp-json\/wp\/v2\/media?parent=7545"}],"wp:term":[{"taxonomy":"category","embeddable":true,"href":"https:\/\/www.alqueria.es\/blogs\/alqueriatercerciclo\/wp-json\/wp\/v2\/categories?post=7545"},{"taxonomy":"post_tag","embeddable":true,"href":"https:\/\/www.alqueria.es\/blogs\/alqueriatercerciclo\/wp-json\/wp\/v2\/tags?post=7545"}],"curies":[{"name":"wp","href":"https:\/\/api.w.org\/{rel}","templated":true}]}}