{"id":7554,"date":"2013-10-31T15:17:09","date_gmt":"2013-10-31T14:17:09","guid":{"rendered":"http:\/\/alqueriatercerciclo.wordpress.com\/?p=7554"},"modified":"2013-10-31T15:17:09","modified_gmt":"2013-10-31T14:17:09","slug":"catastrofes-naturales-por-mateo","status":"publish","type":"post","link":"https:\/\/www.alqueria.es\/blogs\/alqueriatercerciclo\/2013\/10\/31\/catastrofes-naturales-por-mateo\/","title":{"rendered":"Cat\u00e1strofes naturales por Mateo"},"content":{"rendered":"<div id=\"attachment_7555\" style=\"width: 310px\" class=\"wp-caption aligncenter\"><img decoding=\"async\" aria-describedby=\"caption-attachment-7555\" data-attachment-id=\"7555\" data-permalink=\"https:\/\/www.alqueria.es\/blogs\/alqueriatercerciclo\/2013\/10\/31\/catastrofes-naturales-por-mateo\/dsc08047\/#main\" data-orig-file=\"https:\/\/www.alqueria.es\/blogs\/alqueriatercerciclo\/wp-content\/uploads\/sites\/13\/2013\/10\/dsc08047.jpg\" data-orig-size=\"1024,768\" data-comments-opened=\"1\" data-image-meta=\"{&quot;aperture&quot;:&quot;0&quot;,&quot;credit&quot;:&quot;&quot;,&quot;camera&quot;:&quot;&quot;,&quot;caption&quot;:&quot;&quot;,&quot;created_timestamp&quot;:&quot;0&quot;,&quot;copyright&quot;:&quot;&quot;,&quot;focal_length&quot;:&quot;0&quot;,&quot;iso&quot;:&quot;0&quot;,&quot;shutter_speed&quot;:&quot;0&quot;,&quot;title&quot;:&quot;&quot;}\" data-image-title=\"DSC08047\" data-image-description=\"\" data-image-caption=\"&lt;p&gt;Mateo nos habla de volcanes&lt;\/p&gt;\n\" data-large-file=\"https:\/\/www.alqueria.es\/blogs\/alqueriatercerciclo\/wp-content\/uploads\/sites\/13\/2013\/10\/dsc08047-1024x768.jpg\" class=\"size-medium wp-image-7555\" alt=\"Mateo nos habla de volcanes\" src=\"https:\/\/cloud.alqueria.es\/wp-content\/uploads\/sites\/13\/2013\/10\/dsc08047.jpg?w=300\" width=\"300\" height=\"225\" srcset=\"https:\/\/www.alqueria.es\/blogs\/alqueriatercerciclo\/wp-content\/uploads\/sites\/13\/2013\/10\/dsc08047.jpg 1024w, https:\/\/www.alqueria.es\/blogs\/alqueriatercerciclo\/wp-content\/uploads\/sites\/13\/2013\/10\/dsc08047-300x225.jpg 300w\" sizes=\"(max-width: 300px) 100vw, 300px\" \/><p id=\"caption-attachment-7555\" class=\"wp-caption-text\">Mateo nos habla de volcanes<\/p><\/div>\n<h5>Hoy ha sido la conferencia de Mateo sobre los cat\u00e1strofes y los fen\u00f3menos naturales. Para m\u00ed (Celia) lo ha hecho muy bien, lo ten\u00eda muy conseguido. La parte que m\u00e1s me ha gustado ha sido la de los tsunamis. (Celia y Cristina). Nos ha hablado sobre los huracanes, terremotos, tsunamis y volcanes.<\/h5>\n<h5>Nos han ense\u00f1ado un mont\u00f3n de v\u00eddeos, uno de ellos una recreaci\u00f3n de un tsunamis. Sab\u00edas que a los tornados se les pone nombre de chica como Katrina.<\/h5>\n<h5>Nos ha contado muchas curiosidades como que en Jap\u00f3n hubo un tsunami de 85 metros.<\/h5>\n<p style=\"text-align:center\">\n<div class=\"control-the-use-of-cookies-box\" style=\"display:none;width:100%;cursor:pointer;padding:10px;border:1px solid #DDDDDD;background-color:#EEEEEE;color:#000000\" data-original-content=\"&lt;iframe title=&quot;Cat\u00e1strofes naturales&quot; src=&quot;https:\/\/www.slideshare.net\/slideshow\/embed_code\/key\/qSMVUhsK31bloK&quot; width=&quot;427&quot; height=&quot;356&quot; frameborder=&quot;0&quot; marginwidth=&quot;0&quot; marginheight=&quot;0&quot; scrolling=&quot;no&quot; style=&quot;border:1px solid #CCC; border-width:1px; margin-bottom:5px; max-width: 100%;&quot; allowfullscreen&gt; &lt;\/iframe&gt;\">Este elemento utiliza cookies, pincha sobre \u00e9l para verlo.<\/div>\n<div style=\"margin-bottom:5px\"> <strong> <a href=\"https:\/\/www.slideshare.net\/sextoalqueria\/catstrofes-naturales-27778164\" title=\"Cat\u00e1strofes naturales\" target=\"_blank\">Cat\u00e1strofes naturales<\/a> <\/strong> from <strong><a href=\"https:\/\/www.slideshare.net\/sextoalqueria\" target=\"_blank\">sextoalqueria<\/a><\/strong> <\/div>\n<\/p>\n<p><span style=\"color:#00ffff\">Por : Cristina y Celia.<\/span><\/p>\n","protected":false},"excerpt":{"rendered":"<p>Hoy ha sido la conferencia de Mateo sobre los cat\u00e1strofes y los fen\u00f3menos naturales. Para m\u00ed (Celia) lo ha hecho muy bien, lo ten\u00eda muy conseguido. La parte que m\u00e1s me ha gustado ha sido la de los tsunamis. (Celia y Cristina). Nos ha hablado sobre los huracanes, terremotos, tsunamis y volcanes. Nos han ense\u00f1ado [&hellip;]<\/p>\n","protected":false},"author":29,"featured_media":0,"comment_status":"open","ping_status":"open","sticky":false,"template":"","format":"standard","meta":{"jetpack_post_was_ever_published":false,"_jetpack_newsletter_access":"","_jetpack_dont_email_post_to_subs":false,"_jetpack_newsletter_tier_id":0,"_jetpack_memberships_contains_paywalled_content":false,"_jetpack_memberships_contains_paid_content":false,"footnotes":"","jetpack_publicize_message":"","jetpack_publicize_feature_enabled":true,"jetpack_social_post_already_shared":false,"jetpack_social_options":{"image_generator_settings":{"template":"highway","default_image_id":0,"font":"","enabled":false},"version":2}},"categories":[3,5,18,82],"tags":[100,382],"class_list":["post-7554","post","type-post","status-publish","format-standard","hentry","category-6o-epo","category-alumnos-6o-epo","category-conocimiento-del-medio","category-conferencias-6o","tag-catastrofes-naturales","tag-conferencias-6o"],"jetpack_publicize_connections":[],"jetpack_featured_media_url":"","jetpack_sharing_enabled":true,"jetpack_shortlink":"https:\/\/wp.me\/p4mLU4-1XQ","_links":{"self":[{"href":"https:\/\/www.alqueria.es\/blogs\/alqueriatercerciclo\/wp-json\/wp\/v2\/posts\/7554","targetHints":{"allow":["GET"]}}],"collection":[{"href":"https:\/\/www.alqueria.es\/blogs\/alqueriatercerciclo\/wp-json\/wp\/v2\/posts"}],"about":[{"href":"https:\/\/www.alqueria.es\/blogs\/alqueriatercerciclo\/wp-json\/wp\/v2\/types\/post"}],"author":[{"embeddable":true,"href":"https:\/\/www.alqueria.es\/blogs\/alqueriatercerciclo\/wp-json\/wp\/v2\/users\/29"}],"replies":[{"embeddable":true,"href":"https:\/\/www.alqueria.es\/blogs\/alqueriatercerciclo\/wp-json\/wp\/v2\/comments?post=7554"}],"version-history":[{"count":0,"href":"https:\/\/www.alqueria.es\/blogs\/alqueriatercerciclo\/wp-json\/wp\/v2\/posts\/7554\/revisions"}],"wp:attachment":[{"href":"https:\/\/www.alqueria.es\/blogs\/alqueriatercerciclo\/wp-json\/wp\/v2\/media?parent=7554"}],"wp:term":[{"taxonomy":"category","embeddable":true,"href":"https:\/\/www.alqueria.es\/blogs\/alqueriatercerciclo\/wp-json\/wp\/v2\/categories?post=7554"},{"taxonomy":"post_tag","embeddable":true,"href":"https:\/\/www.alqueria.es\/blogs\/alqueriatercerciclo\/wp-json\/wp\/v2\/tags?post=7554"}],"curies":[{"name":"wp","href":"https:\/\/api.w.org\/{rel}","templated":true}]}}