{"id":7589,"date":"2013-11-13T13:51:30","date_gmt":"2013-11-13T12:51:30","guid":{"rendered":"http:\/\/alqueriatercerciclo.wordpress.com\/?p=7589"},"modified":"2013-11-13T13:51:30","modified_gmt":"2013-11-13T12:51:30","slug":"el-universo-conferencia-de-sara","status":"publish","type":"post","link":"https:\/\/www.alqueria.es\/blogs\/alqueriatercerciclo\/2013\/11\/13\/el-universo-conferencia-de-sara\/","title":{"rendered":"\u00abEl universo\u00bb, conferencia de Sara"},"content":{"rendered":"<div id=\"attachment_7590\" style=\"width: 310px\" class=\"wp-caption aligncenter\"><img decoding=\"async\" aria-describedby=\"caption-attachment-7590\" data-attachment-id=\"7590\" data-permalink=\"https:\/\/www.alqueria.es\/blogs\/alqueriatercerciclo\/2013\/11\/13\/el-universo-conferencia-de-sara\/dsc07625\/#main\" data-orig-file=\"https:\/\/www.alqueria.es\/blogs\/alqueriatercerciclo\/wp-content\/uploads\/sites\/13\/2013\/11\/dsc07625.jpg\" data-orig-size=\"1024,768\" data-comments-opened=\"1\" data-image-meta=\"{&quot;aperture&quot;:&quot;0&quot;,&quot;credit&quot;:&quot;&quot;,&quot;camera&quot;:&quot;&quot;,&quot;caption&quot;:&quot;&quot;,&quot;created_timestamp&quot;:&quot;0&quot;,&quot;copyright&quot;:&quot;&quot;,&quot;focal_length&quot;:&quot;0&quot;,&quot;iso&quot;:&quot;0&quot;,&quot;shutter_speed&quot;:&quot;0&quot;,&quot;title&quot;:&quot;&quot;}\" data-image-title=\"Sara conferencia universo\" data-image-description=\"\" data-image-caption=\"&lt;p&gt;Sara exponiendo su conferencia&lt;\/p&gt;\n\" data-large-file=\"https:\/\/www.alqueria.es\/blogs\/alqueriatercerciclo\/wp-content\/uploads\/sites\/13\/2013\/11\/dsc07625-1024x768.jpg\" class=\"size-medium wp-image-7590\" alt=\"Sara exponiendo su conferencia\" src=\"https:\/\/cloud.alqueria.es\/wp-content\/uploads\/sites\/13\/2013\/11\/dsc07625.jpg?w=300\" width=\"300\" height=\"225\" srcset=\"https:\/\/www.alqueria.es\/blogs\/alqueriatercerciclo\/wp-content\/uploads\/sites\/13\/2013\/11\/dsc07625.jpg 1024w, https:\/\/www.alqueria.es\/blogs\/alqueriatercerciclo\/wp-content\/uploads\/sites\/13\/2013\/11\/dsc07625-300x225.jpg 300w\" sizes=\"(max-width: 300px) 100vw, 300px\" \/><p id=\"caption-attachment-7590\" class=\"wp-caption-text\">Sara exponiendo su conferencia<\/p><\/div>\n<h5>Hoy, Sara ha hecho su conferencia sobre el universo. Para mi (Celia) le ha salido muy bien, se la ha estado preparando un mes. Toda la clase hemos aprendido cosas nuevas, como qu\u00e9 es una a\u00f1o luz, qu\u00e9 es el recorrido de la luz en un a\u00f1o, galaxias, sat\u00e9lites de otros planetas, solsticios, tr\u00f3picos, agujeros negros, etc.<\/h5>\n<h5>La parte que m\u00e1s me ha gustado ha sido la de los agujeros negros. Ha explicado muchas cosas nuevas que ver\u00e9is en la conferencia que est\u00e1 aqu\u00ed abajo.<\/h5>\n<p><span style=\"color:#ff0000\">Celia.<\/span><\/p>\n<div class=\"control-the-use-of-cookies-box\" style=\"display:none;width:100%;cursor:pointer;padding:10px;border:1px solid #DDDDDD;background-color:#EEEEEE;color:#000000\" data-original-content=\"&lt;iframe title=&quot;El universo&quot; src=&quot;https:\/\/www.slideshare.net\/slideshow\/embed_code\/key\/C0eSqDFMlcXnZd&quot; width=&quot;427&quot; height=&quot;356&quot; frameborder=&quot;0&quot; marginwidth=&quot;0&quot; marginheight=&quot;0&quot; scrolling=&quot;no&quot; style=&quot;border:1px solid #CCC; border-width:1px; margin-bottom:5px; max-width: 100%;&quot; allowfullscreen&gt; &lt;\/iframe&gt;\">Este elemento utiliza cookies, pincha sobre \u00e9l para verlo.<\/div>\n<div style=\"margin-bottom:5px\"> <strong> <a href=\"https:\/\/www.slideshare.net\/sextoalqueria\/el-universo-28195502\" title=\"El universo\" target=\"_blank\">El universo<\/a> <\/strong> from <strong><a href=\"https:\/\/www.slideshare.net\/sextoalqueria\" target=\"_blank\">sextoalqueria<\/a><\/strong> <\/div>\n","protected":false},"excerpt":{"rendered":"<p>Hoy, Sara ha hecho su conferencia sobre el universo. Para mi (Celia) le ha salido muy bien, se la ha estado preparando un mes. Toda la clase hemos aprendido cosas nuevas, como qu\u00e9 es una a\u00f1o luz, qu\u00e9 es el recorrido de la luz en un a\u00f1o, galaxias, sat\u00e9lites de otros planetas, solsticios, tr\u00f3picos, agujeros [&hellip;]<\/p>\n","protected":false},"author":29,"featured_media":0,"comment_status":"open","ping_status":"open","sticky":false,"template":"","format":"standard","meta":{"jetpack_post_was_ever_published":false,"_jetpack_newsletter_access":"","_jetpack_dont_email_post_to_subs":false,"_jetpack_newsletter_tier_id":0,"_jetpack_memberships_contains_paywalled_content":false,"_jetpack_memberships_contains_paid_content":false,"footnotes":"","jetpack_publicize_message":"","jetpack_publicize_feature_enabled":true,"jetpack_social_post_already_shared":false,"jetpack_social_options":{"image_generator_settings":{"template":"highway","default_image_id":0,"font":"","enabled":false},"version":2}},"categories":[3,5],"tags":[382,181],"class_list":["post-7589","post","type-post","status-publish","format-standard","hentry","category-6o-epo","category-alumnos-6o-epo","tag-conferencias-6o","tag-universo"],"jetpack_publicize_connections":[],"jetpack_featured_media_url":"","jetpack_sharing_enabled":true,"jetpack_shortlink":"https:\/\/wp.me\/p4mLU4-1Yp","_links":{"self":[{"href":"https:\/\/www.alqueria.es\/blogs\/alqueriatercerciclo\/wp-json\/wp\/v2\/posts\/7589","targetHints":{"allow":["GET"]}}],"collection":[{"href":"https:\/\/www.alqueria.es\/blogs\/alqueriatercerciclo\/wp-json\/wp\/v2\/posts"}],"about":[{"href":"https:\/\/www.alqueria.es\/blogs\/alqueriatercerciclo\/wp-json\/wp\/v2\/types\/post"}],"author":[{"embeddable":true,"href":"https:\/\/www.alqueria.es\/blogs\/alqueriatercerciclo\/wp-json\/wp\/v2\/users\/29"}],"replies":[{"embeddable":true,"href":"https:\/\/www.alqueria.es\/blogs\/alqueriatercerciclo\/wp-json\/wp\/v2\/comments?post=7589"}],"version-history":[{"count":0,"href":"https:\/\/www.alqueria.es\/blogs\/alqueriatercerciclo\/wp-json\/wp\/v2\/posts\/7589\/revisions"}],"wp:attachment":[{"href":"https:\/\/www.alqueria.es\/blogs\/alqueriatercerciclo\/wp-json\/wp\/v2\/media?parent=7589"}],"wp:term":[{"taxonomy":"category","embeddable":true,"href":"https:\/\/www.alqueria.es\/blogs\/alqueriatercerciclo\/wp-json\/wp\/v2\/categories?post=7589"},{"taxonomy":"post_tag","embeddable":true,"href":"https:\/\/www.alqueria.es\/blogs\/alqueriatercerciclo\/wp-json\/wp\/v2\/tags?post=7589"}],"curies":[{"name":"wp","href":"https:\/\/api.w.org\/{rel}","templated":true}]}}