{"id":7656,"date":"2013-11-25T15:19:58","date_gmt":"2013-11-25T14:19:58","guid":{"rendered":"http:\/\/alqueriatercerciclo.wordpress.com\/?p=7656"},"modified":"2014-03-20T21:53:29","modified_gmt":"2014-03-20T21:53:29","slug":"conferencia-de-javier-g","status":"publish","type":"post","link":"https:\/\/www.alqueria.es\/blogs\/alqueriatercerciclo\/2013\/11\/25\/conferencia-de-javier-g\/","title":{"rendered":"Conferencia de Javier G."},"content":{"rendered":"<h5>Hoy 25 de noviembre, hemos recibido una gran conferencia de<span style=\"color: #0000ff\"> Animales Marinos por Javi.<\/span><\/h5>\n<h5>Para nosotros, ha sido una conferencia bastante interesante y especial. Hemos aprendido muchas cosas que no sab\u00edamos. Ha sido fant\u00e1stica y encantadora. Es \u00a0como un repaso a todo lo que hemos investigado en clase sobre animales invertebrados, pero para nosotros ha sido mucho m\u00e1s.<\/h5>\n<h5>Esperamos que os guste tanto como a nosotras, aqu\u00ed ten\u00e9is su presentaci\u00f3n.<\/h5>\n<p><span style=\"color: #ff0000\">Conferencia de Javi<\/span><\/p>\n\n\t\t<style type=\"text\/css\">\n\t\t\t#gallery-1 {\n\t\t\t\tmargin: auto;\n\t\t\t}\n\t\t\t#gallery-1 .gallery-item {\n\t\t\t\tfloat: left;\n\t\t\t\tmargin-top: 10px;\n\t\t\t\ttext-align: center;\n\t\t\t\twidth: 33%;\n\t\t\t}\n\t\t\t#gallery-1 img {\n\t\t\t\tborder: 2px solid #cfcfcf;\n\t\t\t}\n\t\t\t#gallery-1 .gallery-caption {\n\t\t\t\tmargin-left: 0;\n\t\t\t}\n\t\t\t\/* see gallery_shortcode() in wp-includes\/media.php *\/\n\t\t<\/style>\n\t\t<div data-carousel-extra='{&quot;blog_id&quot;:13,&quot;permalink&quot;:&quot;https:\/\/www.alqueria.es\/blogs\/alqueriatercerciclo\/2013\/11\/25\/conferencia-de-javier-g\/&quot;}' id='gallery-1' class='gallery galleryid-7656 gallery-columns-3 gallery-size-thumbnail'><dl class='gallery-item'>\n\t\t\t<dt class='gallery-icon landscape'>\n\t\t\t\t<a href='https:\/\/www.alqueria.es\/blogs\/alqueriatercerciclo\/2013\/11\/25\/conferencia-de-javier-g\/dsc07709\/#main'><img decoding=\"async\" width=\"150\" height=\"150\" src=\"https:\/\/www.alqueria.es\/blogs\/alqueriatercerciclo\/wp-content\/uploads\/sites\/13\/2013\/11\/dsc07709-150x150.jpg\" class=\"attachment-thumbnail size-thumbnail\" alt=\"\" data-attachment-id=\"7659\" data-permalink=\"https:\/\/www.alqueria.es\/blogs\/alqueriatercerciclo\/2013\/11\/25\/conferencia-de-javier-g\/dsc07709\/#main\" data-orig-file=\"https:\/\/www.alqueria.es\/blogs\/alqueriatercerciclo\/wp-content\/uploads\/sites\/13\/2013\/11\/dsc07709.jpg\" data-orig-size=\"1024,768\" data-comments-opened=\"1\" data-image-meta=\"{&quot;aperture&quot;:&quot;0&quot;,&quot;credit&quot;:&quot;&quot;,&quot;camera&quot;:&quot;&quot;,&quot;caption&quot;:&quot;&quot;,&quot;created_timestamp&quot;:&quot;0&quot;,&quot;copyright&quot;:&quot;&quot;,&quot;focal_length&quot;:&quot;0&quot;,&quot;iso&quot;:&quot;0&quot;,&quot;shutter_speed&quot;:&quot;0&quot;,&quot;title&quot;:&quot;&quot;}\" data-image-title=\"DSC07709\" data-image-description=\"\" data-image-caption=\"\" data-large-file=\"https:\/\/www.alqueria.es\/blogs\/alqueriatercerciclo\/wp-content\/uploads\/sites\/13\/2013\/11\/dsc07709-1024x768.jpg\" \/><\/a>\n\t\t\t<\/dt><\/dl><dl class='gallery-item'>\n\t\t\t<dt class='gallery-icon landscape'>\n\t\t\t\t<a href='https:\/\/www.alqueria.es\/blogs\/alqueriatercerciclo\/2013\/11\/25\/conferencia-de-javier-g\/dsc07714\/#main'><img decoding=\"async\" width=\"150\" height=\"150\" src=\"https:\/\/www.alqueria.es\/blogs\/alqueriatercerciclo\/wp-content\/uploads\/sites\/13\/2013\/11\/dsc07714-150x150.jpg\" class=\"attachment-thumbnail size-thumbnail\" alt=\"\" data-attachment-id=\"7660\" data-permalink=\"https:\/\/www.alqueria.es\/blogs\/alqueriatercerciclo\/2013\/11\/25\/conferencia-de-javier-g\/dsc07714\/#main\" data-orig-file=\"https:\/\/www.alqueria.es\/blogs\/alqueriatercerciclo\/wp-content\/uploads\/sites\/13\/2013\/11\/dsc07714.jpg\" data-orig-size=\"1024,768\" data-comments-opened=\"1\" data-image-meta=\"{&quot;aperture&quot;:&quot;0&quot;,&quot;credit&quot;:&quot;&quot;,&quot;camera&quot;:&quot;&quot;,&quot;caption&quot;:&quot;&quot;,&quot;created_timestamp&quot;:&quot;0&quot;,&quot;copyright&quot;:&quot;&quot;,&quot;focal_length&quot;:&quot;0&quot;,&quot;iso&quot;:&quot;0&quot;,&quot;shutter_speed&quot;:&quot;0&quot;,&quot;title&quot;:&quot;&quot;}\" data-image-title=\"DSC07714\" data-image-description=\"\" data-image-caption=\"\" data-large-file=\"https:\/\/www.alqueria.es\/blogs\/alqueriatercerciclo\/wp-content\/uploads\/sites\/13\/2013\/11\/dsc07714-1024x768.jpg\" \/><\/a>\n\t\t\t<\/dt><\/dl><dl class='gallery-item'>\n\t\t\t<dt class='gallery-icon landscape'>\n\t\t\t\t<a href='https:\/\/www.alqueria.es\/blogs\/alqueriatercerciclo\/2013\/11\/25\/conferencia-de-javier-g\/dsc07712\/#main'><img decoding=\"async\" width=\"150\" height=\"150\" src=\"https:\/\/www.alqueria.es\/blogs\/alqueriatercerciclo\/wp-content\/uploads\/sites\/13\/2013\/11\/dsc07712-150x150.jpg\" class=\"attachment-thumbnail size-thumbnail\" alt=\"\" data-attachment-id=\"7661\" data-permalink=\"https:\/\/www.alqueria.es\/blogs\/alqueriatercerciclo\/2013\/11\/25\/conferencia-de-javier-g\/dsc07712\/#main\" data-orig-file=\"https:\/\/www.alqueria.es\/blogs\/alqueriatercerciclo\/wp-content\/uploads\/sites\/13\/2013\/11\/dsc07712.jpg\" data-orig-size=\"1024,768\" data-comments-opened=\"1\" data-image-meta=\"{&quot;aperture&quot;:&quot;0&quot;,&quot;credit&quot;:&quot;&quot;,&quot;camera&quot;:&quot;&quot;,&quot;caption&quot;:&quot;&quot;,&quot;created_timestamp&quot;:&quot;0&quot;,&quot;copyright&quot;:&quot;&quot;,&quot;focal_length&quot;:&quot;0&quot;,&quot;iso&quot;:&quot;0&quot;,&quot;shutter_speed&quot;:&quot;0&quot;,&quot;title&quot;:&quot;&quot;}\" data-image-title=\"DSC07712\" data-image-description=\"\" data-image-caption=\"\" data-large-file=\"https:\/\/www.alqueria.es\/blogs\/alqueriatercerciclo\/wp-content\/uploads\/sites\/13\/2013\/11\/dsc07712-1024x768.jpg\" \/><\/a>\n\t\t\t<\/dt><\/dl><br style=\"clear: both\" \/>\n\t\t<\/div>\n\n<div class=\"control-the-use-of-cookies-box\" style=\"display:none;width:100%;cursor:pointer;padding:10px;border:1px solid #DDDDDD;background-color:#EEEEEE;color:#000000\" data-original-content=\"&lt;iframe title=&quot;Animales marinos conferencia javier g&quot; src=&quot;https:\/\/www.slideshare.net\/slideshow\/embed_code\/key\/dGmOG9nheFc6EY&quot; width=&quot;427&quot; height=&quot;356&quot; frameborder=&quot;0&quot; marginwidth=&quot;0&quot; marginheight=&quot;0&quot; scrolling=&quot;no&quot; style=&quot;border:1px solid #CCC; border-width:1px; margin-bottom:5px; max-width: 100%;&quot; allowfullscreen&gt; &lt;\/iframe&gt;\">Este elemento utiliza cookies, pincha sobre \u00e9l para verlo.<\/div>\n<div style=\"margin-bottom:5px\"> <strong> <a href=\"https:\/\/www.slideshare.net\/josealqueria\/animales-marinos-conferencia-javier-g\" title=\"Animales marinos conferencia javier g\" target=\"_blank\">Animales marinos conferencia javier g<\/a> <\/strong> from <strong><a href=\"https:\/\/www.slideshare.net\/josealqueria\" target=\"_blank\">josealqueria<\/a><\/strong> <\/div>\n","protected":false},"excerpt":{"rendered":"<p>Hoy 25 de noviembre, hemos recibido una gran conferencia de Animales Marinos por Javi. Para nosotros, ha sido una conferencia bastante interesante y especial. Hemos aprendido muchas cosas que no sab\u00edamos. Ha sido fant\u00e1stica y encantadora. Es \u00a0como un repaso a todo lo que hemos investigado en clase sobre animales invertebrados, pero para nosotros ha [&hellip;]<\/p>\n","protected":false},"author":30,"featured_media":0,"comment_status":"open","ping_status":"open","sticky":false,"template":"","format":"standard","meta":{"jetpack_post_was_ever_published":false,"_jetpack_newsletter_access":"","_jetpack_dont_email_post_to_subs":false,"_jetpack_newsletter_tier_id":0,"_jetpack_memberships_contains_paywalled_content":false,"_jetpack_memberships_contains_paid_content":false,"footnotes":"","jetpack_publicize_message":"","jetpack_publicize_feature_enabled":true,"jetpack_social_post_already_shared":false,"jetpack_social_options":{"image_generator_settings":{"template":"highway","default_image_id":0,"font":"","enabled":false},"version":2}},"categories":[2,4,81],"tags":[93,107,199],"class_list":["post-7656","post","type-post","status-publish","format-standard","hentry","category-5o-epo","category-alumnos-5o-epo","category-conferencias-5o","tag-animales-marinos","tag-conferencia","tag-slideshare"],"jetpack_publicize_connections":[],"jetpack_featured_media_url":"","jetpack_sharing_enabled":true,"jetpack_shortlink":"https:\/\/wp.me\/p4mLU4-1Zu","_links":{"self":[{"href":"https:\/\/www.alqueria.es\/blogs\/alqueriatercerciclo\/wp-json\/wp\/v2\/posts\/7656","targetHints":{"allow":["GET"]}}],"collection":[{"href":"https:\/\/www.alqueria.es\/blogs\/alqueriatercerciclo\/wp-json\/wp\/v2\/posts"}],"about":[{"href":"https:\/\/www.alqueria.es\/blogs\/alqueriatercerciclo\/wp-json\/wp\/v2\/types\/post"}],"author":[{"embeddable":true,"href":"https:\/\/www.alqueria.es\/blogs\/alqueriatercerciclo\/wp-json\/wp\/v2\/users\/30"}],"replies":[{"embeddable":true,"href":"https:\/\/www.alqueria.es\/blogs\/alqueriatercerciclo\/wp-json\/wp\/v2\/comments?post=7656"}],"version-history":[{"count":0,"href":"https:\/\/www.alqueria.es\/blogs\/alqueriatercerciclo\/wp-json\/wp\/v2\/posts\/7656\/revisions"}],"wp:attachment":[{"href":"https:\/\/www.alqueria.es\/blogs\/alqueriatercerciclo\/wp-json\/wp\/v2\/media?parent=7656"}],"wp:term":[{"taxonomy":"category","embeddable":true,"href":"https:\/\/www.alqueria.es\/blogs\/alqueriatercerciclo\/wp-json\/wp\/v2\/categories?post=7656"},{"taxonomy":"post_tag","embeddable":true,"href":"https:\/\/www.alqueria.es\/blogs\/alqueriatercerciclo\/wp-json\/wp\/v2\/tags?post=7656"}],"curies":[{"name":"wp","href":"https:\/\/api.w.org\/{rel}","templated":true}]}}