{"id":7725,"date":"2013-12-03T16:55:22","date_gmt":"2013-12-03T15:55:22","guid":{"rendered":"http:\/\/alqueriatercerciclo.wordpress.com\/?p=7725"},"modified":"2013-12-03T16:55:22","modified_gmt":"2013-12-03T15:55:22","slug":"ramon-y-cajal-las-neuronas-por-alvaro-r","status":"publish","type":"post","link":"https:\/\/www.alqueria.es\/blogs\/alqueriatercerciclo\/2013\/12\/03\/ramon-y-cajal-las-neuronas-por-alvaro-r\/","title":{"rendered":"Ram\u00f3n y Cajal (las neuronas) por \u00c1lvaro R."},"content":{"rendered":"<div class=\"control-the-use-of-cookies-box\" style=\"display:none;width:100%;cursor:pointer;padding:10px;border:1px solid #DDDDDD;background-color:#EEEEEE;color:#000000\" data-original-content=\"&lt;iframe title=&quot;Conferencia Ram\u00f3n y Cajal&quot; src=&quot;https:\/\/www.slideshare.net\/slideshow\/embed_code\/key\/8VP5iaBGIPPD6S&quot; width=&quot;427&quot; height=&quot;356&quot; frameborder=&quot;0&quot; marginwidth=&quot;0&quot; marginheight=&quot;0&quot; scrolling=&quot;no&quot; style=&quot;border:1px solid #CCC; border-width:1px; margin-bottom:5px; max-width: 100%;&quot; allowfullscreen&gt; &lt;\/iframe&gt;\">Este elemento utiliza cookies, pincha sobre \u00e9l para verlo.<\/div>\n<div style=\"margin-bottom:5px\"> <strong> <a href=\"https:\/\/www.slideshare.net\/sextoalqueria\/conferencia-ramn-y-cajal\" title=\"Conferencia Ram\u00f3n y Cajal\" target=\"_blank\">Conferencia Ram\u00f3n y Cajal<\/a> <\/strong> from <strong><a href=\"https:\/\/www.slideshare.net\/sextoalqueria\" target=\"_blank\">sextoalqueria<\/a><\/strong> <\/div>\n<h5>\u00c1lvaro R. nos ofreci\u00f3 ayer su conferencia sobre la vida de Ram\u00f3n y Cajal, su teor\u00eda neuronal, tipos de neuronas y la relaci\u00f3n entre todas ellas.<\/h5>\n<h5>Una cosa de las que la gente se suele confundir es que las neuronas no solo est\u00e1n en el cerebro sino en todo el cuerpo.<\/h5>\n<h5>Era curioso saber que cuando una persona bosteza, por las neuronas espejo, que se activan hacen que t\u00fa tambi\u00e9n bosteces.<\/h5>\n<p><img decoding=\"async\" data-attachment-id=\"7726\" data-permalink=\"https:\/\/www.alqueria.es\/blogs\/alqueriatercerciclo\/2013\/12\/03\/ramon-y-cajal-las-neuronas-por-alvaro-r\/dscn1455\/#main\" data-orig-file=\"https:\/\/www.alqueria.es\/blogs\/alqueriatercerciclo\/wp-content\/uploads\/sites\/13\/2013\/12\/dscn1455.jpg\" data-orig-size=\"1024,768\" data-comments-opened=\"1\" data-image-meta=\"{&quot;aperture&quot;:&quot;0&quot;,&quot;credit&quot;:&quot;&quot;,&quot;camera&quot;:&quot;&quot;,&quot;caption&quot;:&quot;&quot;,&quot;created_timestamp&quot;:&quot;0&quot;,&quot;copyright&quot;:&quot;&quot;,&quot;focal_length&quot;:&quot;0&quot;,&quot;iso&quot;:&quot;0&quot;,&quot;shutter_speed&quot;:&quot;0&quot;,&quot;title&quot;:&quot;&quot;}\" data-image-title=\"DSCN1455\" data-image-description=\"\" data-image-caption=\"\" data-large-file=\"https:\/\/www.alqueria.es\/blogs\/alqueriatercerciclo\/wp-content\/uploads\/sites\/13\/2013\/12\/dscn1455-1024x768.jpg\" class=\"alignleft size-thumbnail wp-image-7726\" alt=\"DSCN1455\" src=\"https:\/\/cloud.alqueria.es\/wp-content\/uploads\/sites\/13\/2013\/12\/dscn1455.jpg?w=150\" width=\"150\" height=\"112\" srcset=\"https:\/\/www.alqueria.es\/blogs\/alqueriatercerciclo\/wp-content\/uploads\/sites\/13\/2013\/12\/dscn1455.jpg 1024w, https:\/\/www.alqueria.es\/blogs\/alqueriatercerciclo\/wp-content\/uploads\/sites\/13\/2013\/12\/dscn1455-300x225.jpg 300w\" sizes=\"(max-width: 150px) 100vw, 150px\" \/><\/p>\n<p><img decoding=\"async\" data-attachment-id=\"7727\" data-permalink=\"https:\/\/www.alqueria.es\/blogs\/alqueriatercerciclo\/2013\/12\/03\/ramon-y-cajal-las-neuronas-por-alvaro-r\/dscn1454\/#main\" data-orig-file=\"https:\/\/www.alqueria.es\/blogs\/alqueriatercerciclo\/wp-content\/uploads\/sites\/13\/2013\/12\/dscn1454.jpg\" data-orig-size=\"1024,768\" data-comments-opened=\"1\" data-image-meta=\"{&quot;aperture&quot;:&quot;0&quot;,&quot;credit&quot;:&quot;&quot;,&quot;camera&quot;:&quot;&quot;,&quot;caption&quot;:&quot;&quot;,&quot;created_timestamp&quot;:&quot;0&quot;,&quot;copyright&quot;:&quot;&quot;,&quot;focal_length&quot;:&quot;0&quot;,&quot;iso&quot;:&quot;0&quot;,&quot;shutter_speed&quot;:&quot;0&quot;,&quot;title&quot;:&quot;&quot;}\" data-image-title=\"DSCN1454\" data-image-description=\"\" data-image-caption=\"\" data-large-file=\"https:\/\/www.alqueria.es\/blogs\/alqueriatercerciclo\/wp-content\/uploads\/sites\/13\/2013\/12\/dscn1454-1024x768.jpg\" class=\"alignright size-thumbnail wp-image-7727\" alt=\"DSCN1454\" src=\"https:\/\/cloud.alqueria.es\/wp-content\/uploads\/sites\/13\/2013\/12\/dscn1454.jpg?w=150\" width=\"150\" height=\"112\" srcset=\"https:\/\/www.alqueria.es\/blogs\/alqueriatercerciclo\/wp-content\/uploads\/sites\/13\/2013\/12\/dscn1454.jpg 1024w, https:\/\/www.alqueria.es\/blogs\/alqueriatercerciclo\/wp-content\/uploads\/sites\/13\/2013\/12\/dscn1454-300x225.jpg 300w\" sizes=\"(max-width: 150px) 100vw, 150px\" \/><\/p>\n","protected":false},"excerpt":{"rendered":"<p>Este elemento utiliza cookies, pincha sobre \u00e9l para verlo. Conferencia Ram\u00f3n y Cajal from sextoalqueria \u00c1lvaro R. nos ofreci\u00f3 ayer su conferencia sobre la vida de Ram\u00f3n y Cajal, su teor\u00eda neuronal, tipos de neuronas y la relaci\u00f3n entre todas ellas. Una cosa de las que la gente se suele confundir es que las neuronas [&hellip;]<\/p>\n","protected":false},"author":29,"featured_media":0,"comment_status":"open","ping_status":"open","sticky":false,"template":"","format":"standard","meta":{"jetpack_post_was_ever_published":false,"_jetpack_newsletter_access":"","_jetpack_dont_email_post_to_subs":false,"_jetpack_newsletter_tier_id":0,"_jetpack_memberships_contains_paywalled_content":false,"_jetpack_memberships_contains_paid_content":false,"footnotes":"","jetpack_publicize_message":"","jetpack_publicize_feature_enabled":true,"jetpack_social_post_already_shared":false,"jetpack_social_options":{"image_generator_settings":{"template":"highway","default_image_id":0,"font":"","enabled":false},"version":2}},"categories":[3,5,18,82],"tags":[382,150,163],"class_list":["post-7725","post","type-post","status-publish","format-standard","hentry","category-6o-epo","category-alumnos-6o-epo","category-conocimiento-del-medio","category-conferencias-6o","tag-conferencias-6o","tag-neuronas","tag-ramon-y-cajal"],"jetpack_publicize_connections":[],"jetpack_featured_media_url":"","jetpack_sharing_enabled":true,"jetpack_shortlink":"https:\/\/wp.me\/p4mLU4-20B","_links":{"self":[{"href":"https:\/\/www.alqueria.es\/blogs\/alqueriatercerciclo\/wp-json\/wp\/v2\/posts\/7725","targetHints":{"allow":["GET"]}}],"collection":[{"href":"https:\/\/www.alqueria.es\/blogs\/alqueriatercerciclo\/wp-json\/wp\/v2\/posts"}],"about":[{"href":"https:\/\/www.alqueria.es\/blogs\/alqueriatercerciclo\/wp-json\/wp\/v2\/types\/post"}],"author":[{"embeddable":true,"href":"https:\/\/www.alqueria.es\/blogs\/alqueriatercerciclo\/wp-json\/wp\/v2\/users\/29"}],"replies":[{"embeddable":true,"href":"https:\/\/www.alqueria.es\/blogs\/alqueriatercerciclo\/wp-json\/wp\/v2\/comments?post=7725"}],"version-history":[{"count":0,"href":"https:\/\/www.alqueria.es\/blogs\/alqueriatercerciclo\/wp-json\/wp\/v2\/posts\/7725\/revisions"}],"wp:attachment":[{"href":"https:\/\/www.alqueria.es\/blogs\/alqueriatercerciclo\/wp-json\/wp\/v2\/media?parent=7725"}],"wp:term":[{"taxonomy":"category","embeddable":true,"href":"https:\/\/www.alqueria.es\/blogs\/alqueriatercerciclo\/wp-json\/wp\/v2\/categories?post=7725"},{"taxonomy":"post_tag","embeddable":true,"href":"https:\/\/www.alqueria.es\/blogs\/alqueriatercerciclo\/wp-json\/wp\/v2\/tags?post=7725"}],"curies":[{"name":"wp","href":"https:\/\/api.w.org\/{rel}","templated":true}]}}