{"id":7731,"date":"2013-12-04T15:27:52","date_gmt":"2013-12-04T14:27:52","guid":{"rendered":"http:\/\/alqueriatercerciclo.wordpress.com\/?p=7731"},"modified":"2013-12-04T15:27:52","modified_gmt":"2013-12-04T14:27:52","slug":"el-cerebro-por-cristina","status":"publish","type":"post","link":"https:\/\/www.alqueria.es\/blogs\/alqueriatercerciclo\/2013\/12\/04\/el-cerebro-por-cristina\/","title":{"rendered":"\u00abEl cerebro\u00bb por Cristina"},"content":{"rendered":"<div class=\"control-the-use-of-cookies-box\" style=\"display:none;width:100%;cursor:pointer;padding:10px;border:1px solid #DDDDDD;background-color:#EEEEEE;color:#000000\" data-original-content=\"&lt;iframe title=&quot;El Cerebro&quot; src=&quot;https:\/\/www.slideshare.net\/slideshow\/embed_code\/key\/Lyy6eOTS1OvDAS&quot; width=&quot;427&quot; height=&quot;356&quot; frameborder=&quot;0&quot; marginwidth=&quot;0&quot; marginheight=&quot;0&quot; scrolling=&quot;no&quot; style=&quot;border:1px solid #CCC; border-width:1px; margin-bottom:5px; max-width: 100%;&quot; allowfullscreen&gt; &lt;\/iframe&gt;\">Este elemento utiliza cookies, pincha sobre \u00e9l para verlo.<\/div>\n<div style=\"margin-bottom:5px\"> <strong> <a href=\"https:\/\/www.slideshare.net\/sextoalqueria\/el-cerebro-28883086\" title=\"El Cerebro\" target=\"_blank\">El Cerebro<\/a> <\/strong> from <strong><a href=\"https:\/\/www.slideshare.net\/sextoalqueria\" target=\"_blank\">sextoalqueria<\/a><\/strong> <\/div>\n<h5>Nuestra compa\u00f1era de sexto, Cristina, nos ha ofrecido esta ma\u00f1ana su conferencia sobre el cerebro. Estamos desarrollando este tema en el proyecto de conocimiento del medio y nos ha servido para ampliar informaci\u00f3n.<\/h5>\n<h5>Hemos hecho una experiencia para averiguar la edad de tu cerebro. Lo hemos hecho en grupo y la edad que ha salido es mucha. Era recordar los n\u00fameros que aparec\u00edan durante un segundo en la pizarra y recordarlos de menor a mayor.<\/h5>\n<h5>Otra actividad fue decir los colores con los que estaban coloreadas algunas palabras (colores: <span style=\"color:#ff0000\">VERDE<\/span>, <span style=\"color:#0000ff\">ROJO<\/span>,<span style=\"color:#ff9900\"> NEGRO<\/span>, <span style=\"color:#ff00ff\">AMARILLO<\/span>&#8230;).<\/h5>\n<p><img decoding=\"async\" data-attachment-id=\"7734\" data-permalink=\"https:\/\/www.alqueria.es\/blogs\/alqueriatercerciclo\/2013\/12\/04\/el-cerebro-por-cristina\/dscn1540\/#main\" data-orig-file=\"https:\/\/www.alqueria.es\/blogs\/alqueriatercerciclo\/wp-content\/uploads\/sites\/13\/2013\/12\/dscn1540.jpg\" data-orig-size=\"1024,768\" data-comments-opened=\"1\" data-image-meta=\"{&quot;aperture&quot;:&quot;0&quot;,&quot;credit&quot;:&quot;&quot;,&quot;camera&quot;:&quot;&quot;,&quot;caption&quot;:&quot;&quot;,&quot;created_timestamp&quot;:&quot;0&quot;,&quot;copyright&quot;:&quot;&quot;,&quot;focal_length&quot;:&quot;0&quot;,&quot;iso&quot;:&quot;0&quot;,&quot;shutter_speed&quot;:&quot;0&quot;,&quot;title&quot;:&quot;&quot;}\" data-image-title=\"DSCN1540\" data-image-description=\"\" data-image-caption=\"\" data-large-file=\"https:\/\/www.alqueria.es\/blogs\/alqueriatercerciclo\/wp-content\/uploads\/sites\/13\/2013\/12\/dscn1540-1024x768.jpg\" class=\"aligncenter size-thumbnail wp-image-7734\" alt=\"DSCN1540\" src=\"https:\/\/cloud.alqueria.es\/wp-content\/uploads\/sites\/13\/2013\/12\/dscn1540.jpg?w=150\" width=\"150\" height=\"112\" srcset=\"https:\/\/www.alqueria.es\/blogs\/alqueriatercerciclo\/wp-content\/uploads\/sites\/13\/2013\/12\/dscn1540.jpg 1024w, https:\/\/www.alqueria.es\/blogs\/alqueriatercerciclo\/wp-content\/uploads\/sites\/13\/2013\/12\/dscn1540-300x225.jpg 300w\" sizes=\"(max-width: 150px) 100vw, 150px\" \/><\/p>\n","protected":false},"excerpt":{"rendered":"<p>Este elemento utiliza cookies, pincha sobre \u00e9l para verlo. El Cerebro from sextoalqueria Nuestra compa\u00f1era de sexto, Cristina, nos ha ofrecido esta ma\u00f1ana su conferencia sobre el cerebro. Estamos desarrollando este tema en el proyecto de conocimiento del medio y nos ha servido para ampliar informaci\u00f3n. Hemos hecho una experiencia para averiguar la edad de [&hellip;]<\/p>\n","protected":false},"author":29,"featured_media":0,"comment_status":"open","ping_status":"open","sticky":false,"template":"","format":"standard","meta":{"jetpack_post_was_ever_published":false,"_jetpack_newsletter_access":"","_jetpack_dont_email_post_to_subs":false,"_jetpack_newsletter_tier_id":0,"_jetpack_memberships_contains_paywalled_content":false,"_jetpack_memberships_contains_paid_content":false,"footnotes":"","jetpack_publicize_message":"","jetpack_publicize_feature_enabled":true,"jetpack_social_post_already_shared":false,"jetpack_social_options":{"image_generator_settings":{"template":"highway","default_image_id":0,"font":"","enabled":false},"version":2}},"categories":[3,5],"tags":[102,382],"class_list":["post-7731","post","type-post","status-publish","format-standard","hentry","category-6o-epo","category-alumnos-6o-epo","tag-cerebro","tag-conferencias-6o"],"jetpack_publicize_connections":[],"jetpack_featured_media_url":"","jetpack_sharing_enabled":true,"jetpack_shortlink":"https:\/\/wp.me\/p4mLU4-20H","_links":{"self":[{"href":"https:\/\/www.alqueria.es\/blogs\/alqueriatercerciclo\/wp-json\/wp\/v2\/posts\/7731","targetHints":{"allow":["GET"]}}],"collection":[{"href":"https:\/\/www.alqueria.es\/blogs\/alqueriatercerciclo\/wp-json\/wp\/v2\/posts"}],"about":[{"href":"https:\/\/www.alqueria.es\/blogs\/alqueriatercerciclo\/wp-json\/wp\/v2\/types\/post"}],"author":[{"embeddable":true,"href":"https:\/\/www.alqueria.es\/blogs\/alqueriatercerciclo\/wp-json\/wp\/v2\/users\/29"}],"replies":[{"embeddable":true,"href":"https:\/\/www.alqueria.es\/blogs\/alqueriatercerciclo\/wp-json\/wp\/v2\/comments?post=7731"}],"version-history":[{"count":0,"href":"https:\/\/www.alqueria.es\/blogs\/alqueriatercerciclo\/wp-json\/wp\/v2\/posts\/7731\/revisions"}],"wp:attachment":[{"href":"https:\/\/www.alqueria.es\/blogs\/alqueriatercerciclo\/wp-json\/wp\/v2\/media?parent=7731"}],"wp:term":[{"taxonomy":"category","embeddable":true,"href":"https:\/\/www.alqueria.es\/blogs\/alqueriatercerciclo\/wp-json\/wp\/v2\/categories?post=7731"},{"taxonomy":"post_tag","embeddable":true,"href":"https:\/\/www.alqueria.es\/blogs\/alqueriatercerciclo\/wp-json\/wp\/v2\/tags?post=7731"}],"curies":[{"name":"wp","href":"https:\/\/api.w.org\/{rel}","templated":true}]}}