{"id":7740,"date":"2013-12-19T16:30:48","date_gmt":"2013-12-19T16:30:48","guid":{"rendered":"http:\/\/alqueriatercerciclo.wordpress.com\/?p=7740"},"modified":"2014-03-20T21:50:44","modified_gmt":"2014-03-20T21:50:44","slug":"como-llevar-una-vida-sana","status":"publish","type":"post","link":"https:\/\/www.alqueria.es\/blogs\/alqueriatercerciclo\/2013\/12\/19\/como-llevar-una-vida-sana\/","title":{"rendered":"C\u00f3mo llevar una vida sana."},"content":{"rendered":"<h5 style=\"text-align: justify\">La semana pasada Alexandra realiz\u00f3 una conferencia sobre<span style=\"color: #ff0000\">\u00a0C\u00f3<\/span><span style=\"color: #ff0000\">mo llevar una vida sana.<\/span><\/h5>\n<h5 style=\"text-align: justify\">Y este fueron\u00a0algunos puntos de su<span style=\"color: #339966\"> \u00ed<\/span><span style=\"color: #008000\"><span style=\"color: #339966\">n<\/span>dice: \u00a0<\/span>Una peque\u00f1a introducci\u00f3n, alimentaci\u00f3n saludable, el ejercicio f\u00edsico, trastornos del cuerpo y la alimentaci\u00f3n, el c\u00e1ncer, la anorexia, la bulimia.<\/h5>\n<h5 style=\"text-align: justify\">Es muy recomendable que algunos adultos la lean por que les puede dar muchos consejos.\u00a0Alexandra se esforz\u00f3 mucho en hacerla y toda la clase la felicitamos, un aplauso.<\/h5>\n<h5 style=\"text-align: justify\">Os la RECOMENDAMOS.<\/h5>\n<p style=\"text-align: center\">\n<div class=\"control-the-use-of-cookies-box\" style=\"display:none;width:100%;cursor:pointer;padding:10px;border:1px solid #DDDDDD;background-color:#EEEEEE;color:#000000\" data-original-content=\"&lt;iframe title=&quot;C\u00f3mo llevar una vida sana.&quot; src=&quot;https:\/\/www.slideshare.net\/slideshow\/embed_code\/key\/KqZykW0wbVaXc&quot; width=&quot;427&quot; height=&quot;356&quot; frameborder=&quot;0&quot; marginwidth=&quot;0&quot; marginheight=&quot;0&quot; scrolling=&quot;no&quot; style=&quot;border:1px solid #CCC; border-width:1px; margin-bottom:5px; max-width: 100%;&quot; allowfullscreen&gt; &lt;\/iframe&gt;\">Este elemento utiliza cookies, pincha sobre \u00e9l para verlo.<\/div>\n<div style=\"margin-bottom:5px\"> <strong> <a href=\"https:\/\/www.slideshare.net\/josealqueria\/vida-sana-29137475\" title=\"C\u00f3mo llevar una vida sana.\" target=\"_blank\">C\u00f3mo llevar una vida sana.<\/a> <\/strong> from <strong><a href=\"https:\/\/www.slideshare.net\/josealqueria\" target=\"_blank\">josealqueria<\/a><\/strong> <\/div><\/p>\n","protected":false},"excerpt":{"rendered":"<p>La semana pasada Alexandra realiz\u00f3 una conferencia sobre\u00a0C\u00f3mo llevar una vida sana. Y este fueron\u00a0algunos puntos de su \u00edndice: \u00a0Una peque\u00f1a introducci\u00f3n, alimentaci\u00f3n saludable, el ejercicio f\u00edsico, trastornos del cuerpo y la alimentaci\u00f3n, el c\u00e1ncer, la anorexia, la bulimia. Es muy recomendable que algunos adultos la lean por que les puede dar muchos consejos.\u00a0Alexandra se [&hellip;]<\/p>\n","protected":false},"author":30,"featured_media":0,"comment_status":"open","ping_status":"open","sticky":false,"template":"","format":"standard","meta":{"jetpack_post_was_ever_published":false,"_jetpack_newsletter_access":"","_jetpack_dont_email_post_to_subs":false,"_jetpack_newsletter_tier_id":0,"_jetpack_memberships_contains_paywalled_content":false,"_jetpack_memberships_contains_paid_content":false,"footnotes":"","jetpack_publicize_message":"","jetpack_publicize_feature_enabled":true,"jetpack_social_post_already_shared":false,"jetpack_social_options":{"image_generator_settings":{"template":"highway","default_image_id":0,"font":"","enabled":false},"version":2}},"categories":[2,19,81],"tags":[107,109,376,124],"class_list":["post-7740","post","type-post","status-publish","format-standard","hentry","category-5o-epo","category-conocimiento-del-medio-5o","category-conferencias-5o","tag-conferencia","tag-conocimiento-del-medio-2","tag-deporte","tag-educacion-fisica"],"jetpack_publicize_connections":[],"jetpack_featured_media_url":"","jetpack_sharing_enabled":true,"jetpack_shortlink":"https:\/\/wp.me\/p4mLU4-20Q","_links":{"self":[{"href":"https:\/\/www.alqueria.es\/blogs\/alqueriatercerciclo\/wp-json\/wp\/v2\/posts\/7740","targetHints":{"allow":["GET"]}}],"collection":[{"href":"https:\/\/www.alqueria.es\/blogs\/alqueriatercerciclo\/wp-json\/wp\/v2\/posts"}],"about":[{"href":"https:\/\/www.alqueria.es\/blogs\/alqueriatercerciclo\/wp-json\/wp\/v2\/types\/post"}],"author":[{"embeddable":true,"href":"https:\/\/www.alqueria.es\/blogs\/alqueriatercerciclo\/wp-json\/wp\/v2\/users\/30"}],"replies":[{"embeddable":true,"href":"https:\/\/www.alqueria.es\/blogs\/alqueriatercerciclo\/wp-json\/wp\/v2\/comments?post=7740"}],"version-history":[{"count":0,"href":"https:\/\/www.alqueria.es\/blogs\/alqueriatercerciclo\/wp-json\/wp\/v2\/posts\/7740\/revisions"}],"wp:attachment":[{"href":"https:\/\/www.alqueria.es\/blogs\/alqueriatercerciclo\/wp-json\/wp\/v2\/media?parent=7740"}],"wp:term":[{"taxonomy":"category","embeddable":true,"href":"https:\/\/www.alqueria.es\/blogs\/alqueriatercerciclo\/wp-json\/wp\/v2\/categories?post=7740"},{"taxonomy":"post_tag","embeddable":true,"href":"https:\/\/www.alqueria.es\/blogs\/alqueriatercerciclo\/wp-json\/wp\/v2\/tags?post=7740"}],"curies":[{"name":"wp","href":"https:\/\/api.w.org\/{rel}","templated":true}]}}