{"id":13498,"date":"2017-04-20T18:30:24","date_gmt":"2017-04-20T16:30:24","guid":{"rendered":"https:\/\/www.alqueria.es\/blogs\/alqueriazulceleste\/?p=13498"},"modified":"2017-04-20T17:42:26","modified_gmt":"2017-04-20T15:42:26","slug":"semana-de-la-lectura-jueves-2042017","status":"publish","type":"post","link":"https:\/\/www.alqueria.es\/blogs\/alqueriazulceleste\/2017\/04\/20\/semana-de-la-lectura-jueves-2042017\/","title":{"rendered":"SEMANA DE LA LECTURA: Jueves 20\/4\/2017"},"content":{"rendered":"<p><strong>\u00a0Estamos al final de la semana \u00a0y ya estamos acostumbrados a ese ir y venir de espacios en donde cada d\u00eda contamos con una nueva e interesante actividad \u00a0y en donde los libros y las historias nos ense\u00f1an multitud de cosas.<\/strong><\/p>\n<p><strong>Hoy los alumnos\/as de 3\u00ba y 4\u00ba de primaria nos sorprenden con un \u201cBanquete de Libros\u201d en donde a trav\u00e9s de el recitado y lectura de divertidos cuentos relacionados con la comida nos sorprenden sentados en una mesa con mantel. Para prepararnos y ponernos en situaci\u00f3n nos dibujan en nuestro mantel plato, cubiertos, vasos\u2026 \u00a0 \u00a0 \u00a1 C\u00d3MO NOS ENCANTA ROMPER EL MANTEL\u2026!.<\/strong><span style=\"color: #ff0000\">\u00a1Gracias compa\u00f1eros de primaria!<\/span><\/p>\n<p class=\"jetpack-slideshow-noscript robots-nocontent\">El pase de diapositivas requiere JavaScript.<\/p><div id=\"gallery-13498-1-slideshow\" class=\"jetpack-slideshow-window jetpack-slideshow jetpack-slideshow-black\" data-trans=\"fade\" data-autostart=\"1\" data-gallery=\"[{&quot;src&quot;:&quot;https:\\\/\\\/cloud.alqueria.es\\\/wp-content\\\/uploads\\\/sites\\\/10\\\/2017\\\/04\\\/IMG_8557-300x225.jpg&quot;,&quot;id&quot;:&quot;13559&quot;,&quot;title&quot;:&quot;IMG_8557&quot;,&quot;alt&quot;:&quot;&quot;,&quot;caption&quot;:&quot;&quot;,&quot;itemprop&quot;:&quot;image&quot;},{&quot;src&quot;:&quot;https:\\\/\\\/cloud.alqueria.es\\\/wp-content\\\/uploads\\\/sites\\\/10\\\/2017\\\/04\\\/IMG_8558-300x225.jpg&quot;,&quot;id&quot;:&quot;13560&quot;,&quot;title&quot;:&quot;IMG_8558&quot;,&quot;alt&quot;:&quot;&quot;,&quot;caption&quot;:&quot;&quot;,&quot;itemprop&quot;:&quot;image&quot;},{&quot;src&quot;:&quot;https:\\\/\\\/cloud.alqueria.es\\\/wp-content\\\/uploads\\\/sites\\\/10\\\/2017\\\/04\\\/IMG_8559-300x225.jpg&quot;,&quot;id&quot;:&quot;13561&quot;,&quot;title&quot;:&quot;IMG_8559&quot;,&quot;alt&quot;:&quot;&quot;,&quot;caption&quot;:&quot;&quot;,&quot;itemprop&quot;:&quot;image&quot;},{&quot;src&quot;:&quot;https:\\\/\\\/cloud.alqueria.es\\\/wp-content\\\/uploads\\\/sites\\\/10\\\/2017\\\/04\\\/IMG_8561-300x225.jpg&quot;,&quot;id&quot;:&quot;13562&quot;,&quot;title&quot;:&quot;IMG_8561&quot;,&quot;alt&quot;:&quot;&quot;,&quot;caption&quot;:&quot;&quot;,&quot;itemprop&quot;:&quot;image&quot;},{&quot;src&quot;:&quot;https:\\\/\\\/cloud.alqueria.es\\\/wp-content\\\/uploads\\\/sites\\\/10\\\/2017\\\/04\\\/IMG_8562-300x225.jpg&quot;,&quot;id&quot;:&quot;13563&quot;,&quot;title&quot;:&quot;IMG_8562&quot;,&quot;alt&quot;:&quot;&quot;,&quot;caption&quot;:&quot;&quot;,&quot;itemprop&quot;:&quot;image&quot;},{&quot;src&quot;:&quot;https:\\\/\\\/cloud.alqueria.es\\\/wp-content\\\/uploads\\\/sites\\\/10\\\/2017\\\/04\\\/IMG_8567-300x225.jpg&quot;,&quot;id&quot;:&quot;13564&quot;,&quot;title&quot;:&quot;IMG_8567&quot;,&quot;alt&quot;:&quot;&quot;,&quot;caption&quot;:&quot;&quot;,&quot;itemprop&quot;:&quot;image&quot;},{&quot;src&quot;:&quot;https:\\\/\\\/cloud.alqueria.es\\\/wp-content\\\/uploads\\\/sites\\\/10\\\/2017\\\/04\\\/IMG_8570-300x225.jpg&quot;,&quot;id&quot;:&quot;13565&quot;,&quot;title&quot;:&quot;IMG_8570&quot;,&quot;alt&quot;:&quot;&quot;,&quot;caption&quot;:&quot;&quot;,&quot;itemprop&quot;:&quot;image&quot;},{&quot;src&quot;:&quot;https:\\\/\\\/cloud.alqueria.es\\\/wp-content\\\/uploads\\\/sites\\\/10\\\/2017\\\/04\\\/IMG_8574-300x225.jpg&quot;,&quot;id&quot;:&quot;13566&quot;,&quot;title&quot;:&quot;IMG_8574&quot;,&quot;alt&quot;:&quot;&quot;,&quot;caption&quot;:&quot;&quot;,&quot;itemprop&quot;:&quot;image&quot;},{&quot;src&quot;:&quot;https:\\\/\\\/cloud.alqueria.es\\\/wp-content\\\/uploads\\\/sites\\\/10\\\/2017\\\/04\\\/IMG_8577-300x225.jpg&quot;,&quot;id&quot;:&quot;13567&quot;,&quot;title&quot;:&quot;IMG_8577&quot;,&quot;alt&quot;:&quot;&quot;,&quot;caption&quot;:&quot;&quot;,&quot;itemprop&quot;:&quot;image&quot;}]\" itemscope itemtype=\"https:\/\/schema.org\/ImageGallery\"><\/div>\n<p><strong>Despu\u00e9s un rato de juego en la clase para despu\u00e9s comenzar con una de las actividades m\u00e1s esperadas: la presentaci\u00f3n del \u201cLibro Viajero\u201d. Ya tenemos todas las hojas del libro en el que han colaborado las familias . \u00a1Han quedado geniales! En ellas conocemos a amigos, hermanos , abuelos&#8230; y cada uno se ve protagonista a la hora de leerlo en la asamblea. \u00a1C\u00f3mo hemos disfrutado!.Aunque algunos sienten un poco de pena observando las fotos y recordando a sus familias\u2026\u00a1Son tan peque\u00f1os!.<\/strong><\/p>\n<p class=\"jetpack-slideshow-noscript robots-nocontent\">El pase de diapositivas requiere JavaScript.<\/p><div id=\"gallery-13498-2-slideshow\" class=\"jetpack-slideshow-window jetpack-slideshow jetpack-slideshow-black\" data-trans=\"fade\" data-autostart=\"1\" data-gallery=\"[{&quot;src&quot;:&quot;https:\\\/\\\/cloud.alqueria.es\\\/wp-content\\\/uploads\\\/sites\\\/10\\\/2017\\\/04\\\/DSC08886-300x168.jpg&quot;,&quot;id&quot;:&quot;13558&quot;,&quot;title&quot;:&quot;DSC08886&quot;,&quot;alt&quot;:&quot;&quot;,&quot;caption&quot;:&quot;&quot;,&quot;itemprop&quot;:&quot;image&quot;},{&quot;src&quot;:&quot;https:\\\/\\\/cloud.alqueria.es\\\/wp-content\\\/uploads\\\/sites\\\/10\\\/2017\\\/04\\\/DSC08885-300x168.jpg&quot;,&quot;id&quot;:&quot;13557&quot;,&quot;title&quot;:&quot;DSC08885&quot;,&quot;alt&quot;:&quot;&quot;,&quot;caption&quot;:&quot;&quot;,&quot;itemprop&quot;:&quot;image&quot;},{&quot;src&quot;:&quot;https:\\\/\\\/cloud.alqueria.es\\\/wp-content\\\/uploads\\\/sites\\\/10\\\/2017\\\/04\\\/DSC08884-300x168.jpg&quot;,&quot;id&quot;:&quot;13556&quot;,&quot;title&quot;:&quot;DSC08884&quot;,&quot;alt&quot;:&quot;&quot;,&quot;caption&quot;:&quot;&quot;,&quot;itemprop&quot;:&quot;image&quot;},{&quot;src&quot;:&quot;https:\\\/\\\/cloud.alqueria.es\\\/wp-content\\\/uploads\\\/sites\\\/10\\\/2017\\\/04\\\/DSC08883-300x168.jpg&quot;,&quot;id&quot;:&quot;13555&quot;,&quot;title&quot;:&quot;DSC08883&quot;,&quot;alt&quot;:&quot;&quot;,&quot;caption&quot;:&quot;&quot;,&quot;itemprop&quot;:&quot;image&quot;},{&quot;src&quot;:&quot;https:\\\/\\\/cloud.alqueria.es\\\/wp-content\\\/uploads\\\/sites\\\/10\\\/2017\\\/04\\\/DSC08879-300x168.jpg&quot;,&quot;id&quot;:&quot;13554&quot;,&quot;title&quot;:&quot;DSC08879&quot;,&quot;alt&quot;:&quot;&quot;,&quot;caption&quot;:&quot;&quot;,&quot;itemprop&quot;:&quot;image&quot;},{&quot;src&quot;:&quot;https:\\\/\\\/cloud.alqueria.es\\\/wp-content\\\/uploads\\\/sites\\\/10\\\/2017\\\/04\\\/DSC08877-300x168.jpg&quot;,&quot;id&quot;:&quot;13553&quot;,&quot;title&quot;:&quot;DSC08877&quot;,&quot;alt&quot;:&quot;&quot;,&quot;caption&quot;:&quot;&quot;,&quot;itemprop&quot;:&quot;image&quot;}]\" itemscope itemtype=\"https:\/\/schema.org\/ImageGallery\"><\/div>\n<p><strong>Asamblea de la fruta y parque para terminar la ma\u00f1ana.<\/strong><\/p>\n<p><strong><span style=\"color: #000000\">Por la tarde una nueva actividad. Cuenta cuentos a cargo de Elvira y Sebasti\u00e1n (padres de Sof\u00eda y Elena): \u201cBiscuit\u00b4s first\u00a0 beach day\u201d una historia de un perrito en un d\u00eda de verano.\u00a1 Y es en ingl\u00e9s! Un idioma que ya nos es bastante conocido.\u00a1 Nos ha encantado! \u00a1 Biscuit, el perrito es nuestro amigo!.<\/span><\/strong><\/p>\n<p><strong><span style=\"color: #000000\">\u00a1Muchas gracias familia!<\/span><\/strong><\/p>\n<p class=\"jetpack-slideshow-noscript robots-nocontent\">El pase de diapositivas requiere JavaScript.<\/p><div id=\"gallery-13498-3-slideshow\" class=\"jetpack-slideshow-window jetpack-slideshow jetpack-slideshow-black\" data-trans=\"fade\" data-autostart=\"1\" data-gallery=\"[{&quot;src&quot;:&quot;https:\\\/\\\/cloud.alqueria.es\\\/wp-content\\\/uploads\\\/sites\\\/10\\\/2017\\\/04\\\/IMG_8588-300x225.jpg&quot;,&quot;id&quot;:&quot;13572&quot;,&quot;title&quot;:&quot;IMG_8588&quot;,&quot;alt&quot;:&quot;&quot;,&quot;caption&quot;:&quot;&quot;,&quot;itemprop&quot;:&quot;image&quot;},{&quot;src&quot;:&quot;https:\\\/\\\/cloud.alqueria.es\\\/wp-content\\\/uploads\\\/sites\\\/10\\\/2017\\\/04\\\/IMG_8578-300x225.jpg&quot;,&quot;id&quot;:&quot;13573&quot;,&quot;title&quot;:&quot;IMG_8578&quot;,&quot;alt&quot;:&quot;&quot;,&quot;caption&quot;:&quot;&quot;,&quot;itemprop&quot;:&quot;image&quot;},{&quot;src&quot;:&quot;https:\\\/\\\/cloud.alqueria.es\\\/wp-content\\\/uploads\\\/sites\\\/10\\\/2017\\\/04\\\/IMG_8579-300x225.jpg&quot;,&quot;id&quot;:&quot;13574&quot;,&quot;title&quot;:&quot;IMG_8579&quot;,&quot;alt&quot;:&quot;&quot;,&quot;caption&quot;:&quot;&quot;,&quot;itemprop&quot;:&quot;image&quot;},{&quot;src&quot;:&quot;https:\\\/\\\/cloud.alqueria.es\\\/wp-content\\\/uploads\\\/sites\\\/10\\\/2017\\\/04\\\/IMG_8580-300x225.jpg&quot;,&quot;id&quot;:&quot;13575&quot;,&quot;title&quot;:&quot;IMG_8580&quot;,&quot;alt&quot;:&quot;&quot;,&quot;caption&quot;:&quot;&quot;,&quot;itemprop&quot;:&quot;image&quot;},{&quot;src&quot;:&quot;https:\\\/\\\/cloud.alqueria.es\\\/wp-content\\\/uploads\\\/sites\\\/10\\\/2017\\\/04\\\/IMG_8582-300x225.jpg&quot;,&quot;id&quot;:&quot;13576&quot;,&quot;title&quot;:&quot;IMG_8582&quot;,&quot;alt&quot;:&quot;&quot;,&quot;caption&quot;:&quot;&quot;,&quot;itemprop&quot;:&quot;image&quot;},{&quot;src&quot;:&quot;https:\\\/\\\/cloud.alqueria.es\\\/wp-content\\\/uploads\\\/sites\\\/10\\\/2017\\\/04\\\/IMG_8586-300x225.jpg&quot;,&quot;id&quot;:&quot;13577&quot;,&quot;title&quot;:&quot;IMG_8586&quot;,&quot;alt&quot;:&quot;&quot;,&quot;caption&quot;:&quot;&quot;,&quot;itemprop&quot;:&quot;image&quot;}]\" itemscope itemtype=\"https:\/\/schema.org\/ImageGallery\"><\/div>\n<p>Ma\u00f1ana tenemos clausura de esta semana tan interesante y tambi\u00e9n la actividad de ciclo \u201cUn libro, una flor\u201d en la que cada alumno aporta un libro nuevo o reciclado a la biblioteca del aula para seguir trabajando eso tan importante que es compartir y de camino llevarnos a casa nuestra maceta que plantamos y hemos cuidado durante algunas semanas.<\/p>\n<p><strong><img decoding=\"async\" class=\"alignright size-medium wp-image-13569\" src=\"https:\/\/cloud.alqueria.es\/wp-content\/uploads\/sites\/10\/2017\/04\/DSC08888.jpg\" alt=\"\" width=\"300\" height=\"168\" srcset=\"https:\/\/cloud.alqueria.es\/wp-content\/uploads\/sites\/10\/2017\/04\/DSC08888.jpg 1024w, https:\/\/cloud.alqueria.es\/wp-content\/uploads\/sites\/10\/2017\/04\/DSC08888.jpg 300w, https:\/\/cloud.alqueria.es\/wp-content\/uploads\/sites\/10\/2017\/04\/DSC08888.jpg 768w\" sizes=\"(max-width: 300px) 100vw, 300px\" \/><\/strong><\/p>\n<p><strong>Nuria Garc\u00eda Pall\u00e1s. <\/strong><\/p>\n","protected":false},"excerpt":{"rendered":"<p>\u00a0Estamos al final de la semana \u00a0y ya estamos acostumbrados a ese ir y venir de espacios en donde cada d\u00eda contamos con una nueva e interesante actividad \u00a0y en donde los libros y las historias nos ense\u00f1an multitud de cosas. Hoy los alumnos\/as de 3\u00ba y 4\u00ba de primaria nos sorprenden con un \u201cBanquete &hellip; <a href=\"https:\/\/www.alqueria.es\/blogs\/alqueriazulceleste\/2017\/04\/20\/semana-de-la-lectura-jueves-2042017\/\" class=\"more-link\">Seguir leyendo <span class=\"screen-reader-text\">SEMANA DE LA LECTURA: Jueves 20\/4\/2017<\/span> <span class=\"meta-nav\">&rarr;<\/span><\/a><\/p>\n","protected":false},"author":28,"featured_media":0,"comment_status":"open","ping_status":"open","sticky":false,"template":"","format":"standard","meta":{"jetpack_post_was_ever_published":false,"_jetpack_newsletter_access":"","_jetpack_dont_email_post_to_subs":false,"_jetpack_newsletter_tier_id":0,"_jetpack_memberships_contains_paywalled_content":false,"_jetpack_memberships_contains_paid_content":false,"footnotes":"","jetpack_publicize_message":"","jetpack_publicize_feature_enabled":true,"jetpack_social_post_already_shared":true,"jetpack_social_options":{"image_generator_settings":{"template":"highway","default_image_id":0,"font":"","enabled":false},"version":2}},"categories":[5,6],"tags":[57],"class_list":["post-13498","post","type-post","status-publish","format-standard","hentry","category-clase-azul","category-clase-celeste","tag-semana-lectura-infantil-2017"],"jetpack_publicize_connections":[],"jetpack_featured_media_url":"","jetpack_sharing_enabled":true,"jetpack_shortlink":"https:\/\/wp.me\/p4mlAA-3vI","_links":{"self":[{"href":"https:\/\/www.alqueria.es\/blogs\/alqueriazulceleste\/wp-json\/wp\/v2\/posts\/13498","targetHints":{"allow":["GET"]}}],"collection":[{"href":"https:\/\/www.alqueria.es\/blogs\/alqueriazulceleste\/wp-json\/wp\/v2\/posts"}],"about":[{"href":"https:\/\/www.alqueria.es\/blogs\/alqueriazulceleste\/wp-json\/wp\/v2\/types\/post"}],"author":[{"embeddable":true,"href":"https:\/\/www.alqueria.es\/blogs\/alqueriazulceleste\/wp-json\/wp\/v2\/users\/28"}],"replies":[{"embeddable":true,"href":"https:\/\/www.alqueria.es\/blogs\/alqueriazulceleste\/wp-json\/wp\/v2\/comments?post=13498"}],"version-history":[{"count":0,"href":"https:\/\/www.alqueria.es\/blogs\/alqueriazulceleste\/wp-json\/wp\/v2\/posts\/13498\/revisions"}],"wp:attachment":[{"href":"https:\/\/www.alqueria.es\/blogs\/alqueriazulceleste\/wp-json\/wp\/v2\/media?parent=13498"}],"wp:term":[{"taxonomy":"category","embeddable":true,"href":"https:\/\/www.alqueria.es\/blogs\/alqueriazulceleste\/wp-json\/wp\/v2\/categories?post=13498"},{"taxonomy":"post_tag","embeddable":true,"href":"https:\/\/www.alqueria.es\/blogs\/alqueriazulceleste\/wp-json\/wp\/v2\/tags?post=13498"}],"curies":[{"name":"wp","href":"https:\/\/api.w.org\/{rel}","templated":true}]}}