{"id":17353,"date":"2018-06-22T20:43:15","date_gmt":"2018-06-22T18:43:15","guid":{"rendered":"https:\/\/www.alqueria.es\/blogs\/alqueriazulceleste\/?p=17353"},"modified":"2018-06-23T10:17:50","modified_gmt":"2018-06-23T08:17:50","slug":"nos-vamos-de-vacaciones-y-llega-el-campus-de-verano","status":"publish","type":"post","link":"https:\/\/www.alqueria.es\/blogs\/alqueriazulceleste\/2018\/06\/22\/nos-vamos-de-vacaciones-y-llega-el-campus-de-verano\/","title":{"rendered":"\u00a1 NOS VAMOS DE VACACIONES&#8230;Y LLEGA EL CAMPUS DE VERANO!"},"content":{"rendered":"<p>\u00a1 Y acab\u00f3 el curso!<\/p>\n<p>Hoy nos enfrentamos a la \u00faltima jornada del curso con una gran fiesta gracias a Nieves, la alumna de pr\u00e1cticas de la clase amarilla con la que hemos compartido unos preciosos meses llenos de grandes e interesantes actividades. Con ella hemos ido de excursi\u00f3n, hemos celebrado fiestas y cumplea\u00f1os y sobre todo, d\u00eda a d\u00eda , nos ha dado cari\u00f1o en los momentos en que los grupos han estado juntos . \u00a1 Gracias Nieves!.<\/p>\n<p class=\"jetpack-slideshow-noscript robots-nocontent\">El pase de diapositivas requiere JavaScript.<\/p><div id=\"gallery-17353-1-slideshow\" class=\"jetpack-slideshow-window jetpack-slideshow jetpack-slideshow-black\" data-trans=\"fade\" data-autostart=\"1\" data-gallery=\"[{&quot;src&quot;:&quot;https:\\\/\\\/cloud.alqueria.es\\\/wp-content\\\/uploads\\\/sites\\\/10\\\/2018\\\/06\\\/DSC05658-300x225.jpg&quot;,&quot;id&quot;:&quot;17373&quot;,&quot;title&quot;:&quot;DSC05658&quot;,&quot;alt&quot;:&quot;&quot;,&quot;caption&quot;:&quot;&quot;,&quot;itemprop&quot;:&quot;image&quot;},{&quot;src&quot;:&quot;https:\\\/\\\/cloud.alqueria.es\\\/wp-content\\\/uploads\\\/sites\\\/10\\\/2018\\\/06\\\/DSC05656-300x225.jpg&quot;,&quot;id&quot;:&quot;17372&quot;,&quot;title&quot;:&quot;DSC05656&quot;,&quot;alt&quot;:&quot;&quot;,&quot;caption&quot;:&quot;&quot;,&quot;itemprop&quot;:&quot;image&quot;},{&quot;src&quot;:&quot;https:\\\/\\\/cloud.alqueria.es\\\/wp-content\\\/uploads\\\/sites\\\/10\\\/2018\\\/06\\\/DSC05655-300x225.jpg&quot;,&quot;id&quot;:&quot;17371&quot;,&quot;title&quot;:&quot;DSC05655&quot;,&quot;alt&quot;:&quot;&quot;,&quot;caption&quot;:&quot;&quot;,&quot;itemprop&quot;:&quot;image&quot;},{&quot;src&quot;:&quot;https:\\\/\\\/cloud.alqueria.es\\\/wp-content\\\/uploads\\\/sites\\\/10\\\/2018\\\/06\\\/DSC05654-300x225.jpg&quot;,&quot;id&quot;:&quot;17370&quot;,&quot;title&quot;:&quot;DSC05654&quot;,&quot;alt&quot;:&quot;&quot;,&quot;caption&quot;:&quot;&quot;,&quot;itemprop&quot;:&quot;image&quot;},{&quot;src&quot;:&quot;https:\\\/\\\/cloud.alqueria.es\\\/wp-content\\\/uploads\\\/sites\\\/10\\\/2018\\\/06\\\/DSC05653-300x225.jpg&quot;,&quot;id&quot;:&quot;17369&quot;,&quot;title&quot;:&quot;DSC05653&quot;,&quot;alt&quot;:&quot;&quot;,&quot;caption&quot;:&quot;&quot;,&quot;itemprop&quot;:&quot;image&quot;},{&quot;src&quot;:&quot;https:\\\/\\\/cloud.alqueria.es\\\/wp-content\\\/uploads\\\/sites\\\/10\\\/2018\\\/06\\\/DSC05652-300x225.jpg&quot;,&quot;id&quot;:&quot;17368&quot;,&quot;title&quot;:&quot;DSC05652&quot;,&quot;alt&quot;:&quot;&quot;,&quot;caption&quot;:&quot;&quot;,&quot;itemprop&quot;:&quot;image&quot;}]\" itemscope itemtype=\"https:\/\/schema.org\/ImageGallery\"><\/div>\n<p>Hoy ella nos sorprende con unos ricos bizcochos y con unos \u00abmedallones\u00bb con nuestros s\u00edmbolos que ha elaborado ella misma de forma artesanal y que nos han encantado.\u00a0<img decoding=\"async\" class=\"alignright size-medium wp-image-17379\" src=\"https:\/\/cloud.alqueria.es\/wp-content\/uploads\/sites\/10\/2018\/06\/DSC056591.jpg\" alt=\"\" width=\"300\" height=\"225\" srcset=\"https:\/\/cloud.alqueria.es\/wp-content\/uploads\/sites\/10\/2018\/06\/DSC056591.jpg 640w, https:\/\/cloud.alqueria.es\/wp-content\/uploads\/sites\/10\/2018\/06\/DSC056591.jpg 300w\" sizes=\"(max-width: 300px) 100vw, 300px\" \/><\/p>\n<p>Nosotros, con todo el cari\u00f1o, la obsequiamos con un bonito dibujo y con un abrazo de despedida. Esperamos que su aprendizaje en esta escuela haya sido tan especial como ha sido como ha sido para nuestros ni\u00f1os y ni\u00f1as.<\/p>\n<p>M\u00fasica y baile antes de salir al parque.<\/p>\n<p>Ha acabado el curso, y yo, Nuria, me despido hasta septiembre de este peque\u00f1o grupo de ni\u00f1os y ni\u00f1as que me han hecho disfrutar de este trabajo tan especial.<\/p>\n<p>A la vuelta la mayor\u00eda se incorporar\u00e1n al grupo amarillo pero siempre ser\u00e1n mis queridos ni\u00f1os. Los he ayudado a andar, a comer, a dormir, a conocer e investigar&#8230;y ellos han aprendido y yo con ellos&#8230;\u00a1 Gracias familias! por dejarme disfrutar de un nuevo curso con vuestros hijos.<\/p>\n<p>Ahora toca disfrutar de las semanas de \u00abCampus\u00bb y de las vacaciones.<\/p>\n<p>\u00a1 Nos vemos en septiembre!<\/p>\n<p>Un abrazo<\/p>\n<p>Nuria Garc\u00eda Pall\u00e1s.<\/p>\n<p>&nbsp;<\/p>\n","protected":false},"excerpt":{"rendered":"<p>\u00a1 Y acab\u00f3 el curso! Hoy nos enfrentamos a la \u00faltima jornada del curso con una gran fiesta gracias a Nieves, la alumna de pr\u00e1cticas de la clase amarilla con la que hemos compartido unos preciosos meses llenos de grandes e interesantes actividades. Con ella hemos ido de excursi\u00f3n, hemos celebrado fiestas y cumplea\u00f1os y &hellip; <a href=\"https:\/\/www.alqueria.es\/blogs\/alqueriazulceleste\/2018\/06\/22\/nos-vamos-de-vacaciones-y-llega-el-campus-de-verano\/\" class=\"more-link\">Seguir leyendo <span class=\"screen-reader-text\">\u00a1 NOS VAMOS DE VACACIONES&#8230;Y LLEGA EL CAMPUS DE VERANO!<\/span> <span class=\"meta-nav\">&rarr;<\/span><\/a><\/p>\n","protected":false},"author":28,"featured_media":0,"comment_status":"open","ping_status":"open","sticky":false,"template":"","format":"standard","meta":{"jetpack_post_was_ever_published":false,"_jetpack_newsletter_access":"","_jetpack_dont_email_post_to_subs":false,"_jetpack_newsletter_tier_id":0,"_jetpack_memberships_contains_paywalled_content":false,"_jetpack_memberships_contains_paid_content":false,"footnotes":"","jetpack_publicize_message":"","jetpack_publicize_feature_enabled":true,"jetpack_social_post_already_shared":true,"jetpack_social_options":{"image_generator_settings":{"template":"highway","default_image_id":0,"font":"","enabled":false},"version":2}},"categories":[5,6],"tags":[],"class_list":["post-17353","post","type-post","status-publish","format-standard","hentry","category-clase-azul","category-clase-celeste"],"jetpack_publicize_connections":[],"jetpack_featured_media_url":"","jetpack_sharing_enabled":true,"jetpack_shortlink":"https:\/\/wp.me\/p4mlAA-4vT","_links":{"self":[{"href":"https:\/\/www.alqueria.es\/blogs\/alqueriazulceleste\/wp-json\/wp\/v2\/posts\/17353","targetHints":{"allow":["GET"]}}],"collection":[{"href":"https:\/\/www.alqueria.es\/blogs\/alqueriazulceleste\/wp-json\/wp\/v2\/posts"}],"about":[{"href":"https:\/\/www.alqueria.es\/blogs\/alqueriazulceleste\/wp-json\/wp\/v2\/types\/post"}],"author":[{"embeddable":true,"href":"https:\/\/www.alqueria.es\/blogs\/alqueriazulceleste\/wp-json\/wp\/v2\/users\/28"}],"replies":[{"embeddable":true,"href":"https:\/\/www.alqueria.es\/blogs\/alqueriazulceleste\/wp-json\/wp\/v2\/comments?post=17353"}],"version-history":[{"count":0,"href":"https:\/\/www.alqueria.es\/blogs\/alqueriazulceleste\/wp-json\/wp\/v2\/posts\/17353\/revisions"}],"wp:attachment":[{"href":"https:\/\/www.alqueria.es\/blogs\/alqueriazulceleste\/wp-json\/wp\/v2\/media?parent=17353"}],"wp:term":[{"taxonomy":"category","embeddable":true,"href":"https:\/\/www.alqueria.es\/blogs\/alqueriazulceleste\/wp-json\/wp\/v2\/categories?post=17353"},{"taxonomy":"post_tag","embeddable":true,"href":"https:\/\/www.alqueria.es\/blogs\/alqueriazulceleste\/wp-json\/wp\/v2\/tags?post=17353"}],"curies":[{"name":"wp","href":"https:\/\/api.w.org\/{rel}","templated":true}]}}