{"id":18209,"date":"2018-12-17T20:48:09","date_gmt":"2018-12-17T19:48:09","guid":{"rendered":"https:\/\/www.alqueria.es\/blogs\/alqueriazulceleste\/?p=18209"},"modified":"2018-12-18T22:25:30","modified_gmt":"2018-12-18T21:25:30","slug":"yoga-para-bebes-3","status":"publish","type":"post","link":"https:\/\/www.alqueria.es\/blogs\/alqueriazulceleste\/2018\/12\/17\/yoga-para-bebes-3\/","title":{"rendered":"YOGA PARA BEB\u00c9S"},"content":{"rendered":"<p>Comenzamos la ma\u00f1ana jugando con la cocinita mientras hacemos tiempo para una actividad muy nueva e interesante para los m\u00e1s peque\u00f1os del cole: <span style=\"color: #0000ff\">YOGA PARA BEB\u00c9S.<\/span><br \/>\nIsabel, nuestra especialista de yoga, nos ha preparado una sesi\u00f3n en la que hemos experimentado nuevas sensaciones.<br \/>\nComenzamos quit\u00e1ndonos los zapatos en el espacio alfombrado preparado para la ocasi\u00f3n y a trav\u00e9s de suaves plumas de colores,soplidos con pajitas, m\u00fasica y sonidos de instrumentos muy relajantes nos vamos centrando en esta actividad.<br \/>\nTerminamos con la lectura de un cuento que nos lleva a hacer diferentes posturas de animales que algunos intentan imitar mientras otros observan asombrados.<br \/>\nAunque empezamos la sesi\u00f3n un poco nerviosos por el cambio de espacio y el no conocer a Isabel,acabamos contentos y relajados. \u00a1Gracias Isabel!.<\/p>\n<p class=\"jetpack-slideshow-noscript robots-nocontent\">El pase de diapositivas requiere JavaScript.<\/p><div id=\"gallery-18209-1-slideshow\" class=\"jetpack-slideshow-window jetpack-slideshow jetpack-slideshow-black\" data-trans=\"fade\" data-autostart=\"1\" data-gallery=\"[{&quot;src&quot;:&quot;https:\\\/\\\/cloud.alqueria.es\\\/wp-content\\\/uploads\\\/sites\\\/10\\\/2018\\\/12\\\/DSC00041-300x169.jpg&quot;,&quot;id&quot;:&quot;18222&quot;,&quot;title&quot;:&quot;DSC00041&quot;,&quot;alt&quot;:&quot;&quot;,&quot;caption&quot;:&quot;&quot;,&quot;itemprop&quot;:&quot;image&quot;},{&quot;src&quot;:&quot;https:\\\/\\\/cloud.alqueria.es\\\/wp-content\\\/uploads\\\/sites\\\/10\\\/2018\\\/12\\\/DSC00042-300x169.jpg&quot;,&quot;id&quot;:&quot;18223&quot;,&quot;title&quot;:&quot;DSC00042&quot;,&quot;alt&quot;:&quot;&quot;,&quot;caption&quot;:&quot;&quot;,&quot;itemprop&quot;:&quot;image&quot;},{&quot;src&quot;:&quot;https:\\\/\\\/cloud.alqueria.es\\\/wp-content\\\/uploads\\\/sites\\\/10\\\/2018\\\/12\\\/DSC00043-300x169.jpg&quot;,&quot;id&quot;:&quot;18224&quot;,&quot;title&quot;:&quot;DSC00043&quot;,&quot;alt&quot;:&quot;&quot;,&quot;caption&quot;:&quot;&quot;,&quot;itemprop&quot;:&quot;image&quot;},{&quot;src&quot;:&quot;https:\\\/\\\/cloud.alqueria.es\\\/wp-content\\\/uploads\\\/sites\\\/10\\\/2018\\\/12\\\/DSC00055-300x169.jpg&quot;,&quot;id&quot;:&quot;18225&quot;,&quot;title&quot;:&quot;DSC00055&quot;,&quot;alt&quot;:&quot;&quot;,&quot;caption&quot;:&quot;&quot;,&quot;itemprop&quot;:&quot;image&quot;}]\" itemscope itemtype=\"https:\/\/schema.org\/ImageGallery\"><\/div>\n<p>Volvemos a la clase a dar buena cuenta de unas ricas peras sentados en la asamblea y r\u00e1pidamente nos abrigamos para salir un rato al parque aprovechando la ma\u00f1ana de sol.<br \/>\n\u00a1 Ya nos vamos agarrando mucho mejor a la cuerda para cruzar el patio!<img decoding=\"async\" class=\"alignright size-medium wp-image-18226\" src=\"https:\/\/cloud.alqueria.es\/wp-content\/uploads\/sites\/10\/2018\/12\/DSC00056.jpg\" alt=\"\" width=\"300\" height=\"169\" srcset=\"https:\/\/cloud.alqueria.es\/wp-content\/uploads\/sites\/10\/2018\/12\/DSC00056.jpg 1024w, https:\/\/cloud.alqueria.es\/wp-content\/uploads\/sites\/10\/2018\/12\/DSC00056.jpg 300w, https:\/\/cloud.alqueria.es\/wp-content\/uploads\/sites\/10\/2018\/12\/DSC00056.jpg 768w\" sizes=\"(max-width: 300px) 100vw, 300px\" \/><br \/>\n\u00a1 Un lunes muy interesante!.<\/p>\n<p>Nuria Garc\u00eda Pall\u00e1s.<\/p>\n","protected":false},"excerpt":{"rendered":"<p>Comenzamos la ma\u00f1ana jugando con la cocinita mientras hacemos tiempo para una actividad muy nueva e interesante para los m\u00e1s peque\u00f1os del cole: YOGA PARA BEB\u00c9S. Isabel, nuestra especialista de yoga, nos ha preparado una sesi\u00f3n en la que hemos experimentado nuevas sensaciones. Comenzamos quit\u00e1ndonos los zapatos en el espacio alfombrado preparado para la ocasi\u00f3n &hellip; <a href=\"https:\/\/www.alqueria.es\/blogs\/alqueriazulceleste\/2018\/12\/17\/yoga-para-bebes-3\/\" class=\"more-link\">Seguir leyendo <span class=\"screen-reader-text\">YOGA PARA BEB\u00c9S<\/span> <span class=\"meta-nav\">&rarr;<\/span><\/a><\/p>\n","protected":false},"author":28,"featured_media":0,"comment_status":"open","ping_status":"open","sticky":false,"template":"","format":"standard","meta":{"jetpack_post_was_ever_published":false,"_jetpack_newsletter_access":"","_jetpack_dont_email_post_to_subs":false,"_jetpack_newsletter_tier_id":0,"_jetpack_memberships_contains_paywalled_content":false,"_jetpack_memberships_contains_paid_content":false,"footnotes":"","jetpack_publicize_message":"","jetpack_publicize_feature_enabled":true,"jetpack_social_post_already_shared":true,"jetpack_social_options":{"image_generator_settings":{"template":"highway","default_image_id":0,"font":"","enabled":false},"version":2}},"categories":[5,42],"tags":[100],"class_list":["post-18209","post","type-post","status-publish","format-standard","hentry","category-clase-azul","category-motricidad","tag-yoga"],"jetpack_publicize_connections":[],"jetpack_featured_media_url":"","jetpack_sharing_enabled":true,"jetpack_shortlink":"https:\/\/wp.me\/p4mlAA-4JH","_links":{"self":[{"href":"https:\/\/www.alqueria.es\/blogs\/alqueriazulceleste\/wp-json\/wp\/v2\/posts\/18209","targetHints":{"allow":["GET"]}}],"collection":[{"href":"https:\/\/www.alqueria.es\/blogs\/alqueriazulceleste\/wp-json\/wp\/v2\/posts"}],"about":[{"href":"https:\/\/www.alqueria.es\/blogs\/alqueriazulceleste\/wp-json\/wp\/v2\/types\/post"}],"author":[{"embeddable":true,"href":"https:\/\/www.alqueria.es\/blogs\/alqueriazulceleste\/wp-json\/wp\/v2\/users\/28"}],"replies":[{"embeddable":true,"href":"https:\/\/www.alqueria.es\/blogs\/alqueriazulceleste\/wp-json\/wp\/v2\/comments?post=18209"}],"version-history":[{"count":0,"href":"https:\/\/www.alqueria.es\/blogs\/alqueriazulceleste\/wp-json\/wp\/v2\/posts\/18209\/revisions"}],"wp:attachment":[{"href":"https:\/\/www.alqueria.es\/blogs\/alqueriazulceleste\/wp-json\/wp\/v2\/media?parent=18209"}],"wp:term":[{"taxonomy":"category","embeddable":true,"href":"https:\/\/www.alqueria.es\/blogs\/alqueriazulceleste\/wp-json\/wp\/v2\/categories?post=18209"},{"taxonomy":"post_tag","embeddable":true,"href":"https:\/\/www.alqueria.es\/blogs\/alqueriazulceleste\/wp-json\/wp\/v2\/tags?post=18209"}],"curies":[{"name":"wp","href":"https:\/\/api.w.org\/{rel}","templated":true}]}}