{"id":18221,"date":"2018-12-19T20:35:34","date_gmt":"2018-12-19T19:35:34","guid":{"rendered":"https:\/\/www.alqueria.es\/blogs\/alqueriazulceleste\/?p=18221"},"modified":"2018-12-20T20:43:32","modified_gmt":"2018-12-20T19:43:32","slug":"villancicos","status":"publish","type":"post","link":"https:\/\/www.alqueria.es\/blogs\/alqueriazulceleste\/2018\/12\/19\/villancicos\/","title":{"rendered":"\u00a1VILLANCICOS!"},"content":{"rendered":"<p>Ya estamos en la semana final de trimestre y con un gran ambiente navide\u00f1o en el cole.<\/p>\n<p>Comenzamos jugando en la clase con las construcciones\u00a0 y los <img decoding=\"async\" class=\"alignright size-medium wp-image-18253\" src=\"https:\/\/cloud.alqueria.es\/wp-content\/uploads\/sites\/10\/2018\/12\/DSC00001.jpg\" alt=\"\" width=\"300\" height=\"169\" srcset=\"https:\/\/cloud.alqueria.es\/wp-content\/uploads\/sites\/10\/2018\/12\/DSC00001.jpg 1024w, https:\/\/cloud.alqueria.es\/wp-content\/uploads\/sites\/10\/2018\/12\/DSC00001.jpg 300w, https:\/\/cloud.alqueria.es\/wp-content\/uploads\/sites\/10\/2018\/12\/DSC00001.jpg 768w\" sizes=\"(max-width: 300px) 100vw, 300px\" \/>animales haciendo tiempo para que comience la actividad \u00abestrella\u00bb de la jornada: Encuentro de toda la etapa de infantil con los \u00abVillancicos\u00bb y la m\u00fasica como uni\u00f3n.<\/p>\n<p>Elena, nuestra especialista de m\u00fasica, ha preparado con el ciclo 3-6 unos villancicos que van cantando en grupo y que hacen la delicia de los m\u00e1s peque\u00f1os.<\/p>\n<p class=\"jetpack-slideshow-noscript robots-nocontent\">El pase de diapositivas requiere JavaScript.<\/p><div id=\"gallery-18221-1-slideshow\" class=\"jetpack-slideshow-window jetpack-slideshow jetpack-slideshow-black\" data-trans=\"fade\" data-autostart=\"1\" data-gallery=\"[{&quot;src&quot;:&quot;https:\\\/\\\/cloud.alqueria.es\\\/wp-content\\\/uploads\\\/sites\\\/10\\\/2018\\\/12\\\/DSC00022-300x169.jpg&quot;,&quot;id&quot;:&quot;18250&quot;,&quot;title&quot;:&quot;DSC00022&quot;,&quot;alt&quot;:&quot;&quot;,&quot;caption&quot;:&quot;&quot;,&quot;itemprop&quot;:&quot;image&quot;},{&quot;src&quot;:&quot;https:\\\/\\\/cloud.alqueria.es\\\/wp-content\\\/uploads\\\/sites\\\/10\\\/2018\\\/12\\\/DSC00018-300x169.jpg&quot;,&quot;id&quot;:&quot;18249&quot;,&quot;title&quot;:&quot;DSC00018&quot;,&quot;alt&quot;:&quot;&quot;,&quot;caption&quot;:&quot;&quot;,&quot;itemprop&quot;:&quot;image&quot;},{&quot;src&quot;:&quot;https:\\\/\\\/cloud.alqueria.es\\\/wp-content\\\/uploads\\\/sites\\\/10\\\/2018\\\/12\\\/DSC000151-300x169.jpg&quot;,&quot;id&quot;:&quot;18248&quot;,&quot;title&quot;:&quot;DSC000151&quot;,&quot;alt&quot;:&quot;&quot;,&quot;caption&quot;:&quot;&quot;,&quot;itemprop&quot;:&quot;image&quot;},{&quot;src&quot;:&quot;https:\\\/\\\/cloud.alqueria.es\\\/wp-content\\\/uploads\\\/sites\\\/10\\\/2018\\\/12\\\/DSC00010-300x169.jpg&quot;,&quot;id&quot;:&quot;18247&quot;,&quot;title&quot;:&quot;DSC00010&quot;,&quot;alt&quot;:&quot;&quot;,&quot;caption&quot;:&quot;&quot;,&quot;itemprop&quot;:&quot;image&quot;},{&quot;src&quot;:&quot;https:\\\/\\\/cloud.alqueria.es\\\/wp-content\\\/uploads\\\/sites\\\/10\\\/2018\\\/12\\\/DSC00006-300x169.jpg&quot;,&quot;id&quot;:&quot;18246&quot;,&quot;title&quot;:&quot;DSC00006&quot;,&quot;alt&quot;:&quot;&quot;,&quot;caption&quot;:&quot;&quot;,&quot;itemprop&quot;:&quot;image&quot;},{&quot;src&quot;:&quot;https:\\\/\\\/cloud.alqueria.es\\\/wp-content\\\/uploads\\\/sites\\\/10\\\/2018\\\/12\\\/DSC00004-300x169.jpg&quot;,&quot;id&quot;:&quot;18245&quot;,&quot;title&quot;:&quot;DSC00004&quot;,&quot;alt&quot;:&quot;&quot;,&quot;caption&quot;:&quot;&quot;,&quot;itemprop&quot;:&quot;image&quot;}]\" itemscope itemtype=\"https:\/\/schema.org\/ImageGallery\"><\/div>\n<p>Todos acabamos cantando, tocando panderetas o singulares instrumentos musicales tra\u00eddos de casa: tapaderas, cucharas, sartenes, cacitos, perolas&#8230;\u00a1 Qu\u00e9 divertido!.<\/p>\n<p>Tambi\u00e9n nos han encantado las galletas de \u00abpececitos salados\u00bb con los que acabamos el encuentro musical de Navidad.\u00a1 Qu\u00e9 ricos!.<\/p>\n<div class=\"embed-vimeo\" style=\"text-align: center;\"><div class=\"a25-CTUOC-hidding-box\" data-original-content=\"&lt;iframe loading=&quot;lazy&quot; src=&quot;https:\/\/player.vimeo.com\/video\/307239753&quot; width=&quot;640&quot; height=&quot;360&quot; frameborder=&quot;0&quot; webkitallowfullscreen mozallowfullscreen allowfullscreen&gt;&lt;\/iframe&gt;\">Esta p\u00e1gina incluye contenido multimedia que requiere aceptar todas las cookies. Pulse aqu\u00ed para abrir la configuraci\u00f3n de cookies.<\/div><\/div>\n<div class=\"embed-vimeo\" style=\"text-align: center;\"><div class=\"a25-CTUOC-hidding-box\" data-original-content=\"&lt;iframe loading=&quot;lazy&quot; src=&quot;https:\/\/player.vimeo.com\/video\/307229362&quot; width=&quot;640&quot; height=&quot;360&quot; frameborder=&quot;0&quot; webkitallowfullscreen mozallowfullscreen allowfullscreen&gt;&lt;\/iframe&gt;\">Esta p\u00e1gina incluye contenido multimedia que requiere aceptar todas las cookies. Pulse aqu\u00ed para abrir la configuraci\u00f3n de cookies.<\/div><\/div>\n<p>De vuelta a la clase nos espera una sorpresa ya que nuestra mesa est\u00e1 adornada con servilletas navide\u00f1as y con una vela encendida&#8230;\u00a1 Es nuestra comida especial de Navidad!<\/p>\n<p><span style=\"color: #ff0000\">MEN\u00da<\/span><\/p>\n<p>Canap\u00e9s de jam\u00f3n y queso<img decoding=\"async\" class=\"alignright size-medium wp-image-18252\" src=\"https:\/\/cloud.alqueria.es\/wp-content\/uploads\/sites\/10\/2018\/12\/DSC00024.jpg\" alt=\"\" width=\"300\" height=\"169\" srcset=\"https:\/\/cloud.alqueria.es\/wp-content\/uploads\/sites\/10\/2018\/12\/DSC00024.jpg 1024w, https:\/\/cloud.alqueria.es\/wp-content\/uploads\/sites\/10\/2018\/12\/DSC00024.jpg 300w, https:\/\/cloud.alqueria.es\/wp-content\/uploads\/sites\/10\/2018\/12\/DSC00024.jpg 768w\" sizes=\"(max-width: 300px) 100vw, 300px\" \/><\/p>\n<p>Sopa de pollo con estrellitas<\/p>\n<p>Carne en salsa con patatas fritas.<\/p>\n<p>Yogourt.<\/p>\n<p>Adem\u00e1s de probar todo este rico men\u00fa nosotros seguimos con nuestro poquito pur\u00e9 de verduras con ternera&#8230;\u00a1 Por si nos quedamos con apetito!<\/p>\n<div class=\"tiled-gallery type-circle tiled-gallery-unresized\" data-original-width=\"474\" data-carousel-extra='null' itemscope itemtype=\"http:\/\/schema.org\/ImageGallery\" > <div class=\"gallery-row\" style=\"width: 474px; height: 474px;\" data-original-width=\"474\" data-original-height=\"474\" > <div class=\"gallery-group\" style=\"width: 474px; height: 474px;\" data-original-width=\"474\" data-original-height=\"474\" > <div class=\"tiled-gallery-item \" itemprop=\"associatedMedia\" itemscope itemtype=\"http:\/\/schema.org\/ImageObject\"> <a href=\"https:\/\/www.alqueria.es\/blogs\/alqueriazulceleste\/2018\/12\/19\/villancicos\/dsc00023-3\/\" border=\"0\" itemprop=\"url\"> <meta itemprop=\"width\" content=\"470\"> <meta itemprop=\"height\" content=\"470\"> <img decoding=\"async\" class=\"\" data-attachment-id=\"18251\" data-orig-file=\"https:\/\/cloud.alqueria.es\/wp-content\/uploads\/sites\/10\/2018\/12\/DSC00023.jpg\" data-orig-size=\"1024,576\" data-comments-opened=\"1\" data-image-meta=\"{&quot;aperture&quot;:&quot;0&quot;,&quot;credit&quot;:&quot;&quot;,&quot;camera&quot;:&quot;&quot;,&quot;caption&quot;:&quot;&quot;,&quot;created_timestamp&quot;:&quot;0&quot;,&quot;copyright&quot;:&quot;&quot;,&quot;focal_length&quot;:&quot;0&quot;,&quot;iso&quot;:&quot;0&quot;,&quot;shutter_speed&quot;:&quot;0&quot;,&quot;title&quot;:&quot;&quot;,&quot;orientation&quot;:&quot;0&quot;}\" data-image-title=\"DSC00023\" data-image-description=\"\" data-medium-file=\"https:\/\/cloud.alqueria.es\/wp-content\/uploads\/sites\/10\/2018\/12\/DSC00023-300x169.jpg\" data-large-file=\"https:\/\/cloud.alqueria.es\/wp-content\/uploads\/sites\/10\/2018\/12\/DSC00023.jpg\" src=\"https:\/\/i0.wp.com\/cloud.alqueria.es\/wp-content\/uploads\/sites\/10\/2018\/12\/DSC00023.jpg?w=470&#038;h=470&#038;crop=1&#038;ssl=1\" width=\"470\" height=\"470\" loading=\"lazy\" data-original-width=\"470\" data-original-height=\"470\" itemprop=\"http:\/\/schema.org\/image\" title=\"DSC00023\" alt=\"DSC00023\" style=\"width: 470px; height: 470px;\" \/> <\/a> <\/div> <\/div> <\/div> <\/div>\n<p>\u00a1 Qu\u00e9 d\u00eda m\u00e1s estupendo!.<\/p>\n<p>Tras tan rica comida caemos rendidos en la siesta.<\/p>\n<p>Nuria Garc\u00eda Pall\u00e1s.<\/p>\n","protected":false},"excerpt":{"rendered":"<p>Ya estamos en la semana final de trimestre y con un gran ambiente navide\u00f1o en el cole. Comenzamos jugando en la clase con las construcciones\u00a0 y los animales haciendo tiempo para que comience la actividad \u00abestrella\u00bb de la jornada: Encuentro de toda la etapa de infantil con los \u00abVillancicos\u00bb y la m\u00fasica como uni\u00f3n. Elena, &hellip; <a href=\"https:\/\/www.alqueria.es\/blogs\/alqueriazulceleste\/2018\/12\/19\/villancicos\/\" class=\"more-link\">Seguir leyendo <span class=\"screen-reader-text\">\u00a1VILLANCICOS!<\/span> <span class=\"meta-nav\">&rarr;<\/span><\/a><\/p>\n","protected":false},"author":28,"featured_media":0,"comment_status":"open","ping_status":"open","sticky":false,"template":"","format":"standard","meta":{"jetpack_post_was_ever_published":false,"_jetpack_newsletter_access":"","_jetpack_dont_email_post_to_subs":false,"_jetpack_newsletter_tier_id":0,"_jetpack_memberships_contains_paywalled_content":false,"_jetpack_memberships_contains_paid_content":false,"footnotes":"","jetpack_publicize_message":"","jetpack_publicize_feature_enabled":true,"jetpack_social_post_already_shared":true,"jetpack_social_options":{"image_generator_settings":{"template":"highway","default_image_id":0,"font":"","enabled":false},"version":2}},"categories":[5,73],"tags":[40],"class_list":["post-18221","post","type-post","status-publish","format-standard","hentry","category-clase-azul","category-musica","tag-actividad-musical"],"jetpack_publicize_connections":[],"jetpack_featured_media_url":"","jetpack_sharing_enabled":true,"jetpack_shortlink":"https:\/\/wp.me\/p4mlAA-4JT","_links":{"self":[{"href":"https:\/\/www.alqueria.es\/blogs\/alqueriazulceleste\/wp-json\/wp\/v2\/posts\/18221","targetHints":{"allow":["GET"]}}],"collection":[{"href":"https:\/\/www.alqueria.es\/blogs\/alqueriazulceleste\/wp-json\/wp\/v2\/posts"}],"about":[{"href":"https:\/\/www.alqueria.es\/blogs\/alqueriazulceleste\/wp-json\/wp\/v2\/types\/post"}],"author":[{"embeddable":true,"href":"https:\/\/www.alqueria.es\/blogs\/alqueriazulceleste\/wp-json\/wp\/v2\/users\/28"}],"replies":[{"embeddable":true,"href":"https:\/\/www.alqueria.es\/blogs\/alqueriazulceleste\/wp-json\/wp\/v2\/comments?post=18221"}],"version-history":[{"count":0,"href":"https:\/\/www.alqueria.es\/blogs\/alqueriazulceleste\/wp-json\/wp\/v2\/posts\/18221\/revisions"}],"wp:attachment":[{"href":"https:\/\/www.alqueria.es\/blogs\/alqueriazulceleste\/wp-json\/wp\/v2\/media?parent=18221"}],"wp:term":[{"taxonomy":"category","embeddable":true,"href":"https:\/\/www.alqueria.es\/blogs\/alqueriazulceleste\/wp-json\/wp\/v2\/categories?post=18221"},{"taxonomy":"post_tag","embeddable":true,"href":"https:\/\/www.alqueria.es\/blogs\/alqueriazulceleste\/wp-json\/wp\/v2\/tags?post=18221"}],"curies":[{"name":"wp","href":"https:\/\/api.w.org\/{rel}","templated":true}]}}