{"id":18991,"date":"2019-03-27T20:47:05","date_gmt":"2019-03-27T19:47:05","guid":{"rendered":"https:\/\/www.alqueria.es\/blogs\/alqueriazulceleste\/?p=18991"},"modified":"2019-03-29T09:58:08","modified_gmt":"2019-03-29T08:58:08","slug":"taller-sensorial-frio-caliente-2","status":"publish","type":"post","link":"https:\/\/www.alqueria.es\/blogs\/alqueriazulceleste\/2019\/03\/27\/taller-sensorial-frio-caliente-2\/","title":{"rendered":"TALLER SENSORIAL. FR\u00cdO-CALIENTE"},"content":{"rendered":"<p>Hoy nos lo hemos pasado genial en un nuevo taller sensorial en el que experimentamos con fr\u00edo- caliente.<\/p>\n<p>Todos sentados vamos tocando por turnos dos grandes cubitos de hielo&#8230;.\u00a1Est\u00e1 muy fr\u00edo!&#8230;despu\u00e9s metemos las manos en un recipiente de agua \u00a1 Est\u00e1 caliente!&#8230;Vamos observando la reacci\u00f3n de los compa\u00f1eros y despu\u00e9s experimentamos con los dos materiales en nuestras propias manos&#8230;\u00a1 Nos ha encantadoooo!<\/p>\n<p class=\"jetpack-slideshow-noscript robots-nocontent\">El pase de diapositivas requiere JavaScript.<\/p><div id=\"gallery-18991-1-slideshow\" class=\"jetpack-slideshow-window jetpack-slideshow jetpack-slideshow-black\" data-trans=\"fade\" data-autostart=\"1\" data-gallery=\"[{&quot;src&quot;:&quot;https:\\\/\\\/cloud.alqueria.es\\\/wp-content\\\/uploads\\\/sites\\\/10\\\/2019\\\/03\\\/DSC00024-3-300x169.jpg&quot;,&quot;id&quot;:&quot;19042&quot;,&quot;title&quot;:&quot;DSC00024-3&quot;,&quot;alt&quot;:&quot;&quot;,&quot;caption&quot;:&quot;&quot;,&quot;itemprop&quot;:&quot;image&quot;},{&quot;src&quot;:&quot;https:\\\/\\\/cloud.alqueria.es\\\/wp-content\\\/uploads\\\/sites\\\/10\\\/2019\\\/03\\\/DSC00025-3-300x169.jpg&quot;,&quot;id&quot;:&quot;19043&quot;,&quot;title&quot;:&quot;DSC00025-3&quot;,&quot;alt&quot;:&quot;&quot;,&quot;caption&quot;:&quot;&quot;,&quot;itemprop&quot;:&quot;image&quot;},{&quot;src&quot;:&quot;https:\\\/\\\/cloud.alqueria.es\\\/wp-content\\\/uploads\\\/sites\\\/10\\\/2019\\\/03\\\/DSC00027-2-300x169.jpg&quot;,&quot;id&quot;:&quot;19045&quot;,&quot;title&quot;:&quot;DSC00027-2&quot;,&quot;alt&quot;:&quot;&quot;,&quot;caption&quot;:&quot;&quot;,&quot;itemprop&quot;:&quot;image&quot;},{&quot;src&quot;:&quot;https:\\\/\\\/cloud.alqueria.es\\\/wp-content\\\/uploads\\\/sites\\\/10\\\/2019\\\/03\\\/DSC00028-3-300x169.jpg&quot;,&quot;id&quot;:&quot;19047&quot;,&quot;title&quot;:&quot;DSC00028-3&quot;,&quot;alt&quot;:&quot;&quot;,&quot;caption&quot;:&quot;&quot;,&quot;itemprop&quot;:&quot;image&quot;},{&quot;src&quot;:&quot;https:\\\/\\\/cloud.alqueria.es\\\/wp-content\\\/uploads\\\/sites\\\/10\\\/2019\\\/03\\\/DSC00029-3-300x169.jpg&quot;,&quot;id&quot;:&quot;19049&quot;,&quot;title&quot;:&quot;DSC00029-3&quot;,&quot;alt&quot;:&quot;&quot;,&quot;caption&quot;:&quot;&quot;,&quot;itemprop&quot;:&quot;image&quot;},{&quot;src&quot;:&quot;https:\\\/\\\/cloud.alqueria.es\\\/wp-content\\\/uploads\\\/sites\\\/10\\\/2019\\\/03\\\/DSC000301-300x169.jpg&quot;,&quot;id&quot;:&quot;19052&quot;,&quot;title&quot;:&quot;DSC000301&quot;,&quot;alt&quot;:&quot;&quot;,&quot;caption&quot;:&quot;&quot;,&quot;itemprop&quot;:&quot;image&quot;},{&quot;src&quot;:&quot;https:\\\/\\\/cloud.alqueria.es\\\/wp-content\\\/uploads\\\/sites\\\/10\\\/2019\\\/03\\\/DSC00032-21-300x169.jpg&quot;,&quot;id&quot;:&quot;19054&quot;,&quot;title&quot;:&quot;DSC00032-21&quot;,&quot;alt&quot;:&quot;&quot;,&quot;caption&quot;:&quot;&quot;,&quot;itemprop&quot;:&quot;image&quot;},{&quot;src&quot;:&quot;https:\\\/\\\/cloud.alqueria.es\\\/wp-content\\\/uploads\\\/sites\\\/10\\\/2019\\\/03\\\/DSC00035-3-300x169.jpg&quot;,&quot;id&quot;:&quot;19056&quot;,&quot;title&quot;:&quot;DSC00035-3&quot;,&quot;alt&quot;:&quot;&quot;,&quot;caption&quot;:&quot;&quot;,&quot;itemprop&quot;:&quot;image&quot;},{&quot;src&quot;:&quot;https:\\\/\\\/cloud.alqueria.es\\\/wp-content\\\/uploads\\\/sites\\\/10\\\/2019\\\/03\\\/DSC00038-3-300x169.jpg&quot;,&quot;id&quot;:&quot;19058&quot;,&quot;title&quot;:&quot;DSC00038-3&quot;,&quot;alt&quot;:&quot;&quot;,&quot;caption&quot;:&quot;&quot;,&quot;itemprop&quot;:&quot;image&quot;},{&quot;src&quot;:&quot;https:\\\/\\\/cloud.alqueria.es\\\/wp-content\\\/uploads\\\/sites\\\/10\\\/2019\\\/03\\\/DSC00041-2-300x169.jpg&quot;,&quot;id&quot;:&quot;19060&quot;,&quot;title&quot;:&quot;DSC00041-2&quot;,&quot;alt&quot;:&quot;&quot;,&quot;caption&quot;:&quot;&quot;,&quot;itemprop&quot;:&quot;image&quot;}]\" itemscope itemtype=\"https:\/\/schema.org\/ImageGallery\"><\/div>\n<p>Cuesta un poco dejar tan interesante actividad pero tambi\u00e9n nos encanta comer la rica fruta y a\u00fan m\u00e1s salir al parque as\u00ed que salimos a disfrutar de una interesante ma\u00f1ana en donde adem\u00e1s de jugar en el arenero visitamos el huerto y los animales.<\/p>\n<p>\u00a1 Otro interesante d\u00eda!.<\/p>\n<p>Nuria Garc\u00eda Pall\u00e1s.<\/p>\n","protected":false},"excerpt":{"rendered":"<p>Hoy nos lo hemos pasado genial en un nuevo taller sensorial en el que experimentamos con fr\u00edo- caliente. Todos sentados vamos tocando por turnos dos grandes cubitos de hielo&#8230;.\u00a1Est\u00e1 muy fr\u00edo!&#8230;despu\u00e9s metemos las manos en un recipiente de agua \u00a1 Est\u00e1 caliente!&#8230;Vamos observando la reacci\u00f3n de los compa\u00f1eros y despu\u00e9s experimentamos con los dos materiales &hellip; <a href=\"https:\/\/www.alqueria.es\/blogs\/alqueriazulceleste\/2019\/03\/27\/taller-sensorial-frio-caliente-2\/\" class=\"more-link\">Seguir leyendo <span class=\"screen-reader-text\">TALLER SENSORIAL. FR\u00cdO-CALIENTE<\/span> <span class=\"meta-nav\">&rarr;<\/span><\/a><\/p>\n","protected":false},"author":28,"featured_media":0,"comment_status":"open","ping_status":"open","sticky":false,"template":"","format":"standard","meta":{"jetpack_post_was_ever_published":false,"_jetpack_newsletter_access":"","_jetpack_dont_email_post_to_subs":false,"_jetpack_newsletter_tier_id":0,"_jetpack_memberships_contains_paywalled_content":false,"_jetpack_memberships_contains_paid_content":false,"footnotes":"","jetpack_publicize_message":"","jetpack_publicize_feature_enabled":true,"jetpack_social_post_already_shared":true,"jetpack_social_options":{"image_generator_settings":{"template":"highway","default_image_id":0,"font":"","enabled":false},"version":2}},"categories":[94,5,11],"tags":[43],"class_list":["post-18991","post","type-post","status-publish","format-standard","hentry","category-adaptacion","category-clase-azul","category-talleres","tag-t-sensorial"],"jetpack_publicize_connections":[],"jetpack_featured_media_url":"","jetpack_sharing_enabled":true,"jetpack_shortlink":"https:\/\/wp.me\/p4mlAA-4Wj","_links":{"self":[{"href":"https:\/\/www.alqueria.es\/blogs\/alqueriazulceleste\/wp-json\/wp\/v2\/posts\/18991","targetHints":{"allow":["GET"]}}],"collection":[{"href":"https:\/\/www.alqueria.es\/blogs\/alqueriazulceleste\/wp-json\/wp\/v2\/posts"}],"about":[{"href":"https:\/\/www.alqueria.es\/blogs\/alqueriazulceleste\/wp-json\/wp\/v2\/types\/post"}],"author":[{"embeddable":true,"href":"https:\/\/www.alqueria.es\/blogs\/alqueriazulceleste\/wp-json\/wp\/v2\/users\/28"}],"replies":[{"embeddable":true,"href":"https:\/\/www.alqueria.es\/blogs\/alqueriazulceleste\/wp-json\/wp\/v2\/comments?post=18991"}],"version-history":[{"count":0,"href":"https:\/\/www.alqueria.es\/blogs\/alqueriazulceleste\/wp-json\/wp\/v2\/posts\/18991\/revisions"}],"wp:attachment":[{"href":"https:\/\/www.alqueria.es\/blogs\/alqueriazulceleste\/wp-json\/wp\/v2\/media?parent=18991"}],"wp:term":[{"taxonomy":"category","embeddable":true,"href":"https:\/\/www.alqueria.es\/blogs\/alqueriazulceleste\/wp-json\/wp\/v2\/categories?post=18991"},{"taxonomy":"post_tag","embeddable":true,"href":"https:\/\/www.alqueria.es\/blogs\/alqueriazulceleste\/wp-json\/wp\/v2\/tags?post=18991"}],"curies":[{"name":"wp","href":"https:\/\/api.w.org\/{rel}","templated":true}]}}