{"id":19216,"date":"2019-04-22T21:12:22","date_gmt":"2019-04-22T19:12:22","guid":{"rendered":"https:\/\/www.alqueria.es\/blogs\/alqueriazulceleste\/?p=19216"},"modified":"2019-04-23T21:13:23","modified_gmt":"2019-04-23T19:13:23","slug":"semana-de-la-lectura-lunes-22-de-abril-2","status":"publish","type":"post","link":"https:\/\/www.alqueria.es\/blogs\/alqueriazulceleste\/2019\/04\/22\/semana-de-la-lectura-lunes-22-de-abril-2\/","title":{"rendered":"SEMANA DE LA LECTURA. Lunes 22 de abril"},"content":{"rendered":"<p>Se acabaron los d\u00edas de vacaciones y comenzamos el \u00faltimo trimestre del curso con una semana repleta de actividades: <span style=\"color: #00ff00\">\u00bb LA SEMANA DE LA LECTURA\u00bb.<\/span> Es la semana cultural de la etapa de infantil y las actividades llevan el hilo conductor de la lectura tan importante en estas edades.<\/p>\n<p>Comenzamos la semana con una actividad conjunta de 0-6 y asistimos al relato \u00abLos tres caballeros\u00bb con la colaboraci\u00f3n de<img decoding=\"async\" class=\"alignright size-medium wp-image-19226\" src=\"https:\/\/cloud.alqueria.es\/wp-content\/uploads\/sites\/10\/2019\/04\/DSC000082.jpg\" alt=\"\" width=\"300\" height=\"169\" srcset=\"https:\/\/cloud.alqueria.es\/wp-content\/uploads\/sites\/10\/2019\/04\/DSC000082.jpg 1024w, https:\/\/cloud.alqueria.es\/wp-content\/uploads\/sites\/10\/2019\/04\/DSC000082.jpg 300w, https:\/\/cloud.alqueria.es\/wp-content\/uploads\/sites\/10\/2019\/04\/DSC000082.jpg 768w\" sizes=\"(max-width: 300px) 100vw, 300px\" \/> nuestra compa\u00f1era Charito. Nos asombra la puesta en escena y el cambio de espacio y nos lo pasamos fenomenal.<\/p>\n<div class=\"tiled-gallery type-rectangular tiled-gallery-unresized\" data-original-width=\"474\" data-carousel-extra='null' itemscope itemtype=\"http:\/\/schema.org\/ImageGallery\" > <div class=\"gallery-row\" style=\"width: 474px; height: 135px;\" data-original-width=\"474\" data-original-height=\"135\" > <div class=\"gallery-group images-1\" style=\"width: 237px; height: 135px;\" data-original-width=\"237\" data-original-height=\"135\" > <div class=\"tiled-gallery-item tiled-gallery-item-small\" itemprop=\"associatedMedia\" itemscope itemtype=\"http:\/\/schema.org\/ImageObject\"> <a href=\"https:\/\/www.alqueria.es\/blogs\/alqueriazulceleste\/2019\/04\/22\/semana-de-la-lectura-lunes-22-de-abril-2\/dsc000014\/\" border=\"0\" itemprop=\"url\"> <meta itemprop=\"width\" content=\"233\"> <meta itemprop=\"height\" content=\"131\"> <img decoding=\"async\" class=\"\" data-attachment-id=\"19221\" data-orig-file=\"https:\/\/cloud.alqueria.es\/wp-content\/uploads\/sites\/10\/2019\/04\/DSC000014.jpg\" data-orig-size=\"1024,576\" data-comments-opened=\"1\" data-image-meta=\"{&quot;aperture&quot;:&quot;0&quot;,&quot;credit&quot;:&quot;&quot;,&quot;camera&quot;:&quot;&quot;,&quot;caption&quot;:&quot;&quot;,&quot;created_timestamp&quot;:&quot;0&quot;,&quot;copyright&quot;:&quot;&quot;,&quot;focal_length&quot;:&quot;0&quot;,&quot;iso&quot;:&quot;0&quot;,&quot;shutter_speed&quot;:&quot;0&quot;,&quot;title&quot;:&quot;&quot;,&quot;orientation&quot;:&quot;0&quot;}\" data-image-title=\"DSC000014\" data-image-description=\"\" data-medium-file=\"https:\/\/cloud.alqueria.es\/wp-content\/uploads\/sites\/10\/2019\/04\/DSC000014-300x169.jpg\" data-large-file=\"https:\/\/cloud.alqueria.es\/wp-content\/uploads\/sites\/10\/2019\/04\/DSC000014.jpg\" src=\"https:\/\/i0.wp.com\/cloud.alqueria.es\/wp-content\/uploads\/sites\/10\/2019\/04\/DSC000014.jpg?w=233&#038;h=131&#038;ssl=1\" srcset=\"https:\/\/cloud.alqueria.es\/wp-content\/uploads\/sites\/10\/2019\/04\/DSC000014.jpg 1024w, https:\/\/cloud.alqueria.es\/wp-content\/uploads\/sites\/10\/2019\/04\/DSC000014.jpg 300w, https:\/\/cloud.alqueria.es\/wp-content\/uploads\/sites\/10\/2019\/04\/DSC000014.jpg 768w\" width=\"233\" height=\"131\" loading=\"lazy\" data-original-width=\"233\" data-original-height=\"131\" itemprop=\"http:\/\/schema.org\/image\" title=\"DSC000014\" alt=\"DSC000014\" style=\"width: 233px; height: 131px;\" \/> <\/a> <\/div> <\/div> <!-- close group --> <div class=\"gallery-group images-1\" style=\"width: 237px; height: 135px;\" data-original-width=\"237\" data-original-height=\"135\" > <div class=\"tiled-gallery-item tiled-gallery-item-small\" itemprop=\"associatedMedia\" itemscope itemtype=\"http:\/\/schema.org\/ImageObject\"> <a href=\"https:\/\/www.alqueria.es\/blogs\/alqueriazulceleste\/2019\/04\/22\/semana-de-la-lectura-lunes-22-de-abril-2\/dsc000023-2\/\" border=\"0\" itemprop=\"url\"> <meta itemprop=\"width\" content=\"233\"> <meta itemprop=\"height\" content=\"131\"> <img decoding=\"async\" class=\"\" data-attachment-id=\"19222\" data-orig-file=\"https:\/\/cloud.alqueria.es\/wp-content\/uploads\/sites\/10\/2019\/04\/DSC000023.jpg\" data-orig-size=\"1024,576\" data-comments-opened=\"1\" data-image-meta=\"{&quot;aperture&quot;:&quot;0&quot;,&quot;credit&quot;:&quot;&quot;,&quot;camera&quot;:&quot;&quot;,&quot;caption&quot;:&quot;&quot;,&quot;created_timestamp&quot;:&quot;0&quot;,&quot;copyright&quot;:&quot;&quot;,&quot;focal_length&quot;:&quot;0&quot;,&quot;iso&quot;:&quot;0&quot;,&quot;shutter_speed&quot;:&quot;0&quot;,&quot;title&quot;:&quot;&quot;,&quot;orientation&quot;:&quot;0&quot;}\" data-image-title=\"DSC000023\" data-image-description=\"\" data-medium-file=\"https:\/\/cloud.alqueria.es\/wp-content\/uploads\/sites\/10\/2019\/04\/DSC000023-300x169.jpg\" data-large-file=\"https:\/\/cloud.alqueria.es\/wp-content\/uploads\/sites\/10\/2019\/04\/DSC000023.jpg\" src=\"https:\/\/i0.wp.com\/cloud.alqueria.es\/wp-content\/uploads\/sites\/10\/2019\/04\/DSC000023.jpg?w=233&#038;h=131&#038;ssl=1\" srcset=\"https:\/\/cloud.alqueria.es\/wp-content\/uploads\/sites\/10\/2019\/04\/DSC000023.jpg 1024w, https:\/\/cloud.alqueria.es\/wp-content\/uploads\/sites\/10\/2019\/04\/DSC000023.jpg 300w, https:\/\/cloud.alqueria.es\/wp-content\/uploads\/sites\/10\/2019\/04\/DSC000023.jpg 768w\" width=\"233\" height=\"131\" loading=\"lazy\" data-original-width=\"233\" data-original-height=\"131\" itemprop=\"http:\/\/schema.org\/image\" title=\"DSC000023\" alt=\"DSC000023\" style=\"width: 233px; height: 131px;\" \/> <\/a> <\/div> <\/div> <!-- close group --> <\/div> <!-- close row --> <div class=\"gallery-row\" style=\"width: 474px; height: 268px;\" data-original-width=\"474\" data-original-height=\"268\" > <div class=\"gallery-group images-1\" style=\"width: 474px; height: 268px;\" data-original-width=\"474\" data-original-height=\"268\" > <div class=\"tiled-gallery-item tiled-gallery-item-large\" itemprop=\"associatedMedia\" itemscope itemtype=\"http:\/\/schema.org\/ImageObject\"> <a href=\"https:\/\/www.alqueria.es\/blogs\/alqueriazulceleste\/2019\/04\/22\/semana-de-la-lectura-lunes-22-de-abril-2\/dsc000044\/\" border=\"0\" itemprop=\"url\"> <meta itemprop=\"width\" content=\"470\"> <meta itemprop=\"height\" content=\"264\"> <img decoding=\"async\" class=\"\" data-attachment-id=\"19223\" data-orig-file=\"https:\/\/cloud.alqueria.es\/wp-content\/uploads\/sites\/10\/2019\/04\/DSC000044.jpg\" data-orig-size=\"1024,576\" data-comments-opened=\"1\" data-image-meta=\"{&quot;aperture&quot;:&quot;0&quot;,&quot;credit&quot;:&quot;&quot;,&quot;camera&quot;:&quot;&quot;,&quot;caption&quot;:&quot;&quot;,&quot;created_timestamp&quot;:&quot;0&quot;,&quot;copyright&quot;:&quot;&quot;,&quot;focal_length&quot;:&quot;0&quot;,&quot;iso&quot;:&quot;0&quot;,&quot;shutter_speed&quot;:&quot;0&quot;,&quot;title&quot;:&quot;&quot;,&quot;orientation&quot;:&quot;0&quot;}\" data-image-title=\"DSC000044\" data-image-description=\"\" data-medium-file=\"https:\/\/cloud.alqueria.es\/wp-content\/uploads\/sites\/10\/2019\/04\/DSC000044-300x169.jpg\" data-large-file=\"https:\/\/cloud.alqueria.es\/wp-content\/uploads\/sites\/10\/2019\/04\/DSC000044.jpg\" src=\"https:\/\/i0.wp.com\/cloud.alqueria.es\/wp-content\/uploads\/sites\/10\/2019\/04\/DSC000044.jpg?w=470&#038;h=264&#038;ssl=1\" srcset=\"https:\/\/cloud.alqueria.es\/wp-content\/uploads\/sites\/10\/2019\/04\/DSC000044.jpg 1024w, https:\/\/cloud.alqueria.es\/wp-content\/uploads\/sites\/10\/2019\/04\/DSC000044.jpg 300w, https:\/\/cloud.alqueria.es\/wp-content\/uploads\/sites\/10\/2019\/04\/DSC000044.jpg 768w\" width=\"470\" height=\"264\" loading=\"lazy\" data-original-width=\"470\" data-original-height=\"264\" itemprop=\"http:\/\/schema.org\/image\" title=\"DSC000044\" alt=\"DSC000044\" style=\"width: 470px; height: 264px;\" \/> <\/a> <\/div> <\/div> <!-- close group --> <\/div> <!-- close row --> <\/div>\n<p>De vuelta a la clase llega Lindley y su ingl\u00e9s, hoy por partida doble ya <img decoding=\"async\" class=\"alignright size-medium wp-image-19224\" src=\"https:\/\/cloud.alqueria.es\/wp-content\/uploads\/sites\/10\/2019\/04\/DSC000053.jpg\" alt=\"\" width=\"300\" height=\"169\" srcset=\"https:\/\/cloud.alqueria.es\/wp-content\/uploads\/sites\/10\/2019\/04\/DSC000053.jpg 1024w, https:\/\/cloud.alqueria.es\/wp-content\/uploads\/sites\/10\/2019\/04\/DSC000053.jpg 300w, https:\/\/cloud.alqueria.es\/wp-content\/uploads\/sites\/10\/2019\/04\/DSC000053.jpg 768w\" sizes=\"(max-width: 300px) 100vw, 300px\" \/>que la acompa\u00f1a su hermana con la que tambi\u00e9n compartimos juegos y actividades.<\/p>\n<p>Tras la asamblea nos salimos un rato a la <img decoding=\"async\" class=\"alignright size-medium wp-image-19225\" src=\"https:\/\/cloud.alqueria.es\/wp-content\/uploads\/sites\/10\/2019\/04\/DSC000064.jpg\" alt=\"\" width=\"300\" height=\"169\" srcset=\"https:\/\/cloud.alqueria.es\/wp-content\/uploads\/sites\/10\/2019\/04\/DSC000064.jpg 1024w, https:\/\/cloud.alqueria.es\/wp-content\/uploads\/sites\/10\/2019\/04\/DSC000064.jpg 300w, https:\/\/cloud.alqueria.es\/wp-content\/uploads\/sites\/10\/2019\/04\/DSC000064.jpg 768w\" sizes=\"(max-width: 300px) 100vw, 300px\" \/>terraza que aunque un poco mojada nos permite jugar con las motos y corre-pasillos un buen rato.\u00a1 Qu\u00e9 estupendo es jugar al aire libre!<\/p>\n<p>Terminamos la ma\u00f1ana con una rica comida y una estupenda siesta.<\/p>\n<p>Ma\u00f1ana celebraremos el<span style=\"color: #993366\"> \u00abD\u00eda del libro\u00bb<\/span> con la actividad <span style=\"color: #ff0000\">\u00abUn libro&#8230;una flor\u00bb<\/span> con la que podemos traer un libro nuevo o reciclado a la biblioteca de la clase para compartirlo con los compa\u00f1eros y nos llevamos una flor ( pintada por los ni\u00f1os y ni\u00f1as) y la planta que hemos cuidado durante semanas en clase. \u00a1 Est\u00e1n preciosas!.\u00a1 Son unos buenos jardineros!<\/p>\n<p>Ma\u00f1ana ser\u00e1 un nuevo d\u00eda repleto de actividades.<\/p>\n<p>Nuria Garc\u00eda Pall\u00e1s.<\/p>\n<p>&nbsp;<\/p>\n","protected":false},"excerpt":{"rendered":"<p>Se acabaron los d\u00edas de vacaciones y comenzamos el \u00faltimo trimestre del curso con una semana repleta de actividades: \u00bb LA SEMANA DE LA LECTURA\u00bb. Es la semana cultural de la etapa de infantil y las actividades llevan el hilo conductor de la lectura tan importante en estas edades. Comenzamos la semana con una actividad &hellip; <a href=\"https:\/\/www.alqueria.es\/blogs\/alqueriazulceleste\/2019\/04\/22\/semana-de-la-lectura-lunes-22-de-abril-2\/\" class=\"more-link\">Seguir leyendo <span class=\"screen-reader-text\">SEMANA DE LA LECTURA. Lunes 22 de abril<\/span> <span class=\"meta-nav\">&rarr;<\/span><\/a><\/p>\n","protected":false},"author":28,"featured_media":0,"comment_status":"open","ping_status":"open","sticky":false,"template":"","format":"standard","meta":{"jetpack_post_was_ever_published":false,"_jetpack_newsletter_access":"","_jetpack_dont_email_post_to_subs":false,"_jetpack_newsletter_tier_id":0,"_jetpack_memberships_contains_paywalled_content":false,"_jetpack_memberships_contains_paid_content":false,"footnotes":"","jetpack_publicize_message":"","jetpack_publicize_feature_enabled":true,"jetpack_social_post_already_shared":true,"jetpack_social_options":{"image_generator_settings":{"template":"highway","default_image_id":0,"font":"","enabled":false},"version":2}},"categories":[12,5,104],"tags":[56],"class_list":["post-19216","post","type-post","status-publish","format-standard","hentry","category-canciones-y-cuentos","category-clase-azul","category-semana-de-la-lectura-2019","tag-semana-de-la-lectura"],"jetpack_publicize_connections":[],"jetpack_featured_media_url":"","jetpack_sharing_enabled":true,"jetpack_shortlink":"https:\/\/wp.me\/p4mlAA-4ZW","_links":{"self":[{"href":"https:\/\/www.alqueria.es\/blogs\/alqueriazulceleste\/wp-json\/wp\/v2\/posts\/19216","targetHints":{"allow":["GET"]}}],"collection":[{"href":"https:\/\/www.alqueria.es\/blogs\/alqueriazulceleste\/wp-json\/wp\/v2\/posts"}],"about":[{"href":"https:\/\/www.alqueria.es\/blogs\/alqueriazulceleste\/wp-json\/wp\/v2\/types\/post"}],"author":[{"embeddable":true,"href":"https:\/\/www.alqueria.es\/blogs\/alqueriazulceleste\/wp-json\/wp\/v2\/users\/28"}],"replies":[{"embeddable":true,"href":"https:\/\/www.alqueria.es\/blogs\/alqueriazulceleste\/wp-json\/wp\/v2\/comments?post=19216"}],"version-history":[{"count":0,"href":"https:\/\/www.alqueria.es\/blogs\/alqueriazulceleste\/wp-json\/wp\/v2\/posts\/19216\/revisions"}],"wp:attachment":[{"href":"https:\/\/www.alqueria.es\/blogs\/alqueriazulceleste\/wp-json\/wp\/v2\/media?parent=19216"}],"wp:term":[{"taxonomy":"category","embeddable":true,"href":"https:\/\/www.alqueria.es\/blogs\/alqueriazulceleste\/wp-json\/wp\/v2\/categories?post=19216"},{"taxonomy":"post_tag","embeddable":true,"href":"https:\/\/www.alqueria.es\/blogs\/alqueriazulceleste\/wp-json\/wp\/v2\/tags?post=19216"}],"curies":[{"name":"wp","href":"https:\/\/api.w.org\/{rel}","templated":true}]}}