{"id":19220,"date":"2019-04-24T23:55:18","date_gmt":"2019-04-24T21:55:18","guid":{"rendered":"https:\/\/www.alqueria.es\/blogs\/alqueriazulceleste\/?p=19220"},"modified":"2019-04-24T23:55:18","modified_gmt":"2019-04-24T21:55:18","slug":"semana-de-la-lectura-miercoles-24-de-abril-2","status":"publish","type":"post","link":"https:\/\/www.alqueria.es\/blogs\/alqueriazulceleste\/2019\/04\/24\/semana-de-la-lectura-miercoles-24-de-abril-2\/","title":{"rendered":"SEMANA DE LA LECTURA. Mi\u00e9rcoles 24 de abril"},"content":{"rendered":"<p>Comenzamos la jornada jugando con los puzles mientras poco a poco vamos sent\u00e1ndonos en el orinal y haciendo el primer cambio de pa\u00f1al de la ma\u00f1ana.<\/p>\n<p>Todo recogido antes de incorporarnos a una nueva actividad de esta semana tan interesante ; <span style=\"color: #ff0000\">\u00abCuentos Multiling\u00fces\u00bb.<\/span><\/p>\n<p>Cuatro familias del ciclo se ofrecen para contar en la clase unas interesantes historias en tres idiomas: Italiano, ingl\u00e9s y alem\u00e1n&#8230;nos parece extra\u00f1o pero en estas edades es muy importante que observen como se habla de forma diferente y como ayud\u00e1ndose de gestos, colores, im\u00e1genes, sonidos&#8230;\u00a1 PODEMOS ENTENDERNOS!.<\/p>\n<p>La mam\u00e1 de Lorenzo con <span style=\"color: #993366\">\u00abLa cosa piu importante\u00bb,<\/span> la mam\u00e1 de Lola con<span style=\"color: #339966\"> \u00abSnappy bugs\u00bb<\/span> , el pap\u00e1 de Greta con<span style=\"color: #0000ff\"> \u00abUna fiabe d\u2019Oro\u00bb<\/span> y el pap\u00e1 de Lu\u00eds con <span style=\"color: #ff6600\">\u00abDer Gruffelo\u00bb<\/span> nos han deleitado con sus bonitas historias.<\/p>\n<p class=\"jetpack-slideshow-noscript robots-nocontent\">El pase de diapositivas requiere JavaScript.<\/p><div id=\"gallery-19220-1-slideshow\" class=\"jetpack-slideshow-window jetpack-slideshow jetpack-slideshow-black\" data-trans=\"fade\" data-autostart=\"1\" data-gallery=\"[{&quot;src&quot;:&quot;https:\\\/\\\/cloud.alqueria.es\\\/wp-content\\\/uploads\\\/sites\\\/10\\\/2019\\\/04\\\/DSC00002-21-300x169.jpg&quot;,&quot;id&quot;:&quot;19249&quot;,&quot;title&quot;:&quot;DSC00002-21&quot;,&quot;alt&quot;:&quot;&quot;,&quot;caption&quot;:&quot;&quot;,&quot;itemprop&quot;:&quot;image&quot;},{&quot;src&quot;:&quot;https:\\\/\\\/cloud.alqueria.es\\\/wp-content\\\/uploads\\\/sites\\\/10\\\/2019\\\/04\\\/DSC00004-22-300x169.jpg&quot;,&quot;id&quot;:&quot;19250&quot;,&quot;title&quot;:&quot;DSC00004-22&quot;,&quot;alt&quot;:&quot;&quot;,&quot;caption&quot;:&quot;&quot;,&quot;itemprop&quot;:&quot;image&quot;},{&quot;src&quot;:&quot;https:\\\/\\\/cloud.alqueria.es\\\/wp-content\\\/uploads\\\/sites\\\/10\\\/2019\\\/04\\\/DSC00006-23-300x169.jpg&quot;,&quot;id&quot;:&quot;19251&quot;,&quot;title&quot;:&quot;DSC00006-23&quot;,&quot;alt&quot;:&quot;&quot;,&quot;caption&quot;:&quot;&quot;,&quot;itemprop&quot;:&quot;image&quot;},{&quot;src&quot;:&quot;https:\\\/\\\/cloud.alqueria.es\\\/wp-content\\\/uploads\\\/sites\\\/10\\\/2019\\\/04\\\/DSC000073-300x169.jpg&quot;,&quot;id&quot;:&quot;19252&quot;,&quot;title&quot;:&quot;DSC000073&quot;,&quot;alt&quot;:&quot;&quot;,&quot;caption&quot;:&quot;&quot;,&quot;itemprop&quot;:&quot;image&quot;},{&quot;src&quot;:&quot;https:\\\/\\\/cloud.alqueria.es\\\/wp-content\\\/uploads\\\/sites\\\/10\\\/2019\\\/04\\\/DSC00011-21-300x169.jpg&quot;,&quot;id&quot;:&quot;19253&quot;,&quot;title&quot;:&quot;DSC00011-21&quot;,&quot;alt&quot;:&quot;&quot;,&quot;caption&quot;:&quot;&quot;,&quot;itemprop&quot;:&quot;image&quot;},{&quot;src&quot;:&quot;https:\\\/\\\/cloud.alqueria.es\\\/wp-content\\\/uploads\\\/sites\\\/10\\\/2019\\\/04\\\/DSC000123-300x169.jpg&quot;,&quot;id&quot;:&quot;19254&quot;,&quot;title&quot;:&quot;DSC000123&quot;,&quot;alt&quot;:&quot;&quot;,&quot;caption&quot;:&quot;&quot;,&quot;itemprop&quot;:&quot;image&quot;},{&quot;src&quot;:&quot;https:\\\/\\\/cloud.alqueria.es\\\/wp-content\\\/uploads\\\/sites\\\/10\\\/2019\\\/04\\\/DSC00013-22-300x169.jpg&quot;,&quot;id&quot;:&quot;19255&quot;,&quot;title&quot;:&quot;DSC00013-22&quot;,&quot;alt&quot;:&quot;&quot;,&quot;caption&quot;:&quot;&quot;,&quot;itemprop&quot;:&quot;image&quot;},{&quot;src&quot;:&quot;https:\\\/\\\/cloud.alqueria.es\\\/wp-content\\\/uploads\\\/sites\\\/10\\\/2019\\\/04\\\/DSC000161-300x169.jpg&quot;,&quot;id&quot;:&quot;19256&quot;,&quot;title&quot;:&quot;DSC000161&quot;,&quot;alt&quot;:&quot;&quot;,&quot;caption&quot;:&quot;&quot;,&quot;itemprop&quot;:&quot;image&quot;},{&quot;src&quot;:&quot;https:\\\/\\\/cloud.alqueria.es\\\/wp-content\\\/uploads\\\/sites\\\/10\\\/2019\\\/04\\\/DSC00017-2-300x169.jpg&quot;,&quot;id&quot;:&quot;19257&quot;,&quot;title&quot;:&quot;DSC00017-2&quot;,&quot;alt&quot;:&quot;&quot;,&quot;caption&quot;:&quot;&quot;,&quot;itemprop&quot;:&quot;image&quot;},{&quot;src&quot;:&quot;https:\\\/\\\/cloud.alqueria.es\\\/wp-content\\\/uploads\\\/sites\\\/10\\\/2019\\\/04\\\/DSC00005-22-300x169.jpg&quot;,&quot;id&quot;:&quot;19258&quot;,&quot;title&quot;:&quot;DSC00005-22&quot;,&quot;alt&quot;:&quot;&quot;,&quot;caption&quot;:&quot;&quot;,&quot;itemprop&quot;:&quot;image&quot;}]\" itemscope itemtype=\"https:\/\/schema.org\/ImageGallery\"><\/div>\n<p>\u00a1 Muchas gracias! \u00a1 Nos ha encantado la experiencia!<\/p>\n<p>Tras la actividad agradecemos la colaboraci\u00f3n de todos los participantes y nos sentamos en una gran asamblea a comer una ricas peras mientras Charito, guitarra en mano, nos anima a cantar unas bonitas canciones que amenizan la asamblea.<\/p>\n<p class=\"jetpack-slideshow-noscript robots-nocontent\">El pase de diapositivas requiere JavaScript.<\/p><div id=\"gallery-19220-2-slideshow\" class=\"jetpack-slideshow-window jetpack-slideshow jetpack-slideshow-black\" data-trans=\"fade\" data-autostart=\"1\" data-gallery=\"[{&quot;src&quot;:&quot;https:\\\/\\\/cloud.alqueria.es\\\/wp-content\\\/uploads\\\/sites\\\/10\\\/2019\\\/04\\\/DSC00021-2-300x169.jpg&quot;,&quot;id&quot;:&quot;19259&quot;,&quot;title&quot;:&quot;DSC00021-2&quot;,&quot;alt&quot;:&quot;&quot;,&quot;caption&quot;:&quot;&quot;,&quot;itemprop&quot;:&quot;image&quot;},{&quot;src&quot;:&quot;https:\\\/\\\/cloud.alqueria.es\\\/wp-content\\\/uploads\\\/sites\\\/10\\\/2019\\\/04\\\/DSC00022-2-300x169.jpg&quot;,&quot;id&quot;:&quot;19260&quot;,&quot;title&quot;:&quot;DSC00022-2&quot;,&quot;alt&quot;:&quot;&quot;,&quot;caption&quot;:&quot;&quot;,&quot;itemprop&quot;:&quot;image&quot;},{&quot;src&quot;:&quot;https:\\\/\\\/cloud.alqueria.es\\\/wp-content\\\/uploads\\\/sites\\\/10\\\/2019\\\/04\\\/DSC00023-2-300x169.jpg&quot;,&quot;id&quot;:&quot;19261&quot;,&quot;title&quot;:&quot;DSC00023-2&quot;,&quot;alt&quot;:&quot;&quot;,&quot;caption&quot;:&quot;&quot;,&quot;itemprop&quot;:&quot;image&quot;}]\" itemscope itemtype=\"https:\/\/schema.org\/ImageGallery\"><\/div>\n<p>Un ratito de juego en la terraza hasta la hora de la comida para terminar esta interesante jornada .<\/p>\n<p>Nuria Garc\u00eda Pall\u00e1s.<\/p>\n","protected":false},"excerpt":{"rendered":"<p>Comenzamos la jornada jugando con los puzles mientras poco a poco vamos sent\u00e1ndonos en el orinal y haciendo el primer cambio de pa\u00f1al de la ma\u00f1ana. Todo recogido antes de incorporarnos a una nueva actividad de esta semana tan interesante ; \u00abCuentos Multiling\u00fces\u00bb. Cuatro familias del ciclo se ofrecen para contar en la clase unas &hellip; <a href=\"https:\/\/www.alqueria.es\/blogs\/alqueriazulceleste\/2019\/04\/24\/semana-de-la-lectura-miercoles-24-de-abril-2\/\" class=\"more-link\">Seguir leyendo <span class=\"screen-reader-text\">SEMANA DE LA LECTURA. Mi\u00e9rcoles 24 de abril<\/span> <span class=\"meta-nav\">&rarr;<\/span><\/a><\/p>\n","protected":false},"author":28,"featured_media":0,"comment_status":"open","ping_status":"open","sticky":false,"template":"","format":"standard","meta":{"jetpack_post_was_ever_published":false,"_jetpack_newsletter_access":"","_jetpack_dont_email_post_to_subs":false,"_jetpack_newsletter_tier_id":0,"_jetpack_memberships_contains_paywalled_content":false,"_jetpack_memberships_contains_paid_content":false,"footnotes":"","jetpack_publicize_message":"","jetpack_publicize_feature_enabled":true,"jetpack_social_post_already_shared":true,"jetpack_social_options":{"image_generator_settings":{"template":"highway","default_image_id":0,"font":"","enabled":false},"version":2}},"categories":[12,5,104],"tags":[91,56],"class_list":["post-19220","post","type-post","status-publish","format-standard","hentry","category-canciones-y-cuentos","category-clase-azul","category-semana-de-la-lectura-2019","tag-lectura-de-cuentos","tag-semana-de-la-lectura"],"jetpack_publicize_connections":[],"jetpack_featured_media_url":"","jetpack_sharing_enabled":true,"jetpack_shortlink":"https:\/\/wp.me\/p4mlAA-500","_links":{"self":[{"href":"https:\/\/www.alqueria.es\/blogs\/alqueriazulceleste\/wp-json\/wp\/v2\/posts\/19220","targetHints":{"allow":["GET"]}}],"collection":[{"href":"https:\/\/www.alqueria.es\/blogs\/alqueriazulceleste\/wp-json\/wp\/v2\/posts"}],"about":[{"href":"https:\/\/www.alqueria.es\/blogs\/alqueriazulceleste\/wp-json\/wp\/v2\/types\/post"}],"author":[{"embeddable":true,"href":"https:\/\/www.alqueria.es\/blogs\/alqueriazulceleste\/wp-json\/wp\/v2\/users\/28"}],"replies":[{"embeddable":true,"href":"https:\/\/www.alqueria.es\/blogs\/alqueriazulceleste\/wp-json\/wp\/v2\/comments?post=19220"}],"version-history":[{"count":0,"href":"https:\/\/www.alqueria.es\/blogs\/alqueriazulceleste\/wp-json\/wp\/v2\/posts\/19220\/revisions"}],"wp:attachment":[{"href":"https:\/\/www.alqueria.es\/blogs\/alqueriazulceleste\/wp-json\/wp\/v2\/media?parent=19220"}],"wp:term":[{"taxonomy":"category","embeddable":true,"href":"https:\/\/www.alqueria.es\/blogs\/alqueriazulceleste\/wp-json\/wp\/v2\/categories?post=19220"},{"taxonomy":"post_tag","embeddable":true,"href":"https:\/\/www.alqueria.es\/blogs\/alqueriazulceleste\/wp-json\/wp\/v2\/tags?post=19220"}],"curies":[{"name":"wp","href":"https:\/\/api.w.org\/{rel}","templated":true}]}}