{"id":19312,"date":"2019-05-03T20:56:42","date_gmt":"2019-05-03T18:56:42","guid":{"rendered":"https:\/\/www.alqueria.es\/blogs\/alqueriazulceleste\/?p=19312"},"modified":"2019-05-05T21:09:03","modified_gmt":"2019-05-05T19:09:03","slug":"dia-de-la-cruz-6","status":"publish","type":"post","link":"https:\/\/www.alqueria.es\/blogs\/alqueriazulceleste\/2019\/05\/03\/dia-de-la-cruz-6\/","title":{"rendered":"D\u00cdA DE LA CRUZ"},"content":{"rendered":"<p>Comenzamos la ma\u00f1ana jugando en la clase y con m\u00fasica de sevillanas para ambientarnos para la fiesta..<span style=\"color: #ff0000\">.\u00bb EL D\u00cdA DE LA CRUZ\u00bb.<\/span> Celebramos una jornada sin connotaciones religiosas y centrada en lo tradicional.<img decoding=\"async\" class=\"alignright size-full wp-image-19398\" src=\"https:\/\/cloud.alqueria.es\/wp-content\/uploads\/sites\/10\/2019\/05\/dia-de-la-cruz.jpg\" alt=\"\" width=\"270\" height=\"186\" \/><\/p>\n<p>El ciclo 3-6 ha montado una preciosa cruz\u00a0 en la que nosotros colaboramos con los \u00abmantoncillos\u00bb que estampamos el otro d\u00eda\u00a1 Ha quedado preciosa!.<\/p>\n<p>Salimos al jard\u00edn y compartimos con toda la etapa esta jornada festiva en donde a los m\u00e1s peque\u00f1os nos asombran los trajes de los mayores, el baile, la m\u00fasica&#8230; y a la vez nos han encantado las sala\u00edllas \u00a1 Qu\u00e9 ricas!.\u00a1 Las habas menos!<\/p>\n<p>Exploramos por el jard\u00edn y algunos se alegran al encontrarse con sus hermanos o amigos mayores,\u00a1 Nos lo hemos pasado genial!.<\/p>\n<p class=\"jetpack-slideshow-noscript robots-nocontent\">El pase de diapositivas requiere JavaScript.<\/p><div id=\"gallery-19312-1-slideshow\" class=\"jetpack-slideshow-window jetpack-slideshow jetpack-slideshow-black\" data-trans=\"fade\" data-autostart=\"1\" data-gallery=\"[{&quot;src&quot;:&quot;https:\\\/\\\/cloud.alqueria.es\\\/wp-content\\\/uploads\\\/sites\\\/10\\\/2019\\\/04\\\/DSC000162-300x169.jpg&quot;,&quot;id&quot;:&quot;19383&quot;,&quot;title&quot;:&quot;DSC000162&quot;,&quot;alt&quot;:&quot;&quot;,&quot;caption&quot;:&quot;&quot;,&quot;itemprop&quot;:&quot;image&quot;},{&quot;src&quot;:&quot;https:\\\/\\\/cloud.alqueria.es\\\/wp-content\\\/uploads\\\/sites\\\/10\\\/2019\\\/04\\\/DSC000172-300x169.jpg&quot;,&quot;id&quot;:&quot;19384&quot;,&quot;title&quot;:&quot;DSC000172&quot;,&quot;alt&quot;:&quot;&quot;,&quot;caption&quot;:&quot;&quot;,&quot;itemprop&quot;:&quot;image&quot;},{&quot;src&quot;:&quot;https:\\\/\\\/cloud.alqueria.es\\\/wp-content\\\/uploads\\\/sites\\\/10\\\/2019\\\/04\\\/DSC000184-300x169.jpg&quot;,&quot;id&quot;:&quot;19385&quot;,&quot;title&quot;:&quot;DSC000184&quot;,&quot;alt&quot;:&quot;&quot;,&quot;caption&quot;:&quot;&quot;,&quot;itemprop&quot;:&quot;image&quot;},{&quot;src&quot;:&quot;https:\\\/\\\/cloud.alqueria.es\\\/wp-content\\\/uploads\\\/sites\\\/10\\\/2019\\\/04\\\/DSC000195-300x169.jpg&quot;,&quot;id&quot;:&quot;19386&quot;,&quot;title&quot;:&quot;DSC000195&quot;,&quot;alt&quot;:&quot;&quot;,&quot;caption&quot;:&quot;&quot;,&quot;itemprop&quot;:&quot;image&quot;},{&quot;src&quot;:&quot;https:\\\/\\\/cloud.alqueria.es\\\/wp-content\\\/uploads\\\/sites\\\/10\\\/2019\\\/04\\\/DSC000203-300x169.jpg&quot;,&quot;id&quot;:&quot;19387&quot;,&quot;title&quot;:&quot;DSC000203&quot;,&quot;alt&quot;:&quot;&quot;,&quot;caption&quot;:&quot;&quot;,&quot;itemprop&quot;:&quot;image&quot;},{&quot;src&quot;:&quot;https:\\\/\\\/cloud.alqueria.es\\\/wp-content\\\/uploads\\\/sites\\\/10\\\/2019\\\/04\\\/DSC000211-300x169.jpg&quot;,&quot;id&quot;:&quot;19388&quot;,&quot;title&quot;:&quot;DSC000211&quot;,&quot;alt&quot;:&quot;&quot;,&quot;caption&quot;:&quot;&quot;,&quot;itemprop&quot;:&quot;image&quot;},{&quot;src&quot;:&quot;https:\\\/\\\/cloud.alqueria.es\\\/wp-content\\\/uploads\\\/sites\\\/10\\\/2019\\\/04\\\/DSC000231-300x169.jpg&quot;,&quot;id&quot;:&quot;19389&quot;,&quot;title&quot;:&quot;DSC000231&quot;,&quot;alt&quot;:&quot;&quot;,&quot;caption&quot;:&quot;&quot;,&quot;itemprop&quot;:&quot;image&quot;},{&quot;src&quot;:&quot;https:\\\/\\\/cloud.alqueria.es\\\/wp-content\\\/uploads\\\/sites\\\/10\\\/2019\\\/04\\\/DSC000242-300x169.jpg&quot;,&quot;id&quot;:&quot;19390&quot;,&quot;title&quot;:&quot;DSC000242&quot;,&quot;alt&quot;:&quot;&quot;,&quot;caption&quot;:&quot;&quot;,&quot;itemprop&quot;:&quot;image&quot;},{&quot;src&quot;:&quot;https:\\\/\\\/cloud.alqueria.es\\\/wp-content\\\/uploads\\\/sites\\\/10\\\/2019\\\/04\\\/DSC000263-300x169.jpg&quot;,&quot;id&quot;:&quot;19391&quot;,&quot;title&quot;:&quot;DSC000263&quot;,&quot;alt&quot;:&quot;&quot;,&quot;caption&quot;:&quot;&quot;,&quot;itemprop&quot;:&quot;image&quot;},{&quot;src&quot;:&quot;https:\\\/\\\/cloud.alqueria.es\\\/wp-content\\\/uploads\\\/sites\\\/10\\\/2019\\\/04\\\/DSC000271-300x169.jpg&quot;,&quot;id&quot;:&quot;19392&quot;,&quot;title&quot;:&quot;DSC000271&quot;,&quot;alt&quot;:&quot;&quot;,&quot;caption&quot;:&quot;&quot;,&quot;itemprop&quot;:&quot;image&quot;},{&quot;src&quot;:&quot;https:\\\/\\\/cloud.alqueria.es\\\/wp-content\\\/uploads\\\/sites\\\/10\\\/2019\\\/04\\\/DSC000281-300x169.jpg&quot;,&quot;id&quot;:&quot;19393&quot;,&quot;title&quot;:&quot;DSC000281&quot;,&quot;alt&quot;:&quot;&quot;,&quot;caption&quot;:&quot;&quot;,&quot;itemprop&quot;:&quot;image&quot;},{&quot;src&quot;:&quot;https:\\\/\\\/cloud.alqueria.es\\\/wp-content\\\/uploads\\\/sites\\\/10\\\/2019\\\/04\\\/DSC00029-300x169.jpg&quot;,&quot;id&quot;:&quot;19394&quot;,&quot;title&quot;:&quot;DSC00029&quot;,&quot;alt&quot;:&quot;&quot;,&quot;caption&quot;:&quot;&quot;,&quot;itemprop&quot;:&quot;image&quot;}]\" itemscope itemtype=\"https:\/\/schema.org\/ImageGallery\"><\/div>\n<p>Ha hecho una estupenda ma\u00f1ana con sol pero sin excesivo calor.<\/p>\n<p>Buen fin de semana.<\/p>\n<p>Nuria Garc\u00eda Pall\u00e1s.<\/p>\n","protected":false},"excerpt":{"rendered":"<p>Comenzamos la ma\u00f1ana jugando en la clase y con m\u00fasica de sevillanas para ambientarnos para la fiesta&#8230;\u00bb EL D\u00cdA DE LA CRUZ\u00bb. Celebramos una jornada sin connotaciones religiosas y centrada en lo tradicional. El ciclo 3-6 ha montado una preciosa cruz\u00a0 en la que nosotros colaboramos con los \u00abmantoncillos\u00bb que estampamos el otro d\u00eda\u00a1 Ha &hellip; <a href=\"https:\/\/www.alqueria.es\/blogs\/alqueriazulceleste\/2019\/05\/03\/dia-de-la-cruz-6\/\" class=\"more-link\">Seguir leyendo <span class=\"screen-reader-text\">D\u00cdA DE LA CRUZ<\/span> <span class=\"meta-nav\">&rarr;<\/span><\/a><\/p>\n","protected":false},"author":28,"featured_media":0,"comment_status":"open","ping_status":"open","sticky":false,"template":"","format":"standard","meta":{"jetpack_post_was_ever_published":false,"_jetpack_newsletter_access":"","_jetpack_dont_email_post_to_subs":false,"_jetpack_newsletter_tier_id":0,"_jetpack_memberships_contains_paywalled_content":false,"_jetpack_memberships_contains_paid_content":false,"footnotes":"","jetpack_publicize_message":"","jetpack_publicize_feature_enabled":true,"jetpack_social_post_already_shared":true,"jetpack_social_options":{"image_generator_settings":{"template":"highway","default_image_id":0,"font":"","enabled":false},"version":2}},"categories":[5,49],"tags":[60,106],"class_list":["post-19312","post","type-post","status-publish","format-standard","hentry","category-clase-azul","category-fiestas","tag-dia-de-la-cruz","tag-tradiciones-populares"],"jetpack_publicize_connections":[],"jetpack_featured_media_url":"","jetpack_sharing_enabled":true,"jetpack_shortlink":"https:\/\/wp.me\/p4mlAA-51u","_links":{"self":[{"href":"https:\/\/www.alqueria.es\/blogs\/alqueriazulceleste\/wp-json\/wp\/v2\/posts\/19312","targetHints":{"allow":["GET"]}}],"collection":[{"href":"https:\/\/www.alqueria.es\/blogs\/alqueriazulceleste\/wp-json\/wp\/v2\/posts"}],"about":[{"href":"https:\/\/www.alqueria.es\/blogs\/alqueriazulceleste\/wp-json\/wp\/v2\/types\/post"}],"author":[{"embeddable":true,"href":"https:\/\/www.alqueria.es\/blogs\/alqueriazulceleste\/wp-json\/wp\/v2\/users\/28"}],"replies":[{"embeddable":true,"href":"https:\/\/www.alqueria.es\/blogs\/alqueriazulceleste\/wp-json\/wp\/v2\/comments?post=19312"}],"version-history":[{"count":0,"href":"https:\/\/www.alqueria.es\/blogs\/alqueriazulceleste\/wp-json\/wp\/v2\/posts\/19312\/revisions"}],"wp:attachment":[{"href":"https:\/\/www.alqueria.es\/blogs\/alqueriazulceleste\/wp-json\/wp\/v2\/media?parent=19312"}],"wp:term":[{"taxonomy":"category","embeddable":true,"href":"https:\/\/www.alqueria.es\/blogs\/alqueriazulceleste\/wp-json\/wp\/v2\/categories?post=19312"},{"taxonomy":"post_tag","embeddable":true,"href":"https:\/\/www.alqueria.es\/blogs\/alqueriazulceleste\/wp-json\/wp\/v2\/tags?post=19312"}],"curies":[{"name":"wp","href":"https:\/\/api.w.org\/{rel}","templated":true}]}}