{"id":19463,"date":"2019-05-10T19:53:54","date_gmt":"2019-05-10T17:53:54","guid":{"rendered":"https:\/\/www.alqueria.es\/blogs\/alqueriazulceleste\/?p=19463"},"modified":"2019-05-12T20:12:14","modified_gmt":"2019-05-12T18:12:14","slug":"por-fin-viernes-8","status":"publish","type":"post","link":"https:\/\/www.alqueria.es\/blogs\/alqueriazulceleste\/2019\/05\/10\/por-fin-viernes-8\/","title":{"rendered":"\u00a1 POR FIN VIERNES!"},"content":{"rendered":"<p>Llega al final una semana en la que la salida a la vaquer\u00eda a propiciado juegos y nuevas experiencias y en donde todos hemos aprendido y disfrutado.<\/p>\n<p>En la clase comenzamos con nuestras rutinas de primera hora de la ma\u00f1ana ( comida para los gusanos, control de esf\u00ednteres&#8230;) y <img decoding=\"async\" class=\"alignright size-medium wp-image-19488\" src=\"https:\/\/cloud.alqueria.es\/wp-content\/uploads\/sites\/10\/2019\/05\/DSC000901.jpg\" alt=\"\" width=\"300\" height=\"169\" srcset=\"https:\/\/cloud.alqueria.es\/wp-content\/uploads\/sites\/10\/2019\/05\/DSC000901.jpg 1024w, https:\/\/cloud.alqueria.es\/wp-content\/uploads\/sites\/10\/2019\/05\/DSC000901.jpg 300w, https:\/\/cloud.alqueria.es\/wp-content\/uploads\/sites\/10\/2019\/05\/DSC000901.jpg 768w\" sizes=\"(max-width: 300px) 100vw, 300px\" \/>decidimos sacar los \u00abcacharritos\u00bb de la cocinita y hacer unos buenos desayunos y comidas.<\/p>\n<p>A finales de mes comenzaremos con la retirada de pa\u00f1ales a los mayores del grupo y que consideremos que est\u00e1n preparados para ello&#8230;\u00a1 Nos hacemos mayores!.<\/p>\n<p>Un rato de lectura de cuentos y, tras la asamblea de la fruta, nos vamos a disfrutar del parque y el arenero hasta la hora de la comida. \u00a1 Nos encanta!. Ya calienta el sol , as\u00ed que nos ponemos protecci\u00f3n solar en caras y brazos. Ser\u00eda interesante traer un gorro para estos momentos de parque.<\/p>\n<p class=\"jetpack-slideshow-noscript robots-nocontent\">El pase de diapositivas requiere JavaScript.<\/p><div id=\"gallery-19463-1-slideshow\" class=\"jetpack-slideshow-window jetpack-slideshow jetpack-slideshow-black\" data-trans=\"fade\" data-autostart=\"1\" data-gallery=\"[{&quot;src&quot;:&quot;https:\\\/\\\/cloud.alqueria.es\\\/wp-content\\\/uploads\\\/sites\\\/10\\\/2019\\\/05\\\/DSC00081-300x169.jpg&quot;,&quot;id&quot;:&quot;19473&quot;,&quot;title&quot;:&quot;DSC00081&quot;,&quot;alt&quot;:&quot;&quot;,&quot;caption&quot;:&quot;&quot;,&quot;itemprop&quot;:&quot;image&quot;},{&quot;src&quot;:&quot;https:\\\/\\\/cloud.alqueria.es\\\/wp-content\\\/uploads\\\/sites\\\/10\\\/2019\\\/05\\\/DSC00080-300x169.jpg&quot;,&quot;id&quot;:&quot;19472&quot;,&quot;title&quot;:&quot;DSC00080&quot;,&quot;alt&quot;:&quot;&quot;,&quot;caption&quot;:&quot;&quot;,&quot;itemprop&quot;:&quot;image&quot;},{&quot;src&quot;:&quot;https:\\\/\\\/cloud.alqueria.es\\\/wp-content\\\/uploads\\\/sites\\\/10\\\/2019\\\/05\\\/DSC00087-300x169.jpg&quot;,&quot;id&quot;:&quot;19487&quot;,&quot;title&quot;:&quot;DSC00087&quot;,&quot;alt&quot;:&quot;&quot;,&quot;caption&quot;:&quot;&quot;,&quot;itemprop&quot;:&quot;image&quot;},{&quot;src&quot;:&quot;https:\\\/\\\/cloud.alqueria.es\\\/wp-content\\\/uploads\\\/sites\\\/10\\\/2019\\\/05\\\/DSC00086-300x169.jpg&quot;,&quot;id&quot;:&quot;19486&quot;,&quot;title&quot;:&quot;DSC00086&quot;,&quot;alt&quot;:&quot;&quot;,&quot;caption&quot;:&quot;&quot;,&quot;itemprop&quot;:&quot;image&quot;}]\" itemscope itemtype=\"https:\/\/schema.org\/ImageGallery\"><\/div>\n<p>Y como ya hace unos d\u00edas estupendos y antes de que caliente mas el sol, el viernes 17 de este mes nos vamos de salida al campo. En esta ocasi\u00f3n os esperamos a las familias a comer ese d\u00eda con nosotros.<\/p>\n<p>M\u00e1s informaci\u00f3n en el tabl\u00f3n del ciclo.<\/p>\n<p>Nuria Garc\u00eda Pall\u00e1s.<\/p>\n","protected":false},"excerpt":{"rendered":"<p>Llega al final una semana en la que la salida a la vaquer\u00eda a propiciado juegos y nuevas experiencias y en donde todos hemos aprendido y disfrutado. En la clase comenzamos con nuestras rutinas de primera hora de la ma\u00f1ana ( comida para los gusanos, control de esf\u00ednteres&#8230;) y decidimos sacar los \u00abcacharritos\u00bb de la &hellip; <a href=\"https:\/\/www.alqueria.es\/blogs\/alqueriazulceleste\/2019\/05\/10\/por-fin-viernes-8\/\" class=\"more-link\">Seguir leyendo <span class=\"screen-reader-text\">\u00a1 POR FIN VIERNES!<\/span> <span class=\"meta-nav\">&rarr;<\/span><\/a><\/p>\n","protected":false},"author":28,"featured_media":0,"comment_status":"open","ping_status":"open","sticky":false,"template":"","format":"standard","meta":{"jetpack_post_was_ever_published":false,"_jetpack_newsletter_access":"","_jetpack_dont_email_post_to_subs":false,"_jetpack_newsletter_tier_id":0,"_jetpack_memberships_contains_paywalled_content":false,"_jetpack_memberships_contains_paid_content":false,"footnotes":"","jetpack_publicize_message":"","jetpack_publicize_feature_enabled":true,"jetpack_social_post_already_shared":true,"jetpack_social_options":{"image_generator_settings":{"template":"highway","default_image_id":0,"font":"","enabled":false},"version":2}},"categories":[5],"tags":[],"class_list":["post-19463","post","type-post","status-publish","format-standard","hentry","category-clase-azul"],"jetpack_publicize_connections":[],"jetpack_featured_media_url":"","jetpack_sharing_enabled":true,"jetpack_shortlink":"https:\/\/wp.me\/p4mlAA-53V","_links":{"self":[{"href":"https:\/\/www.alqueria.es\/blogs\/alqueriazulceleste\/wp-json\/wp\/v2\/posts\/19463","targetHints":{"allow":["GET"]}}],"collection":[{"href":"https:\/\/www.alqueria.es\/blogs\/alqueriazulceleste\/wp-json\/wp\/v2\/posts"}],"about":[{"href":"https:\/\/www.alqueria.es\/blogs\/alqueriazulceleste\/wp-json\/wp\/v2\/types\/post"}],"author":[{"embeddable":true,"href":"https:\/\/www.alqueria.es\/blogs\/alqueriazulceleste\/wp-json\/wp\/v2\/users\/28"}],"replies":[{"embeddable":true,"href":"https:\/\/www.alqueria.es\/blogs\/alqueriazulceleste\/wp-json\/wp\/v2\/comments?post=19463"}],"version-history":[{"count":0,"href":"https:\/\/www.alqueria.es\/blogs\/alqueriazulceleste\/wp-json\/wp\/v2\/posts\/19463\/revisions"}],"wp:attachment":[{"href":"https:\/\/www.alqueria.es\/blogs\/alqueriazulceleste\/wp-json\/wp\/v2\/media?parent=19463"}],"wp:term":[{"taxonomy":"category","embeddable":true,"href":"https:\/\/www.alqueria.es\/blogs\/alqueriazulceleste\/wp-json\/wp\/v2\/categories?post=19463"},{"taxonomy":"post_tag","embeddable":true,"href":"https:\/\/www.alqueria.es\/blogs\/alqueriazulceleste\/wp-json\/wp\/v2\/tags?post=19463"}],"curies":[{"name":"wp","href":"https:\/\/api.w.org\/{rel}","templated":true}]}}