{"id":21255,"date":"2020-02-20T23:41:19","date_gmt":"2020-02-20T22:41:19","guid":{"rendered":"http:\/\/www.alqueria.es\/blogs\/alqueriazulceleste\/?p=21255"},"modified":"2020-02-20T23:43:23","modified_gmt":"2020-02-20T22:43:23","slug":"que-llega-el-carnaval","status":"publish","type":"post","link":"https:\/\/www.alqueria.es\/blogs\/alqueriazulceleste\/2020\/02\/20\/que-llega-el-carnaval\/","title":{"rendered":"\u00a1 QUE LLEGA EL CARNAVAL!"},"content":{"rendered":"<p>Ya estamos llegando al final de la semana y con ella al viernes tan esperado en el que celebraremos el Carnaval con todos los <img decoding=\"async\" class=\"alignright size-medium wp-image-21278\" src=\"https:\/\/cloud.alqueria.es\/wp-content\/uploads\/sites\/10\/2020\/02\/dibujos-elementos-carnaval_23-2147537067.jpg\" alt=\"\" width=\"300\" height=\"300\" srcset=\"https:\/\/cloud.alqueria.es\/wp-content\/uploads\/sites\/10\/2020\/02\/dibujos-elementos-carnaval_23-2147537067.jpg 626w, https:\/\/cloud.alqueria.es\/wp-content\/uploads\/sites\/10\/2020\/02\/dibujos-elementos-carnaval_23-2147537067.jpg 150w, https:\/\/cloud.alqueria.es\/wp-content\/uploads\/sites\/10\/2020\/02\/dibujos-elementos-carnaval_23-2147537067.jpg 300w\" sizes=\"(max-width: 300px) 100vw, 300px\" \/>compa\u00f1eros del cole.<\/p>\n<p>Ya tenemos listas nuestras camisetas para el disfraz y ma\u00f1ana haremos nuestra comparsa todos vestidos y maquillados para la ocasi\u00f3n.<\/p>\n<p>Hoy, siguiendo nuestras rutinas, trabajamos en una nueva sesi\u00f3n de Juego Heur\u00edstico. Latas, tapones, gomas y botes son los materiales elegidos para la sesi\u00f3n. Todos han investigado y disfrutado en el juego y para finalizar han colaborado sin problemas en la recogida y clasificaci\u00f3n de los materiales&#8230;\u00a1 Aunque algunos \u00abremolonean\u00bb jugando en la cocinita!<\/p>\n<p class=\"jetpack-slideshow-noscript robots-nocontent\">El pase de diapositivas requiere JavaScript.<\/p><div id=\"gallery-21255-1-slideshow\" class=\"jetpack-slideshow-window jetpack-slideshow jetpack-slideshow-black\" data-trans=\"fade\" data-autostart=\"1\" data-gallery=\"[{&quot;src&quot;:&quot;https:\\\/\\\/cloud.alqueria.es\\\/wp-content\\\/uploads\\\/sites\\\/10\\\/2020\\\/02\\\/DSC00964-300x169.jpg&quot;,&quot;id&quot;:&quot;21272&quot;,&quot;title&quot;:&quot;DSC00964&quot;,&quot;alt&quot;:&quot;&quot;,&quot;caption&quot;:&quot;&quot;,&quot;itemprop&quot;:&quot;image&quot;},{&quot;src&quot;:&quot;https:\\\/\\\/cloud.alqueria.es\\\/wp-content\\\/uploads\\\/sites\\\/10\\\/2020\\\/02\\\/DSC00965-300x169.jpg&quot;,&quot;id&quot;:&quot;21273&quot;,&quot;title&quot;:&quot;DSC00965&quot;,&quot;alt&quot;:&quot;&quot;,&quot;caption&quot;:&quot;&quot;,&quot;itemprop&quot;:&quot;image&quot;},{&quot;src&quot;:&quot;https:\\\/\\\/cloud.alqueria.es\\\/wp-content\\\/uploads\\\/sites\\\/10\\\/2020\\\/02\\\/DSC00967-300x169.jpg&quot;,&quot;id&quot;:&quot;21274&quot;,&quot;title&quot;:&quot;DSC00967&quot;,&quot;alt&quot;:&quot;&quot;,&quot;caption&quot;:&quot;&quot;,&quot;itemprop&quot;:&quot;image&quot;},{&quot;src&quot;:&quot;https:\\\/\\\/cloud.alqueria.es\\\/wp-content\\\/uploads\\\/sites\\\/10\\\/2020\\\/02\\\/DSC00968-300x169.jpg&quot;,&quot;id&quot;:&quot;21275&quot;,&quot;title&quot;:&quot;DSC00968&quot;,&quot;alt&quot;:&quot;&quot;,&quot;caption&quot;:&quot;&quot;,&quot;itemprop&quot;:&quot;image&quot;},{&quot;src&quot;:&quot;https:\\\/\\\/cloud.alqueria.es\\\/wp-content\\\/uploads\\\/sites\\\/10\\\/2020\\\/02\\\/DSC00969-300x169.jpg&quot;,&quot;id&quot;:&quot;21276&quot;,&quot;title&quot;:&quot;DSC00969&quot;,&quot;alt&quot;:&quot;&quot;,&quot;caption&quot;:&quot;&quot;,&quot;itemprop&quot;:&quot;image&quot;}]\" itemscope itemtype=\"https:\/\/schema.org\/ImageGallery\"><\/div>\n<p>Asamblea de la fruta antes de salir un buen rato a la terraza donde jugamos en el arenero y con los coches y corre-pasillos.<\/p>\n<p>Ma\u00f1ana os esperamos a todos en la fiesta. Tenemos una estupenda merienda con chocolate y torta despu\u00e9s de unas interesantes comparsas&#8230;<span style=\"color: #ff0000\">\u00a1 CARNAVAL&#8230;CARNAVAL!.<\/span><\/p>\n<p>Nuria Garc\u00eda Pall\u00e1s.<\/p>\n","protected":false},"excerpt":{"rendered":"<p>Ya estamos llegando al final de la semana y con ella al viernes tan esperado en el que celebraremos el Carnaval con todos los compa\u00f1eros del cole. Ya tenemos listas nuestras camisetas para el disfraz y ma\u00f1ana haremos nuestra comparsa todos vestidos y maquillados para la ocasi\u00f3n. Hoy, siguiendo nuestras rutinas, trabajamos en una nueva &hellip; <a href=\"https:\/\/www.alqueria.es\/blogs\/alqueriazulceleste\/2020\/02\/20\/que-llega-el-carnaval\/\" class=\"more-link\">Seguir leyendo <span class=\"screen-reader-text\">\u00a1 QUE LLEGA EL CARNAVAL!<\/span> <span class=\"meta-nav\">&rarr;<\/span><\/a><\/p>\n","protected":false},"author":28,"featured_media":0,"comment_status":"open","ping_status":"open","sticky":false,"template":"","format":"standard","meta":{"jetpack_post_was_ever_published":false,"_jetpack_newsletter_access":"","_jetpack_dont_email_post_to_subs":false,"_jetpack_newsletter_tier_id":0,"_jetpack_memberships_contains_paywalled_content":false,"_jetpack_memberships_contains_paid_content":false,"footnotes":"","jetpack_publicize_message":"","jetpack_publicize_feature_enabled":true,"jetpack_social_post_already_shared":true,"jetpack_social_options":{"image_generator_settings":{"template":"highway","default_image_id":0,"font":"","enabled":false},"version":2}},"categories":[5,8],"tags":[],"class_list":["post-21255","post","type-post","status-publish","format-standard","hentry","category-clase-azul","category-juego-heuristico"],"jetpack_publicize_connections":[],"jetpack_featured_media_url":"","jetpack_sharing_enabled":true,"jetpack_shortlink":"https:\/\/wp.me\/p4mlAA-5wP","_links":{"self":[{"href":"https:\/\/www.alqueria.es\/blogs\/alqueriazulceleste\/wp-json\/wp\/v2\/posts\/21255","targetHints":{"allow":["GET"]}}],"collection":[{"href":"https:\/\/www.alqueria.es\/blogs\/alqueriazulceleste\/wp-json\/wp\/v2\/posts"}],"about":[{"href":"https:\/\/www.alqueria.es\/blogs\/alqueriazulceleste\/wp-json\/wp\/v2\/types\/post"}],"author":[{"embeddable":true,"href":"https:\/\/www.alqueria.es\/blogs\/alqueriazulceleste\/wp-json\/wp\/v2\/users\/28"}],"replies":[{"embeddable":true,"href":"https:\/\/www.alqueria.es\/blogs\/alqueriazulceleste\/wp-json\/wp\/v2\/comments?post=21255"}],"version-history":[{"count":5,"href":"https:\/\/www.alqueria.es\/blogs\/alqueriazulceleste\/wp-json\/wp\/v2\/posts\/21255\/revisions"}],"predecessor-version":[{"id":21281,"href":"https:\/\/www.alqueria.es\/blogs\/alqueriazulceleste\/wp-json\/wp\/v2\/posts\/21255\/revisions\/21281"}],"wp:attachment":[{"href":"https:\/\/www.alqueria.es\/blogs\/alqueriazulceleste\/wp-json\/wp\/v2\/media?parent=21255"}],"wp:term":[{"taxonomy":"category","embeddable":true,"href":"https:\/\/www.alqueria.es\/blogs\/alqueriazulceleste\/wp-json\/wp\/v2\/categories?post=21255"},{"taxonomy":"post_tag","embeddable":true,"href":"https:\/\/www.alqueria.es\/blogs\/alqueriazulceleste\/wp-json\/wp\/v2\/tags?post=21255"}],"curies":[{"name":"wp","href":"https:\/\/api.w.org\/{rel}","templated":true}]}}