{"id":22361,"date":"2020-06-16T13:31:37","date_gmt":"2020-06-16T11:31:37","guid":{"rendered":"http:\/\/www.alqueria.es\/blogs\/alqueriazulceleste\/?p=22361"},"modified":"2020-06-16T13:31:37","modified_gmt":"2020-06-16T11:31:37","slug":"libros-de-verano","status":"publish","type":"post","link":"https:\/\/www.alqueria.es\/blogs\/alqueriazulceleste\/2020\/06\/16\/libros-de-verano\/","title":{"rendered":"LIBROS DE VERANO"},"content":{"rendered":"\r\n<p><img decoding=\"async\" class=\"size-full wp-image-22379 alignleft\" src=\"https:\/\/cloud.alqueria.es\/wp-content\/uploads\/sites\/10\/2020\/06\/descarga-34-1.jpg\" alt=\"\" width=\"225\" height=\"225\" srcset=\"https:\/\/cloud.alqueria.es\/wp-content\/uploads\/sites\/10\/2020\/06\/descarga-34-1.jpg 225w, https:\/\/cloud.alqueria.es\/wp-content\/uploads\/sites\/10\/2020\/06\/descarga-34-1-150x150.jpg 150w\" sizes=\"(max-width: 225px) 100vw, 225px\" \/>\u00a1Qu\u00e9 estupendo d\u00eda soleado!&#8230; Ya se va notando el ambiente veraniego y seguro que podremos disfrutar de unas semanas de descanso con la familia en la playa, en el campo, en el pueblo&#8230;\u00a1En fin&#8230;lo importante es estar juntos en familia!.<\/p>\r\n<p>Para estas merecidas vacaciones en las que seguro nuestros peque\u00f1os van a disfrutar de muchos momentos de juego, os propongo que trabajemos el amor por la lectura, el inter\u00e9s por los <img decoding=\"async\" class=\"alignright size-full wp-image-22381\" src=\"https:\/\/cloud.alqueria.es\/wp-content\/uploads\/sites\/10\/2020\/06\/images-50.jpg\" alt=\"\" width=\"209\" height=\"242\" \/>libros, el disfrutar de nuevas e interesantes historias que nos cuentan esas p\u00e1ginas llenas de letras e ilustraciones.\u00a1 Qui\u00e9n no se lleva un libro a la playa!&#8230;\u00a1 Y un peri\u00f3dico o revista!&#8230;Pues desde hoy llevaremos tambi\u00e9n en nuestra \u00abmaleta\u00bb unas escogidas lecturas para nuestros ni\u00f1os o ni\u00f1as.<\/p>\r\n<p><img decoding=\"async\" class=\"alignright size-full wp-image-22383\" src=\"https:\/\/cloud.alqueria.es\/wp-content\/uploads\/sites\/10\/2020\/06\/images-52.jpg\" alt=\"\" width=\"261\" height=\"193\" \/>\u00a0La lectura \u00a0para nuestros peque\u00f1os es importante porque favorece el desarrollo del lenguaje, ampl\u00eda el vocabulario, ayuda al aprendizaje de los distintos usos de las palabras y, por supuesto, enriquece el v\u00ednculo afectivo entre el ni\u00f1o y quien le est\u00e1 leyendo.<\/p>\r\n<p><img decoding=\"async\" class=\"size-full wp-image-22382 alignleft\" src=\"https:\/\/cloud.alqueria.es\/wp-content\/uploads\/sites\/10\/2020\/06\/images-51.jpg\" alt=\"\" width=\"228\" height=\"221\" \/>El ni\u00f1o, en\u00a0 ocasiones, no entender\u00e1 todo lo que usted hace, ni tampoco por qu\u00e9 lo hace.\u00a0<\/p>\r\n<div id=\"khcontent\">\r\n<div id=\"khcontent_article\" lang=\"es-us\">\r\n<p>Pero leer en voz alta a su hijo es una actividad compartida maravillosa que puede continuar durante a\u00f1os, y es un est\u00edmulo importante.<\/p>\r\n<p>Leer en voz alta:<\/p>\r\n<ul>\r\n<li>le ense\u00f1a al beb\u00e9 a comunicarse<\/li>\r\n<li>introduce conceptos como los n\u00fameros, las letras, los colores y las formas de una manera divertida<\/li>\r\n<li>desarrolla aptitudes de audici\u00f3n, memoria y vocabulario<\/li>\r\n<li>les da a los beb\u00e9s informaci\u00f3n sobre el mundo que los rodea<\/li>\r\n<\/ul>\r\n<p>Para cuando los beb\u00e9s cumplen el primer a\u00f1o de vida ya han aprendido todos los sonidos necesarios para hablar su idioma nativo. Cuantas m\u00e1s historias le leas a los peque\u00f1os,\u00a0 mayor facilidad tendr\u00e1 para hablar.<\/p>\r\n<p><img decoding=\"async\" class=\"alignright size-full wp-image-22380\" src=\"https:\/\/cloud.alqueria.es\/wp-content\/uploads\/sites\/10\/2020\/06\/images-49.jpg\" alt=\"\" width=\"225\" height=\"225\" srcset=\"https:\/\/cloud.alqueria.es\/wp-content\/uploads\/sites\/10\/2020\/06\/images-49.jpg 225w, https:\/\/cloud.alqueria.es\/wp-content\/uploads\/sites\/10\/2020\/06\/images-49-150x150.jpg 150w\" sizes=\"(max-width: 225px) 100vw, 225px\" \/>Tambi\u00e9n debemos trabajar en la lectura de im\u00e1genes dejando que el ni\u00f1o\/a manipule los libros, observe, fantasee, invente&#8230;historias nuevas e interesantes que aprender\u00e1 a comunicar.<\/p>\r\n<p>Y como en esta \u00faltima semana de curso queremos recordar&#8230;pues vamos con algunos cuentos que leemos en clase&#8230;\u00a0 \u00a0 \u00a0 \u00a0\u00bf Los recuerdas?<\/p>\r\n<\/div>\r\n<\/div>\r\n<p><span class=\"embed-youtube\" style=\"text-align:center; display: block;\"><div class=\"a25-CTUOC-hidding-box\" data-original-content=\"&lt;iframe loading=&quot;lazy&quot; class=&quot;youtube-player&quot; width=&quot;474&quot; height=&quot;267&quot; src=&quot;https:\/\/www.youtube.com\/embed\/lCafEyY4Juw?version=3&amp;#038;rel=1&amp;#038;showsearch=0&amp;#038;showinfo=1&amp;#038;iv_load_policy=1&amp;#038;fs=1&amp;#038;hl=es-ES&amp;#038;autohide=2&amp;#038;wmode=transparent&quot; allowfullscreen=&quot;true&quot; style=&quot;border:0;&quot; sandbox=&quot;allow-scripts allow-same-origin allow-popups allow-presentation allow-popups-to-escape-sandbox&quot;&gt;&lt;\/iframe&gt;\">Esta p\u00e1gina incluye contenido multimedia que requiere aceptar todas las cookies. Pulse aqu\u00ed para abrir la configuraci\u00f3n de cookies.<\/div><\/span><\/p>\r\n<p><span class=\"embed-youtube\" style=\"text-align:center; display: block;\"><div class=\"a25-CTUOC-hidding-box\" data-original-content=\"&lt;iframe loading=&quot;lazy&quot; class=&quot;youtube-player&quot; width=&quot;474&quot; height=&quot;267&quot; src=&quot;https:\/\/www.youtube.com\/embed\/mip1g7r4FKw?version=3&amp;#038;rel=1&amp;#038;showsearch=0&amp;#038;showinfo=1&amp;#038;iv_load_policy=1&amp;#038;fs=1&amp;#038;hl=es-ES&amp;#038;autohide=2&amp;#038;wmode=transparent&quot; allowfullscreen=&quot;true&quot; style=&quot;border:0;&quot; sandbox=&quot;allow-scripts allow-same-origin allow-popups allow-presentation allow-popups-to-escape-sandbox&quot;&gt;&lt;\/iframe&gt;\">Esta p\u00e1gina incluye contenido multimedia que requiere aceptar todas las cookies. Pulse aqu\u00ed para abrir la configuraci\u00f3n de cookies.<\/div><\/span><\/p>\r\n<p>Y ma\u00f1ana seguiremos con nuestras propuestas y recuerdos<\/p>\r\n<p>Un beso muy fuerte<\/p>\r\n<p>Nuria Garc\u00eda Pall\u00e1s.<\/p>\r\n","protected":false},"excerpt":{"rendered":"<p>\u00a1Qu\u00e9 estupendo d\u00eda soleado!&#8230; Ya se va notando el ambiente veraniego y seguro que podremos disfrutar de unas semanas de descanso con la familia en la playa, en el campo, en el pueblo&#8230;\u00a1En fin&#8230;lo importante es estar juntos en familia!. Para estas merecidas vacaciones en las que seguro nuestros peque\u00f1os van a disfrutar de muchos &hellip; <a href=\"https:\/\/www.alqueria.es\/blogs\/alqueriazulceleste\/2020\/06\/16\/libros-de-verano\/\" class=\"more-link\">Seguir leyendo <span class=\"screen-reader-text\">LIBROS DE VERANO<\/span> <span class=\"meta-nav\">&rarr;<\/span><\/a><\/p>\n","protected":false},"author":28,"featured_media":0,"comment_status":"open","ping_status":"open","sticky":false,"template":"","format":"standard","meta":{"jetpack_post_was_ever_published":false,"_jetpack_newsletter_access":"","_jetpack_dont_email_post_to_subs":false,"_jetpack_newsletter_tier_id":0,"_jetpack_memberships_contains_paywalled_content":false,"_jetpack_memberships_contains_paid_content":false,"footnotes":"","jetpack_publicize_message":"","jetpack_publicize_feature_enabled":true,"jetpack_social_post_already_shared":true,"jetpack_social_options":{"image_generator_settings":{"template":"highway","default_image_id":0,"font":"","enabled":false},"version":2}},"categories":[5,118],"tags":[91],"class_list":["post-22361","post","type-post","status-publish","format-standard","hentry","category-clase-azul","category-lectura","tag-lectura-de-cuentos"],"jetpack_publicize_connections":[],"jetpack_featured_media_url":"","jetpack_sharing_enabled":true,"jetpack_shortlink":"https:\/\/wp.me\/p4mlAA-5OF","_links":{"self":[{"href":"https:\/\/www.alqueria.es\/blogs\/alqueriazulceleste\/wp-json\/wp\/v2\/posts\/22361","targetHints":{"allow":["GET"]}}],"collection":[{"href":"https:\/\/www.alqueria.es\/blogs\/alqueriazulceleste\/wp-json\/wp\/v2\/posts"}],"about":[{"href":"https:\/\/www.alqueria.es\/blogs\/alqueriazulceleste\/wp-json\/wp\/v2\/types\/post"}],"author":[{"embeddable":true,"href":"https:\/\/www.alqueria.es\/blogs\/alqueriazulceleste\/wp-json\/wp\/v2\/users\/28"}],"replies":[{"embeddable":true,"href":"https:\/\/www.alqueria.es\/blogs\/alqueriazulceleste\/wp-json\/wp\/v2\/comments?post=22361"}],"version-history":[{"count":7,"href":"https:\/\/www.alqueria.es\/blogs\/alqueriazulceleste\/wp-json\/wp\/v2\/posts\/22361\/revisions"}],"predecessor-version":[{"id":22386,"href":"https:\/\/www.alqueria.es\/blogs\/alqueriazulceleste\/wp-json\/wp\/v2\/posts\/22361\/revisions\/22386"}],"wp:attachment":[{"href":"https:\/\/www.alqueria.es\/blogs\/alqueriazulceleste\/wp-json\/wp\/v2\/media?parent=22361"}],"wp:term":[{"taxonomy":"category","embeddable":true,"href":"https:\/\/www.alqueria.es\/blogs\/alqueriazulceleste\/wp-json\/wp\/v2\/categories?post=22361"},{"taxonomy":"post_tag","embeddable":true,"href":"https:\/\/www.alqueria.es\/blogs\/alqueriazulceleste\/wp-json\/wp\/v2\/tags?post=22361"}],"curies":[{"name":"wp","href":"https:\/\/api.w.org\/{rel}","templated":true}]}}