{"id":22788,"date":"2021-02-16T22:25:05","date_gmt":"2021-02-16T21:25:05","guid":{"rendered":"http:\/\/www.alqueria.es\/blogs\/alqueriazulceleste\/?p=22788"},"modified":"2021-02-16T22:29:32","modified_gmt":"2021-02-16T21:29:32","slug":"vamos-a-la-%c2%a8playa%c2%a8-calienta-el-sol","status":"publish","type":"post","link":"https:\/\/www.alqueria.es\/blogs\/alqueriazulceleste\/2021\/02\/16\/vamos-a-la-%c2%a8playa%c2%a8-calienta-el-sol\/","title":{"rendered":"Vamos a la \u00a8playa\u00a8, calienta el sol"},"content":{"rendered":"<p>De pelota en pelota y la tiro porque bota.<\/p>\n<p>\u00a1Mira mira qu\u00e9 alta!, \u00a1hasta el cielo!, \u00a1hasta el infinito y m\u00e1s all\u00e1!, \u00a1gooooool!. Lanzamos muy altas las pelotas y jugamos al f\u00fatbol, ni Iker Casillas, en sus mejores momentos, paraba tan bien los \u00a8penaltis\u00a8. Compartimos actividad con la clase amarilla, somos un gran equipo y una gran \u00a8familia\u00a8, de eso no cabe duda.<\/p>\n<p>Hoy tenemos una gran novedad&#8230; (redoble de tambores)&#8230; os damos una pista&#8230;<\/p>\n<p>(Leedlo cantando)<\/p>\n<p>Coge tu sombrero y p\u00f3ntelo<br \/>\nVamos a la playa, calienta el sol<br \/>\nChi ri bi ri bi, po ro pom po [x4]<br \/>\nEn la arena escrib\u00ed tu nombre<br \/>\nY luego yo lo borr\u00e9<br \/>\nPara que nadie pisara&#8230;<\/p>\n<p class=\"jetpack-slideshow-noscript robots-nocontent\">El pase de diapositivas requiere JavaScript.<\/p><div id=\"gallery-22788-1-slideshow\" class=\"jetpack-slideshow-window jetpack-slideshow jetpack-slideshow-black\" data-trans=\"fade\" data-autostart=\"1\" data-gallery=\"[{&quot;src&quot;:&quot;https:\\\/\\\/cloud.alqueria.es\\\/wp-content\\\/uploads\\\/sites\\\/10\\\/2021\\\/02\\\/IMG_20210216_140059.jpg&quot;,&quot;id&quot;:&quot;22789&quot;,&quot;title&quot;:&quot;IMG_20210216_140059&quot;,&quot;alt&quot;:&quot;&quot;,&quot;caption&quot;:&quot;&quot;,&quot;itemprop&quot;:&quot;image&quot;},{&quot;src&quot;:&quot;https:\\\/\\\/cloud.alqueria.es\\\/wp-content\\\/uploads\\\/sites\\\/10\\\/2021\\\/02\\\/IMG_20210216_140321.jpg&quot;,&quot;id&quot;:&quot;22790&quot;,&quot;title&quot;:&quot;IMG_20210216_140321&quot;,&quot;alt&quot;:&quot;&quot;,&quot;caption&quot;:&quot;&quot;,&quot;itemprop&quot;:&quot;image&quot;},{&quot;src&quot;:&quot;https:\\\/\\\/cloud.alqueria.es\\\/wp-content\\\/uploads\\\/sites\\\/10\\\/2021\\\/02\\\/IMG_20210216_161609.jpg&quot;,&quot;id&quot;:&quot;22791&quot;,&quot;title&quot;:&quot;IMG_20210216_161609&quot;,&quot;alt&quot;:&quot;&quot;,&quot;caption&quot;:&quot;&quot;,&quot;itemprop&quot;:&quot;image&quot;},{&quot;src&quot;:&quot;https:\\\/\\\/cloud.alqueria.es\\\/wp-content\\\/uploads\\\/sites\\\/10\\\/2021\\\/02\\\/IMG_20210216_220946.jpg&quot;,&quot;id&quot;:&quot;22792&quot;,&quot;title&quot;:&quot;IMG_20210216_220946&quot;,&quot;alt&quot;:&quot;&quot;,&quot;caption&quot;:&quot;&quot;,&quot;itemprop&quot;:&quot;image&quot;},{&quot;src&quot;:&quot;https:\\\/\\\/cloud.alqueria.es\\\/wp-content\\\/uploads\\\/sites\\\/10\\\/2021\\\/02\\\/IMG_20210216_221037.jpg&quot;,&quot;id&quot;:&quot;22793&quot;,&quot;title&quot;:&quot;IMG_20210216_221037&quot;,&quot;alt&quot;:&quot;&quot;,&quot;caption&quot;:&quot;&quot;,&quot;itemprop&quot;:&quot;image&quot;},{&quot;src&quot;:&quot;https:\\\/\\\/cloud.alqueria.es\\\/wp-content\\\/uploads\\\/sites\\\/10\\\/2021\\\/02\\\/IMG_20210216_221157.jpg&quot;,&quot;id&quot;:&quot;22794&quot;,&quot;title&quot;:&quot;IMG_20210216_221157&quot;,&quot;alt&quot;:&quot;&quot;,&quot;caption&quot;:&quot;&quot;,&quot;itemprop&quot;:&quot;image&quot;},{&quot;src&quot;:&quot;https:\\\/\\\/cloud.alqueria.es\\\/wp-content\\\/uploads\\\/sites\\\/10\\\/2021\\\/02\\\/IMG_20210216_221214.jpg&quot;,&quot;id&quot;:&quot;22795&quot;,&quot;title&quot;:&quot;IMG_20210216_221214&quot;,&quot;alt&quot;:&quot;&quot;,&quot;caption&quot;:&quot;&quot;,&quot;itemprop&quot;:&quot;image&quot;},{&quot;src&quot;:&quot;https:\\\/\\\/cloud.alqueria.es\\\/wp-content\\\/uploads\\\/sites\\\/10\\\/2021\\\/02\\\/IMG_20210216_221229.jpg&quot;,&quot;id&quot;:&quot;22796&quot;,&quot;title&quot;:&quot;IMG_20210216_221229&quot;,&quot;alt&quot;:&quot;&quot;,&quot;caption&quot;:&quot;&quot;,&quot;itemprop&quot;:&quot;image&quot;}]\" itemscope itemtype=\"https:\/\/schema.org\/ImageGallery\"><\/div>\n<p>\u00a1Es el arenero! con la buena temperatura que ha hecho, era el momento ideal para \u00a8estrenarlo\u00a8. Al principio est\u00e1bamos asombrados, Charly se manten\u00eda reacio, pero al vernos disfrutar, se uni\u00f3 muy r\u00e1pidamente.<\/p>\n<p>Tirarnos la arena por encima (vais a tener m\u00e1s arena que ni\u00f1@ hoy), ha sido el juego por excelencia, hemos disfrutado mucho, descubriendo la arena y la de cosas que se puede hacer con ella. Tanto hemos disfrutado que a la hora de finalizar&#8230; \u00bfno hace falta que digamos lo que ha ocurrido, verdad?&#8230; efectivamente, nadie quer\u00eda salir&#8230;<\/p>\n<p>El arenero, lo tenemos en la terraza, tapado para que se conserve perfectamente, despu\u00e9s de cada uso. Si la temperatura nos lo permite, cada vez que salgamos a la terraza lo utilizaremos.<br \/>\n\u00a1Es caballo ganador!.<\/p>\n<p>Mientras la clase amarilla ensayaba su canci\u00f3n de carnaval, nosotros hac\u00edamos sonar sus maracas. Hay que decir que le han quedado muy chulas, las maracas, la canci\u00f3n y la representaci\u00f3nl. Son unos campeones nuestros amigos, very well!.<\/p>\n<p>Un besazo muy grande y nos vemos ma\u00f1ana.<\/p>\n<p>&nbsp;<\/p>\n<p>Alba Cala.<\/p>\n","protected":false},"excerpt":{"rendered":"<p>De pelota en pelota y la tiro porque bota. \u00a1Mira mira qu\u00e9 alta!, \u00a1hasta el cielo!, \u00a1hasta el infinito y m\u00e1s all\u00e1!, \u00a1gooooool!. Lanzamos muy altas las pelotas y jugamos al f\u00fatbol, ni Iker Casillas, en sus mejores momentos, paraba tan bien los \u00a8penaltis\u00a8. Compartimos actividad con la clase amarilla, somos un gran equipo y &hellip; <a href=\"https:\/\/www.alqueria.es\/blogs\/alqueriazulceleste\/2021\/02\/16\/vamos-a-la-%c2%a8playa%c2%a8-calienta-el-sol\/\" class=\"more-link\">Seguir leyendo <span class=\"screen-reader-text\">Vamos a la \u00a8playa\u00a8, calienta el sol<\/span> <span class=\"meta-nav\">&rarr;<\/span><\/a><\/p>\n","protected":false},"author":28,"featured_media":0,"comment_status":"open","ping_status":"open","sticky":false,"template":"","format":"standard","meta":{"jetpack_post_was_ever_published":false,"_jetpack_newsletter_access":"","_jetpack_dont_email_post_to_subs":false,"_jetpack_newsletter_tier_id":0,"_jetpack_memberships_contains_paywalled_content":false,"_jetpack_memberships_contains_paid_content":false,"footnotes":"","jetpack_publicize_message":"","jetpack_publicize_feature_enabled":true,"jetpack_social_post_already_shared":true,"jetpack_social_options":{"image_generator_settings":{"template":"highway","default_image_id":0,"font":"","enabled":false},"version":2}},"categories":[5,109],"tags":[123],"class_list":["post-22788","post","type-post","status-publish","format-standard","hentry","category-clase-azul","category-taller-sensorial","tag-arenero"],"jetpack_publicize_connections":[],"jetpack_featured_media_url":"","jetpack_sharing_enabled":true,"jetpack_shortlink":"https:\/\/wp.me\/p4mlAA-5Vy","_links":{"self":[{"href":"https:\/\/www.alqueria.es\/blogs\/alqueriazulceleste\/wp-json\/wp\/v2\/posts\/22788","targetHints":{"allow":["GET"]}}],"collection":[{"href":"https:\/\/www.alqueria.es\/blogs\/alqueriazulceleste\/wp-json\/wp\/v2\/posts"}],"about":[{"href":"https:\/\/www.alqueria.es\/blogs\/alqueriazulceleste\/wp-json\/wp\/v2\/types\/post"}],"author":[{"embeddable":true,"href":"https:\/\/www.alqueria.es\/blogs\/alqueriazulceleste\/wp-json\/wp\/v2\/users\/28"}],"replies":[{"embeddable":true,"href":"https:\/\/www.alqueria.es\/blogs\/alqueriazulceleste\/wp-json\/wp\/v2\/comments?post=22788"}],"version-history":[{"count":3,"href":"https:\/\/www.alqueria.es\/blogs\/alqueriazulceleste\/wp-json\/wp\/v2\/posts\/22788\/revisions"}],"predecessor-version":[{"id":22799,"href":"https:\/\/www.alqueria.es\/blogs\/alqueriazulceleste\/wp-json\/wp\/v2\/posts\/22788\/revisions\/22799"}],"wp:attachment":[{"href":"https:\/\/www.alqueria.es\/blogs\/alqueriazulceleste\/wp-json\/wp\/v2\/media?parent=22788"}],"wp:term":[{"taxonomy":"category","embeddable":true,"href":"https:\/\/www.alqueria.es\/blogs\/alqueriazulceleste\/wp-json\/wp\/v2\/categories?post=22788"},{"taxonomy":"post_tag","embeddable":true,"href":"https:\/\/www.alqueria.es\/blogs\/alqueriazulceleste\/wp-json\/wp\/v2\/tags?post=22788"}],"curies":[{"name":"wp","href":"https:\/\/api.w.org\/{rel}","templated":true}]}}