{"id":23605,"date":"2021-04-19T21:09:55","date_gmt":"2021-04-19T19:09:55","guid":{"rendered":"https:\/\/www.alqueria.es\/blogs\/alqueriazulceleste\/?p=23605"},"modified":"2021-04-19T21:10:29","modified_gmt":"2021-04-19T19:10:29","slug":"inauguramos-la-semana-de-la-lectura","status":"publish","type":"post","link":"https:\/\/www.alqueria.es\/blogs\/alqueriazulceleste\/2021\/04\/19\/inauguramos-la-semana-de-la-lectura\/","title":{"rendered":"Inauguramos la Semana de la Lectura"},"content":{"rendered":"<p>Queda inaugura la Semana de la Lectura y damos del pistoletazo de salida, os avise que viene cargada de muchas actividades y talleres enfocados a fomentar la lectura.<\/p>\n<p><img decoding=\"async\" class=\"alignright wp-image-23606\" src=\"https:\/\/cloud.alqueria.es\/wp-content\/uploads\/sites\/10\/2021\/04\/aprobado-e1556009828424-300x252.png\" alt=\"\" width=\"252\" height=\"211\" srcset=\"https:\/\/cloud.alqueria.es\/wp-content\/uploads\/sites\/10\/2021\/04\/aprobado-e1556009828424-300x252.png 300w, https:\/\/cloud.alqueria.es\/wp-content\/uploads\/sites\/10\/2021\/04\/aprobado-e1556009828424.png 700w\" sizes=\"(max-width: 252px) 100vw, 252px\" \/><\/p>\n<p>&nbsp;<\/p>\n<p>Ir\u00e1n cogidos de la mano todos los recursos y estrategias, que facilitan el acercamiento de los ni\u00f1os hacia la lectura de una forma l\u00fadica y placentera.<\/p>\n<p>Ponemos rumbo al jard\u00edn, d\u00f3nde nos esperan todo el ciclo de infantil y juntos inauguramos esta semana.<\/p>\n<p>Dan paso a la compa\u00f1\u00eda Sr. Sapo con la obra \u00abVaiv\u00e9n\u00bb, un despliegue de sensaciones nos despierta el espect\u00e1culo.<\/p>\n<p>Todos los sentidos totalmente despiertos; el sonidos del mar, de los p\u00e1jaros&#8230; las pompas de jab\u00f3n, el confeti&#8230; ha sido maravilloso.<\/p>\n<p class=\"jetpack-slideshow-noscript robots-nocontent\">El pase de diapositivas requiere JavaScript.<\/p><div id=\"gallery-23605-1-slideshow\" class=\"jetpack-slideshow-window jetpack-slideshow jetpack-slideshow-black\" data-trans=\"fade\" data-autostart=\"1\" data-gallery=\"[{&quot;src&quot;:&quot;https:\\\/\\\/cloud.alqueria.es\\\/wp-content\\\/uploads\\\/sites\\\/10\\\/2021\\\/04\\\/IMG_20210419_205921.jpg&quot;,&quot;id&quot;:&quot;23612&quot;,&quot;title&quot;:&quot;IMG_20210419_205921&quot;,&quot;alt&quot;:&quot;&quot;,&quot;caption&quot;:&quot;&quot;,&quot;itemprop&quot;:&quot;image&quot;},{&quot;src&quot;:&quot;https:\\\/\\\/cloud.alqueria.es\\\/wp-content\\\/uploads\\\/sites\\\/10\\\/2021\\\/04\\\/IMG_20210419_205719.jpg&quot;,&quot;id&quot;:&quot;23611&quot;,&quot;title&quot;:&quot;IMG_20210419_205719&quot;,&quot;alt&quot;:&quot;&quot;,&quot;caption&quot;:&quot;&quot;,&quot;itemprop&quot;:&quot;image&quot;},{&quot;src&quot;:&quot;https:\\\/\\\/cloud.alqueria.es\\\/wp-content\\\/uploads\\\/sites\\\/10\\\/2021\\\/04\\\/InShot_20210419_201804751.jpg&quot;,&quot;id&quot;:&quot;23610&quot;,&quot;title&quot;:&quot;InShot_20210419_201804751&quot;,&quot;alt&quot;:&quot;&quot;,&quot;caption&quot;:&quot;&quot;,&quot;itemprop&quot;:&quot;image&quot;},{&quot;src&quot;:&quot;https:\\\/\\\/cloud.alqueria.es\\\/wp-content\\\/uploads\\\/sites\\\/10\\\/2021\\\/04\\\/IMG_20210419_210010.jpg&quot;,&quot;id&quot;:&quot;23609&quot;,&quot;title&quot;:&quot;IMG_20210419_210010&quot;,&quot;alt&quot;:&quot;&quot;,&quot;caption&quot;:&quot;&quot;,&quot;itemprop&quot;:&quot;image&quot;},{&quot;src&quot;:&quot;https:\\\/\\\/cloud.alqueria.es\\\/wp-content\\\/uploads\\\/sites\\\/10\\\/2021\\\/04\\\/IMG_20210419_205704.jpg&quot;,&quot;id&quot;:&quot;23608&quot;,&quot;title&quot;:&quot;IMG_20210419_205704&quot;,&quot;alt&quot;:&quot;&quot;,&quot;caption&quot;:&quot;&quot;,&quot;itemprop&quot;:&quot;image&quot;}]\" itemscope itemtype=\"https:\/\/schema.org\/ImageGallery\"><\/div>\n<p>Al regresar a clase hemos podido disfrutar de los cuentos que nos hab\u00e9is mandado, \u00a1estupendos!.<\/p>\n<p>Durante la semana iremos proyectando los que nos vais mandando.<\/p>\n<p>Esperamos que el pr\u00f3ximo curso, todas las familias est\u00e9is presentes en el colegio. Y, una vez m\u00e1s, gracias por grabar el cuento y por el trabajo qu\u00e9 hab\u00e9is realizado.<\/p>\n<p><img decoding=\"async\" class=\"aligncenter size-full wp-image-23613\" src=\"https:\/\/cloud.alqueria.es\/wp-content\/uploads\/sites\/10\/2021\/04\/indice.jpg\" alt=\"\" width=\"223\" height=\"226\" \/><\/p>\n<p>Pod\u00e9is tomaros un vino y descansad tranquilos pero solo por unos d\u00edas&#8230; ya mismo os mandar\u00e9 m\u00e1s deberes je je je.<\/p>\n<p>\u00a1Gracias familias!.<\/p>\n<p>&nbsp;<\/p>\n<p>Alba Cala.<\/p>\n","protected":false},"excerpt":{"rendered":"<p>Queda inaugura la Semana de la Lectura y damos del pistoletazo de salida, os avise que viene cargada de muchas actividades y talleres enfocados a fomentar la lectura. &nbsp; Ir\u00e1n cogidos de la mano todos los recursos y estrategias, que facilitan el acercamiento de los ni\u00f1os hacia la lectura de una forma l\u00fadica y placentera. &hellip; <a href=\"https:\/\/www.alqueria.es\/blogs\/alqueriazulceleste\/2021\/04\/19\/inauguramos-la-semana-de-la-lectura\/\" class=\"more-link\">Seguir leyendo <span class=\"screen-reader-text\">Inauguramos la Semana de la Lectura<\/span> <span class=\"meta-nav\">&rarr;<\/span><\/a><\/p>\n","protected":false},"author":28,"featured_media":0,"comment_status":"open","ping_status":"open","sticky":false,"template":"","format":"standard","meta":{"jetpack_post_was_ever_published":false,"_jetpack_newsletter_access":"","_jetpack_dont_email_post_to_subs":false,"_jetpack_newsletter_tier_id":0,"_jetpack_memberships_contains_paywalled_content":false,"_jetpack_memberships_contains_paid_content":false,"footnotes":"","jetpack_publicize_message":"","jetpack_publicize_feature_enabled":true,"jetpack_social_post_already_shared":true,"jetpack_social_options":{"image_generator_settings":{"template":"highway","default_image_id":0,"font":"","enabled":false},"version":2}},"categories":[5],"tags":[91,56,133],"class_list":["post-23605","post","type-post","status-publish","format-standard","hentry","category-clase-azul","tag-lectura-de-cuentos","tag-semana-de-la-lectura","tag-teatro"],"jetpack_publicize_connections":[],"jetpack_featured_media_url":"","jetpack_sharing_enabled":true,"jetpack_shortlink":"https:\/\/wp.me\/p4mlAA-68J","_links":{"self":[{"href":"https:\/\/www.alqueria.es\/blogs\/alqueriazulceleste\/wp-json\/wp\/v2\/posts\/23605","targetHints":{"allow":["GET"]}}],"collection":[{"href":"https:\/\/www.alqueria.es\/blogs\/alqueriazulceleste\/wp-json\/wp\/v2\/posts"}],"about":[{"href":"https:\/\/www.alqueria.es\/blogs\/alqueriazulceleste\/wp-json\/wp\/v2\/types\/post"}],"author":[{"embeddable":true,"href":"https:\/\/www.alqueria.es\/blogs\/alqueriazulceleste\/wp-json\/wp\/v2\/users\/28"}],"replies":[{"embeddable":true,"href":"https:\/\/www.alqueria.es\/blogs\/alqueriazulceleste\/wp-json\/wp\/v2\/comments?post=23605"}],"version-history":[{"count":4,"href":"https:\/\/www.alqueria.es\/blogs\/alqueriazulceleste\/wp-json\/wp\/v2\/posts\/23605\/revisions"}],"predecessor-version":[{"id":23616,"href":"https:\/\/www.alqueria.es\/blogs\/alqueriazulceleste\/wp-json\/wp\/v2\/posts\/23605\/revisions\/23616"}],"wp:attachment":[{"href":"https:\/\/www.alqueria.es\/blogs\/alqueriazulceleste\/wp-json\/wp\/v2\/media?parent=23605"}],"wp:term":[{"taxonomy":"category","embeddable":true,"href":"https:\/\/www.alqueria.es\/blogs\/alqueriazulceleste\/wp-json\/wp\/v2\/categories?post=23605"},{"taxonomy":"post_tag","embeddable":true,"href":"https:\/\/www.alqueria.es\/blogs\/alqueriazulceleste\/wp-json\/wp\/v2\/tags?post=23605"}],"curies":[{"name":"wp","href":"https:\/\/api.w.org\/{rel}","templated":true}]}}