{"id":23891,"date":"2021-05-27T22:56:32","date_gmt":"2021-05-27T20:56:32","guid":{"rendered":"https:\/\/www.alqueria.es\/blogs\/alqueriazulceleste\/?p=23891"},"modified":"2021-05-27T22:56:32","modified_gmt":"2021-05-27T20:56:32","slug":"cumpleanos-feliz-30","status":"publish","type":"post","link":"https:\/\/www.alqueria.es\/blogs\/alqueriazulceleste\/2021\/05\/27\/cumpleanos-feliz-30\/","title":{"rendered":"Cumplea\u00f1os feliz"},"content":{"rendered":"<p>Mientras m\u00e1s alta sea la torre, mejor. As\u00ed nos divertimos m\u00e1s cuando cae.<img decoding=\"async\" class=\"alignright size-thumbnail wp-image-23892\" src=\"https:\/\/cloud.alqueria.es\/wp-content\/uploads\/sites\/10\/2021\/05\/IMG_20210527_140005-150x150.jpg\" alt=\"\" width=\"150\" height=\"150\" \/><\/p>\n<p>Nos preparamos para la fiesta de cumplea\u00f1os, nuestra compa\u00f1era de la clase amarilla, Isabella, cumple 2 a\u00f1os, \u00a1muchas felicidades!.<\/p>\n<p>Realizamos un dibujo con todo nuestro cari\u00f1o para regal\u00e1rselo, le cantamos el cumplea\u00f1os feliz, devoramos el bizcocho y al ritmo de la m\u00fasica festejamos el cumple.<img decoding=\"async\" class=\"alignleft size-thumbnail wp-image-23893\" src=\"https:\/\/cloud.alqueria.es\/wp-content\/uploads\/sites\/10\/2021\/05\/IMG_20210527_140057-150x150.jpg\" alt=\"\" width=\"150\" height=\"150\" \/><\/p>\n<p>Entre globos y pompas de jab\u00f3n pasamos una ma\u00f1ana de lo m\u00e1s entretenida, en la clase y en la terraza.<\/p>\n<p>Y disfrutando junto con los compa\u00f1eros de la clase amarilla, la alegr\u00eda se multiplica.<img decoding=\"async\" class=\"alignleft size-thumbnail wp-image-23894\" src=\"https:\/\/cloud.alqueria.es\/wp-content\/uploads\/sites\/10\/2021\/05\/IMG_20210527_140308-150x150.jpg\" alt=\"\" width=\"150\" height=\"150\" \/><\/p>\n<p>Ma\u00f1ana tenemos un d\u00eda especial, como ya sab\u00e9is, tendremos una jornada estupenda, picnic en el jard\u00edn, juegos y actividades en el patio y alguna que otra sorpresa.<\/p>\n<p>Os aseguro que vamos a exprimir cada minuto para amenizar el viernes.<\/p>\n<p>\u00a1Que no me vaya a faltar nadie ma\u00f1ana!.<\/p>\n<p>En la medida de lo posible si pod\u00e9is ponerle ropa a la que no le teng\u00e1is mucho aprecio y sea c\u00f3moda, mejor.<img decoding=\"async\" class=\"alignright size-thumbnail wp-image-23895\" src=\"https:\/\/cloud.alqueria.es\/wp-content\/uploads\/sites\/10\/2021\/05\/IMG_20210527_140745-150x150.jpg\" alt=\"\" width=\"150\" height=\"150\" \/><\/p>\n<p>Qu\u00e9 ganas de que llegue ma\u00f1ana, pienso pas\u00e1rmelo igual de bien que ellos.<\/p>\n<p>Abrazo fuerte y hasta ma\u00f1ana.<\/p>\n<p>Pd: hoy con la fiesta de cumplea\u00f1os no hemos podido seguir con el taller de \u00abbolsas sensoriales\u00bb. La semana que viene sin falta.<\/p>\n<p>Alba Cala.<\/p>\n","protected":false},"excerpt":{"rendered":"<p>Mientras m\u00e1s alta sea la torre, mejor. As\u00ed nos divertimos m\u00e1s cuando cae. Nos preparamos para la fiesta de cumplea\u00f1os, nuestra compa\u00f1era de la clase amarilla, Isabella, cumple 2 a\u00f1os, \u00a1muchas felicidades!. Realizamos un dibujo con todo nuestro cari\u00f1o para regal\u00e1rselo, le cantamos el cumplea\u00f1os feliz, devoramos el bizcocho y al ritmo de la m\u00fasica &hellip; <a href=\"https:\/\/www.alqueria.es\/blogs\/alqueriazulceleste\/2021\/05\/27\/cumpleanos-feliz-30\/\" class=\"more-link\">Seguir leyendo <span class=\"screen-reader-text\">Cumplea\u00f1os feliz<\/span> <span class=\"meta-nav\">&rarr;<\/span><\/a><\/p>\n","protected":false},"author":28,"featured_media":0,"comment_status":"open","ping_status":"open","sticky":false,"template":"","format":"standard","meta":{"jetpack_post_was_ever_published":false,"_jetpack_newsletter_access":"","_jetpack_dont_email_post_to_subs":false,"_jetpack_newsletter_tier_id":0,"_jetpack_memberships_contains_paywalled_content":false,"_jetpack_memberships_contains_paid_content":false,"footnotes":"","jetpack_publicize_message":"","jetpack_publicize_feature_enabled":true,"jetpack_social_post_already_shared":true,"jetpack_social_options":{"image_generator_settings":{"template":"highway","default_image_id":0,"font":"","enabled":false},"version":2}},"categories":[5],"tags":[148,51],"class_list":["post-23891","post","type-post","status-publish","format-standard","hentry","category-clase-azul","tag-fiesta-de-cumpleanos","tag-motricidad-fina"],"jetpack_publicize_connections":[],"jetpack_featured_media_url":"","jetpack_sharing_enabled":true,"jetpack_shortlink":"https:\/\/wp.me\/p4mlAA-6dl","_links":{"self":[{"href":"https:\/\/www.alqueria.es\/blogs\/alqueriazulceleste\/wp-json\/wp\/v2\/posts\/23891","targetHints":{"allow":["GET"]}}],"collection":[{"href":"https:\/\/www.alqueria.es\/blogs\/alqueriazulceleste\/wp-json\/wp\/v2\/posts"}],"about":[{"href":"https:\/\/www.alqueria.es\/blogs\/alqueriazulceleste\/wp-json\/wp\/v2\/types\/post"}],"author":[{"embeddable":true,"href":"https:\/\/www.alqueria.es\/blogs\/alqueriazulceleste\/wp-json\/wp\/v2\/users\/28"}],"replies":[{"embeddable":true,"href":"https:\/\/www.alqueria.es\/blogs\/alqueriazulceleste\/wp-json\/wp\/v2\/comments?post=23891"}],"version-history":[{"count":1,"href":"https:\/\/www.alqueria.es\/blogs\/alqueriazulceleste\/wp-json\/wp\/v2\/posts\/23891\/revisions"}],"predecessor-version":[{"id":23896,"href":"https:\/\/www.alqueria.es\/blogs\/alqueriazulceleste\/wp-json\/wp\/v2\/posts\/23891\/revisions\/23896"}],"wp:attachment":[{"href":"https:\/\/www.alqueria.es\/blogs\/alqueriazulceleste\/wp-json\/wp\/v2\/media?parent=23891"}],"wp:term":[{"taxonomy":"category","embeddable":true,"href":"https:\/\/www.alqueria.es\/blogs\/alqueriazulceleste\/wp-json\/wp\/v2\/categories?post=23891"},{"taxonomy":"post_tag","embeddable":true,"href":"https:\/\/www.alqueria.es\/blogs\/alqueriazulceleste\/wp-json\/wp\/v2\/tags?post=23891"}],"curies":[{"name":"wp","href":"https:\/\/api.w.org\/{rel}","templated":true}]}}