{"id":23935,"date":"2021-06-07T21:57:28","date_gmt":"2021-06-07T19:57:28","guid":{"rendered":"https:\/\/www.alqueria.es\/blogs\/alqueriazulceleste\/?p=23935"},"modified":"2021-06-07T21:57:28","modified_gmt":"2021-06-07T19:57:28","slug":"taller-sensorial-22","status":"publish","type":"post","link":"https:\/\/www.alqueria.es\/blogs\/alqueriazulceleste\/2021\/06\/07\/taller-sensorial-22\/","title":{"rendered":"Taller sensorial"},"content":{"rendered":"<p>\u00bfHab\u00e9is aprovechado estos d\u00edas de descanso? parece que casi todos los peques vienen con muchas ganas y alegr\u00eda.<\/p>\n<p>Comenzamos con el cesto de los tesoros para inaugurar otra semana, y como no pod\u00eda faltar, el cepillo de dientes sigue siendo el protagonista.<img decoding=\"async\" class=\"alignright size-thumbnail wp-image-23936\" src=\"https:\/\/cloud.alqueria.es\/wp-content\/uploads\/sites\/10\/2021\/06\/IMG_20210607_214944-150x150.jpg\" alt=\"\" width=\"150\" height=\"150\" \/><\/p>\n<p>Nos espera una fresquita sand\u00eda que en un abrir y cerrar de ojos, se acaba. \u00bfLos tra\u00e9is desayunados al cole, verdad? es broma, con lo rica que est\u00e1, yo tambi\u00e9n ser\u00eda la primera en repetir varias veces.<\/p>\n<p>Bajamos de forma ordenada al patio, aunque nos ha costado bajar las escaleras (despu\u00e9s de tantos d\u00edas&#8230;) de un lado a otro y cada uno con sus preferencias, disfrutan a sus anchas.<img decoding=\"async\" class=\"alignleft size-thumbnail wp-image-23937\" src=\"https:\/\/cloud.alqueria.es\/wp-content\/uploads\/sites\/10\/2021\/06\/IMG_20210607_215038-150x150.jpg\" alt=\"\" width=\"150\" height=\"150\" \/><\/p>\n<p>Cada vez que pasa un helic\u00f3ptero lo saludamos en\u00e9rgicamente. Incluso desde clase lo escuchamos y, por supuesto, saludamos.<\/p>\n<p>De o\u00eddo vamos bastante finos.<img decoding=\"async\" class=\"alignleft size-thumbnail wp-image-23938\" src=\"https:\/\/cloud.alqueria.es\/wp-content\/uploads\/sites\/10\/2021\/06\/IMG_20210607_215114-150x150.jpg\" alt=\"\" width=\"150\" height=\"150\" \/><\/p>\n<p>Una vez llegamos a clase, tenemos taller sensorial, varias texturas para la estimulaci\u00f3n t\u00e1ctil.<\/p>\n<p>Los ni\u00f1os exploran y aprenden sobre el mundo que los rodea, usando sus sentidos. A trav\u00e9s de ellos comprenden las cosas, como por ejemplo, mediante el sentido del tacto.<\/p>\n<p>Manipulan las texturas, c\u00f3mo se sienten al tacto: duro, blando, h\u00famedo, etc.<\/p>\n<p>Teniendo en cuenta que el desarrollo cerebral de los ni\u00f1os depende en gran medida de la cantidad y calidad de est\u00edmulos que reciben desde edad temprana. Un ni\u00f1o expuesto a texturas tiene m\u00e1s posibilidades de hacer conexiones neuronales que le van a ayudar a su desarrollo f\u00edsico, cognitivo y emocional.<img decoding=\"async\" class=\"alignright size-thumbnail wp-image-23939\" src=\"https:\/\/cloud.alqueria.es\/wp-content\/uploads\/sites\/10\/2021\/06\/IMG_20210607_215211-150x150.jpg\" alt=\"\" width=\"150\" height=\"150\" \/><\/p>\n<p>As\u00ed que&#8230; \u00a1a experimentar!. Ha habido material rugoso, liso, \u00e1spero y suave. El que m\u00e1s han manipulado ha sido el rugoso.<\/p>\n<p>Os voy avisando con mucha antelaci\u00f3n (aunque siempre hab\u00e9is superado con creces las expectativas, GRACIAS), de la fiesta de fin de curso (22 de Junio) que iremos disfrazados, la tem\u00e1tica es: personajes fant\u00e1sticos. Os lo ir\u00e9 recordando llegada la fecha, no os preocup\u00e9is.<\/p>\n<p>Disfraces reciclados, hechos por vosotros, de la prima hermana por parte de padre, de vosotros cuando \u00abmozuelos\u00bb, todo vale.<img decoding=\"async\" class=\"alignleft size-thumbnail wp-image-23940\" src=\"https:\/\/cloud.alqueria.es\/wp-content\/uploads\/sites\/10\/2021\/06\/descarga-150x150.jpeg\" alt=\"\" width=\"150\" height=\"150\" srcset=\"https:\/\/cloud.alqueria.es\/wp-content\/uploads\/sites\/10\/2021\/06\/descarga-150x150.jpeg 150w, https:\/\/cloud.alqueria.es\/wp-content\/uploads\/sites\/10\/2021\/06\/descarga.jpeg 224w\" sizes=\"(max-width: 150px) 100vw, 150px\" \/><\/p>\n<p>Ser\u00e1 un d\u00eda estupendo cargado de actividades y sorpresas, a la par, que bastante emotivo.<\/p>\n<p>Os espero ma\u00f1ana, un abrazo.<\/p>\n<p>Alba Cala.<\/p>\n","protected":false},"excerpt":{"rendered":"<p>\u00bfHab\u00e9is aprovechado estos d\u00edas de descanso? parece que casi todos los peques vienen con muchas ganas y alegr\u00eda. Comenzamos con el cesto de los tesoros para inaugurar otra semana, y como no pod\u00eda faltar, el cepillo de dientes sigue siendo el protagonista. Nos espera una fresquita sand\u00eda que en un abrir y cerrar de ojos, &hellip; <a href=\"https:\/\/www.alqueria.es\/blogs\/alqueriazulceleste\/2021\/06\/07\/taller-sensorial-22\/\" class=\"more-link\">Seguir leyendo <span class=\"screen-reader-text\">Taller sensorial<\/span> <span class=\"meta-nav\">&rarr;<\/span><\/a><\/p>\n","protected":false},"author":28,"featured_media":0,"comment_status":"open","ping_status":"open","sticky":false,"template":"","format":"standard","meta":{"jetpack_post_was_ever_published":false,"_jetpack_newsletter_access":"","_jetpack_dont_email_post_to_subs":false,"_jetpack_newsletter_tier_id":0,"_jetpack_memberships_contains_paywalled_content":false,"_jetpack_memberships_contains_paid_content":false,"footnotes":"","jetpack_publicize_message":"","jetpack_publicize_feature_enabled":true,"jetpack_social_post_already_shared":true,"jetpack_social_options":{"image_generator_settings":{"template":"highway","default_image_id":0,"font":"","enabled":false},"version":2}},"categories":[5],"tags":[130,128,37],"class_list":["post-23935","post","type-post","status-publish","format-standard","hentry","category-clase-azul","tag-cestos-de-los-tesoros","tag-patio","tag-taller-sensorial"],"jetpack_publicize_connections":[],"jetpack_featured_media_url":"","jetpack_sharing_enabled":true,"jetpack_shortlink":"https:\/\/wp.me\/p4mlAA-6e3","_links":{"self":[{"href":"https:\/\/www.alqueria.es\/blogs\/alqueriazulceleste\/wp-json\/wp\/v2\/posts\/23935","targetHints":{"allow":["GET"]}}],"collection":[{"href":"https:\/\/www.alqueria.es\/blogs\/alqueriazulceleste\/wp-json\/wp\/v2\/posts"}],"about":[{"href":"https:\/\/www.alqueria.es\/blogs\/alqueriazulceleste\/wp-json\/wp\/v2\/types\/post"}],"author":[{"embeddable":true,"href":"https:\/\/www.alqueria.es\/blogs\/alqueriazulceleste\/wp-json\/wp\/v2\/users\/28"}],"replies":[{"embeddable":true,"href":"https:\/\/www.alqueria.es\/blogs\/alqueriazulceleste\/wp-json\/wp\/v2\/comments?post=23935"}],"version-history":[{"count":1,"href":"https:\/\/www.alqueria.es\/blogs\/alqueriazulceleste\/wp-json\/wp\/v2\/posts\/23935\/revisions"}],"predecessor-version":[{"id":23941,"href":"https:\/\/www.alqueria.es\/blogs\/alqueriazulceleste\/wp-json\/wp\/v2\/posts\/23935\/revisions\/23941"}],"wp:attachment":[{"href":"https:\/\/www.alqueria.es\/blogs\/alqueriazulceleste\/wp-json\/wp\/v2\/media?parent=23935"}],"wp:term":[{"taxonomy":"category","embeddable":true,"href":"https:\/\/www.alqueria.es\/blogs\/alqueriazulceleste\/wp-json\/wp\/v2\/categories?post=23935"},{"taxonomy":"post_tag","embeddable":true,"href":"https:\/\/www.alqueria.es\/blogs\/alqueriazulceleste\/wp-json\/wp\/v2\/tags?post=23935"}],"curies":[{"name":"wp","href":"https:\/\/api.w.org\/{rel}","templated":true}]}}